{"id":7077,"date":"2025-09-30T01:29:28","date_gmt":"2025-09-30T07:29:28","guid":{"rendered":"https:\/\/stereovisiondedios.com\/?p=7077"},"modified":"2025-09-30T01:29:28","modified_gmt":"2025-09-30T07:29:28","slug":"cristianos-musulmanes-y-judios-rechazan-el-proyecto-de-ley-de-eutanasia-en-chile","status":"publish","type":"post","link":"https:\/\/stereovisiondedios.com\/?p=7077","title":{"rendered":"Cristianos, musulmanes y jud\u00edos rechazan el proyecto de ley de eutanasia en Chile"},"content":{"rendered":"<p><br \/>\n<\/p>\n<div>\n<p><strong>Las Iglesias Evang\u00e9licas y Protestantes junto a la Cat\u00f3lica, Ortodoxa y la Comunidad Jud\u00eda y Musulmana difundieron una declaraci\u00f3n conjunta en la que objetan el proyecto de ley que busca regular la eutanasia en Chile, actualmente en tramitaci\u00f3n en el Congreso.<\/strong><\/p>\n<p>En el documento, se resalta que <strong>\u201cla vida humana es sagrada e inviolable en todas sus etapas\u201d <\/strong>y que, por lo tanto, \u00abcualquier intento para legalizar la eutanasia vulnera derechos humanos esenciales y contradice la tradici\u00f3n judeocristiana, as\u00ed como los valores \u00e9ticos compartidos por nuestras creencias. <strong>No somos due\u00f1os de la vida; somos custodios de un don sagrado que debe ser protegido hasta su fin natural<\/strong>\u201d.<\/p>\n<p>En el escrito tambi\u00e9n se recuerda el juramento hipocr\u00e1tico: \u201cJam\u00e1s dar\u00e9 a nadie medicamento mortal, por mucho que me soliciten\u201d y a\u00f1ade que \u201c<strong>cualquier forma de eutanasia es asesinato<\/strong> y contraria a la dignidad humana y al respeto a Dios, el Creador\u201d, haciendo referencia a \u201cNo matar\u00e1s\u201d, escrito en \u00c9xodo 20:13.<\/p>\n<p>El texto cita La Tor\u00e1 y el Talmud, que proh\u00edben toda forma de homicidio. En cuanto a el Cor\u00e1n, se explica que la gravedad de quitar una vida es igual a \u201cla destrucci\u00f3n de toda la humanidad\u201d, dejando claro que el Islam afirma que la vida es una confianza divina que solo Dios puede quitar.<\/p>\n<div style=\"font-size:16px;color:#83979d;\" class=\"text-right photo-info-content\"><span class=\"photo-info\"><strong><span>&gt;&gt;&gt;&gt;&gt;\u00a0<\/span><\/strong><em>Sigue el <a href=\"https:\/\/whatsapp.com\/channel\/0029VbBbpCrGpLHHil73qg0r\" target=\"_blank\"><strong>Canal de Evang\u00e9lico Digital en WhatsApp<\/strong><\/a>, actualizado al minuto con los art\u00edculos y noticias publicados<\/em><\/span> <\/div>\n<p>Por otra parte, el <a href=\"https:\/\/www.iglesia.cl\/documentos_sac\/26092025_1156am_68d6a9967e679.pdf\" target=\"_blank\">documento<\/a> advierte sobre como <strong>esta medida afectar\u00eda a los adultos mayores y enfermos terminales<\/strong>, quienes ya sufren las consecuencias de la \u201ccultura del descarte\u201d.<\/p>\n<p>Denuncian que, con esta ley, <strong>se reforzar\u00eda la idea de que las personas con estas edades o con enfermedades terminales \u201cson una carga\u201d<\/strong>, opiniones contrarias al significado de dignidad humana.<\/p>\n<p>Finalmente exhortaron al Parlamento a rechazar la eutanasia y, en su lugar, legislar en torno a cuidados paliativos integrales que garanticen un acompa\u00f1amiento especial. \u201cLa vida es un don sagrado que debe ser protegido hasta su fin natural, y apelamos a la raz\u00f3n, la fe y la compasi\u00f3n para guiar la decisi\u00f3n legislativa\u201d, resaltaron.<\/p>\n<p>Hicieron un llamado a senadores y diputados a \u201crechazar cualquier iniciativa que legalice la eutanasia o el suicidio asistido\u201d, apelando tanto a los valores \u00e9ticos y religiosos, como a los principios consagrados en la Constituci\u00f3n y los Derechos Humanos de protecci\u00f3n de la vida.<\/p>\n<\/p><\/div>\n<p>\n          Publicado en: <span class=\"text-turquoise\"> <a href=\"https:\/\/www.evangelicodigital.com\">EVANG\u00c9LICO DIGITAL<\/a> &#8211; <a href=\"https:\/\/www.evangelicodigital.com\/latinoamerica\">LATINOAM\u00c9RICA<\/a><\/span><br \/>\n          &#8211; Cristianos, musulmanes y jud\u00edos rechazan el proyecto de ley de eutanasia en Chile\n        <\/p>\n<p><br \/>\n<br \/><a href=\"https:\/\/www.evangelicodigital.com\/latinoamerica\/38357\/cristianos-musulmanes-y-judios-rechazan-proyecto-de-ley-de-eutanasia-en-chile\">Source link <\/a><\/p>\n","protected":false},"excerpt":{"rendered":"<p>Las Iglesias Evang\u00e9licas y Protestantes junto a la Cat\u00f3lica, Ortodoxa y la Comunidad Jud\u00eda y Musulmana difundieron una declaraci\u00f3n conjunta en la que objetan el proyecto de ley que busca regular la eutanasia en Chile, actualmente en tramitaci\u00f3n en el Congreso. En el documento, se resalta que \u201cla vida humana es sagrada e inviolable en [&hellip;]<\/p>\n","protected":false},"author":2,"featured_media":0,"comment_status":"","ping_status":"open","sticky":false,"template":"","format":"standard","meta":{"fifu_image_url":"","fifu_image_alt":"","footnotes":""},"categories":[1],"tags":[],"class_list":["post-7077","post","type-post","status-publish","format-standard","hentry","category-nexopost"],"yoast_head":"<!-- This site is optimized with the Yoast SEO Premium plugin v25.7.1 (Yoast SEO v26.5) - https:\/\/yoast.com\/wordpress\/plugins\/seo\/ -->\n<title>Cristianos, musulmanes y jud\u00edos rechazan el proyecto de ley de eutanasia en Chile - Stereo Visi\u00f3n de Dios<\/title>\n<meta name=\"robots\" content=\"index, follow, max-snippet:-1, max-image-preview:large, max-video-preview:-1\" \/>\n<link rel=\"canonical\" href=\"https:\/\/stereovisiondedios.com\/?p=7077\" \/>\n<meta property=\"og:locale\" content=\"es_ES\" \/>\n<meta property=\"og:type\" content=\"article\" \/>\n<meta property=\"og:title\" content=\"Cristianos, musulmanes y jud\u00edos rechazan el proyecto de ley de eutanasia en Chile\" \/>\n<meta property=\"og:description\" content=\"Las Iglesias Evang\u00e9licas y Protestantes junto a la Cat\u00f3lica, Ortodoxa y la Comunidad Jud\u00eda y Musulmana difundieron una declaraci\u00f3n conjunta en la que objetan el proyecto de ley que busca regular la eutanasia en Chile, actualmente en tramitaci\u00f3n en el Congreso. En el documento, se resalta que \u201cla vida humana es sagrada e inviolable en [&hellip;]\" \/>\n<meta property=\"og:url\" content=\"https:\/\/stereovisiondedios.com\/?p=7077\" \/>\n<meta property=\"og:site_name\" content=\"Stereo Visi\u00f3n de Dios\" \/>\n<meta property=\"article:publisher\" content=\"https:\/\/www.facebook.com\/visiondedios106.9fm\" \/>\n<meta property=\"article:published_time\" content=\"2025-09-30T07:29:28+00:00\" \/>\n<meta name=\"author\" content=\"NexoRadio\" \/>\n<meta name=\"twitter:card\" content=\"summary_large_image\" \/>\n<meta name=\"twitter:label1\" content=\"Escrito por\" \/>\n\t<meta name=\"twitter:data1\" content=\"NexoRadio\" \/>\n\t<meta name=\"twitter:label2\" content=\"Tiempo de lectura\" \/>\n\t<meta name=\"twitter:data2\" content=\"2 minutos\" \/>\n<script type=\"application\/ld+json\" class=\"yoast-schema-graph\">{\"@context\":\"https:\/\/schema.org\",\"@graph\":[{\"@type\":\"Article\",\"@id\":\"https:\/\/stereovisiondedios.com\/?p=7077#article\",\"isPartOf\":{\"@id\":\"https:\/\/stereovisiondedios.com\/?p=7077\"},\"author\":{\"name\":\"NexoRadio\",\"@id\":\"https:\/\/stereovisiondedios.com\/#\/schema\/person\/32b4d07d90fc8962809b81993562e343\"},\"headline\":\"Cristianos, musulmanes y jud\u00edos rechazan el proyecto de ley de eutanasia en Chile\",\"datePublished\":\"2025-09-30T07:29:28+00:00\",\"mainEntityOfPage\":{\"@id\":\"https:\/\/stereovisiondedios.com\/?p=7077\"},\"wordCount\":456,\"publisher\":{\"@id\":\"https:\/\/stereovisiondedios.com\/#organization\"},\"articleSection\":[\"NexoPost\"],\"inLanguage\":\"es\"},{\"@type\":\"WebPage\",\"@id\":\"https:\/\/stereovisiondedios.com\/?p=7077\",\"url\":\"https:\/\/stereovisiondedios.com\/?p=7077\",\"name\":\"Cristianos, musulmanes y jud\u00edos rechazan el proyecto de ley de eutanasia en Chile - Stereo Visi\u00f3n de Dios\",\"isPartOf\":{\"@id\":\"https:\/\/stereovisiondedios.com\/#website\"},\"datePublished\":\"2025-09-30T07:29:28+00:00\",\"breadcrumb\":{\"@id\":\"https:\/\/stereovisiondedios.com\/?p=7077#breadcrumb\"},\"inLanguage\":\"es\",\"potentialAction\":[{\"@type\":\"ReadAction\",\"target\":[\"https:\/\/stereovisiondedios.com\/?p=7077\"]}]},{\"@type\":\"BreadcrumbList\",\"@id\":\"https:\/\/stereovisiondedios.com\/?p=7077#breadcrumb\",\"itemListElement\":[{\"@type\":\"ListItem\",\"position\":1,\"name\":\"Home\",\"item\":\"https:\/\/stereovisiondedios.com\/\"},{\"@type\":\"ListItem\",\"position\":2,\"name\":\"Cristianos, musulmanes y jud\u00edos rechazan el proyecto de ley de eutanasia en Chile\"}]},{\"@type\":\"WebSite\",\"@id\":\"https:\/\/stereovisiondedios.com\/#website\",\"url\":\"https:\/\/stereovisiondedios.com\/\",\"name\":\"Stereo Visi\u00f3n de Dios\",\"description\":\"Conectate...\",\"publisher\":{\"@id\":\"https:\/\/stereovisiondedios.com\/#organization\"},\"potentialAction\":[{\"@type\":\"SearchAction\",\"target\":{\"@type\":\"EntryPoint\",\"urlTemplate\":\"https:\/\/stereovisiondedios.com\/?s={search_term_string}\"},\"query-input\":{\"@type\":\"PropertyValueSpecification\",\"valueRequired\":true,\"valueName\":\"search_term_string\"}}],\"inLanguage\":\"es\"},{\"@type\":\"Organization\",\"@id\":\"https:\/\/stereovisiondedios.com\/#organization\",\"name\":\"Radio Stereo Visi\u00f3n de Dios\",\"url\":\"https:\/\/stereovisiondedios.com\/\",\"logo\":{\"@type\":\"ImageObject\",\"inLanguage\":\"es\",\"@id\":\"https:\/\/stereovisiondedios.com\/#\/schema\/logo\/image\/\",\"url\":\"https:\/\/stereovisiondedios.com\/wp-content\/uploads\/2024\/10\/www.fmhorizontesalta.com_.ar-5-1.png\",\"contentUrl\":\"https:\/\/stereovisiondedios.com\/wp-content\/uploads\/2024\/10\/www.fmhorizontesalta.com_.ar-5-1.png\",\"width\":555,\"height\":114,\"caption\":\"Radio Stereo Visi\u00f3n de Dios\"},\"image\":{\"@id\":\"https:\/\/stereovisiondedios.com\/#\/schema\/logo\/image\/\"},\"sameAs\":[\"https:\/\/www.facebook.com\/visiondedios106.9fm\",\"https:\/\/www.tiktok.com\/@vision_de_dios_106_9_fm\",\"https:\/\/www.youtube.com\/@radiovisiondediosstereo106.9\"]},{\"@type\":\"Person\",\"@id\":\"https:\/\/stereovisiondedios.com\/#\/schema\/person\/32b4d07d90fc8962809b81993562e343\",\"name\":\"NexoRadio\",\"image\":{\"@type\":\"ImageObject\",\"inLanguage\":\"es\",\"@id\":\"https:\/\/stereovisiondedios.com\/#\/schema\/person\/image\/\",\"url\":\"https:\/\/secure.gravatar.com\/avatar\/5c8c3ec5af674c12295d543b84fe993caada4dedbc52804dace89aa6e7f89070?s=96&d=mm&r=g\",\"contentUrl\":\"https:\/\/secure.gravatar.com\/avatar\/5c8c3ec5af674c12295d543b84fe993caada4dedbc52804dace89aa6e7f89070?s=96&d=mm&r=g\",\"caption\":\"NexoRadio\"},\"url\":\"https:\/\/stereovisiondedios.com\/?author=2\"}]}<\/script>\n<!-- \/ Yoast SEO Premium plugin. -->","yoast_head_json":{"title":"Cristianos, musulmanes y jud\u00edos rechazan el proyecto de ley de eutanasia en Chile - Stereo Visi\u00f3n de Dios","robots":{"index":"index","follow":"follow","max-snippet":"max-snippet:-1","max-image-preview":"max-image-preview:large","max-video-preview":"max-video-preview:-1"},"canonical":"https:\/\/stereovisiondedios.com\/?p=7077","og_locale":"es_ES","og_type":"article","og_title":"Cristianos, musulmanes y jud\u00edos rechazan el proyecto de ley de eutanasia en Chile","og_description":"Las Iglesias Evang\u00e9licas y Protestantes junto a la Cat\u00f3lica, Ortodoxa y la Comunidad Jud\u00eda y Musulmana difundieron una declaraci\u00f3n conjunta en la que objetan el proyecto de ley que busca regular la eutanasia en Chile, actualmente en tramitaci\u00f3n en el Congreso. En el documento, se resalta que \u201cla vida humana es sagrada e inviolable en [&hellip;]","og_url":"https:\/\/stereovisiondedios.com\/?p=7077","og_site_name":"Stereo Visi\u00f3n de Dios","article_publisher":"https:\/\/www.facebook.com\/visiondedios106.9fm","article_published_time":"2025-09-30T07:29:28+00:00","author":"NexoRadio","twitter_card":"summary_large_image","twitter_misc":{"Escrito por":"NexoRadio","Tiempo de lectura":"2 minutos"},"schema":{"@context":"https:\/\/schema.org","@graph":[{"@type":"Article","@id":"https:\/\/stereovisiondedios.com\/?p=7077#article","isPartOf":{"@id":"https:\/\/stereovisiondedios.com\/?p=7077"},"author":{"name":"NexoRadio","@id":"https:\/\/stereovisiondedios.com\/#\/schema\/person\/32b4d07d90fc8962809b81993562e343"},"headline":"Cristianos, musulmanes y jud\u00edos rechazan el proyecto de ley de eutanasia en Chile","datePublished":"2025-09-30T07:29:28+00:00","mainEntityOfPage":{"@id":"https:\/\/stereovisiondedios.com\/?p=7077"},"wordCount":456,"publisher":{"@id":"https:\/\/stereovisiondedios.com\/#organization"},"articleSection":["NexoPost"],"inLanguage":"es"},{"@type":"WebPage","@id":"https:\/\/stereovisiondedios.com\/?p=7077","url":"https:\/\/stereovisiondedios.com\/?p=7077","name":"Cristianos, musulmanes y jud\u00edos rechazan el proyecto de ley de eutanasia en Chile - Stereo Visi\u00f3n de Dios","isPartOf":{"@id":"https:\/\/stereovisiondedios.com\/#website"},"datePublished":"2025-09-30T07:29:28+00:00","breadcrumb":{"@id":"https:\/\/stereovisiondedios.com\/?p=7077#breadcrumb"},"inLanguage":"es","potentialAction":[{"@type":"ReadAction","target":["https:\/\/stereovisiondedios.com\/?p=7077"]}]},{"@type":"BreadcrumbList","@id":"https:\/\/stereovisiondedios.com\/?p=7077#breadcrumb","itemListElement":[{"@type":"ListItem","position":1,"name":"Home","item":"https:\/\/stereovisiondedios.com\/"},{"@type":"ListItem","position":2,"name":"Cristianos, musulmanes y jud\u00edos rechazan el proyecto de ley de eutanasia en Chile"}]},{"@type":"WebSite","@id":"https:\/\/stereovisiondedios.com\/#website","url":"https:\/\/stereovisiondedios.com\/","name":"Stereo Visi\u00f3n de Dios","description":"Conectate...","publisher":{"@id":"https:\/\/stereovisiondedios.com\/#organization"},"potentialAction":[{"@type":"SearchAction","target":{"@type":"EntryPoint","urlTemplate":"https:\/\/stereovisiondedios.com\/?s={search_term_string}"},"query-input":{"@type":"PropertyValueSpecification","valueRequired":true,"valueName":"search_term_string"}}],"inLanguage":"es"},{"@type":"Organization","@id":"https:\/\/stereovisiondedios.com\/#organization","name":"Radio Stereo Visi\u00f3n de Dios","url":"https:\/\/stereovisiondedios.com\/","logo":{"@type":"ImageObject","inLanguage":"es","@id":"https:\/\/stereovisiondedios.com\/#\/schema\/logo\/image\/","url":"https:\/\/stereovisiondedios.com\/wp-content\/uploads\/2024\/10\/www.fmhorizontesalta.com_.ar-5-1.png","contentUrl":"https:\/\/stereovisiondedios.com\/wp-content\/uploads\/2024\/10\/www.fmhorizontesalta.com_.ar-5-1.png","width":555,"height":114,"caption":"Radio Stereo Visi\u00f3n de Dios"},"image":{"@id":"https:\/\/stereovisiondedios.com\/#\/schema\/logo\/image\/"},"sameAs":["https:\/\/www.facebook.com\/visiondedios106.9fm","https:\/\/www.tiktok.com\/@vision_de_dios_106_9_fm","https:\/\/www.youtube.com\/@radiovisiondediosstereo106.9"]},{"@type":"Person","@id":"https:\/\/stereovisiondedios.com\/#\/schema\/person\/32b4d07d90fc8962809b81993562e343","name":"NexoRadio","image":{"@type":"ImageObject","inLanguage":"es","@id":"https:\/\/stereovisiondedios.com\/#\/schema\/person\/image\/","url":"https:\/\/secure.gravatar.com\/avatar\/5c8c3ec5af674c12295d543b84fe993caada4dedbc52804dace89aa6e7f89070?s=96&d=mm&r=g","contentUrl":"https:\/\/secure.gravatar.com\/avatar\/5c8c3ec5af674c12295d543b84fe993caada4dedbc52804dace89aa6e7f89070?s=96&d=mm&r=g","caption":"NexoRadio"},"url":"https:\/\/stereovisiondedios.com\/?author=2"}]}},"_links":{"self":[{"href":"https:\/\/stereovisiondedios.com\/index.php?rest_route=\/wp\/v2\/posts\/7077","targetHints":{"allow":["GET"]}}],"collection":[{"href":"https:\/\/stereovisiondedios.com\/index.php?rest_route=\/wp\/v2\/posts"}],"about":[{"href":"https:\/\/stereovisiondedios.com\/index.php?rest_route=\/wp\/v2\/types\/post"}],"author":[{"embeddable":true,"href":"https:\/\/stereovisiondedios.com\/index.php?rest_route=\/wp\/v2\/users\/2"}],"replies":[{"embeddable":true,"href":"https:\/\/stereovisiondedios.com\/index.php?rest_route=%2Fwp%2Fv2%2Fcomments&post=7077"}],"version-history":[{"count":0,"href":"https:\/\/stereovisiondedios.com\/index.php?rest_route=\/wp\/v2\/posts\/7077\/revisions"}],"wp:attachment":[{"href":"https:\/\/stereovisiondedios.com\/index.php?rest_route=%2Fwp%2Fv2%2Fmedia&parent=7077"}],"wp:term":[{"taxonomy":"category","embeddable":true,"href":"https:\/\/stereovisiondedios.com\/index.php?rest_route=%2Fwp%2Fv2%2Fcategories&post=7077"},{"taxonomy":"post_tag","embeddable":true,"href":"https:\/\/stereovisiondedios.com\/index.php?rest_route=%2Fwp%2Fv2%2Ftags&post=7077"}],"curies":[{"name":"wp","href":"https:\/\/api.w.org\/{rel}","templated":true}]}}