{"id":7078,"date":"2025-09-30T14:35:29","date_gmt":"2025-09-30T20:35:29","guid":{"rendered":"https:\/\/stereovisiondedios.com\/?p=7078"},"modified":"2025-09-30T14:35:29","modified_gmt":"2025-09-30T20:35:29","slug":"no-para-la-masacre-de-cristianos-en-la-republica-del-congo","status":"publish","type":"post","link":"https:\/\/stereovisiondedios.com\/?p=7078","title":{"rendered":"No para la masacre de cristianos en la Rep\u00fablica del Congo"},"content":{"rendered":"<p><br \/>\n<\/p>\n<div>\n<p><strong>Al menos 39 cristianos congole\u00f1os cristianos han sido asesinados en un ataque del Estado Isl\u00e1mico <\/strong>(Daesh, ISIS)<strong> en Lubero<\/strong>, al este del pa\u00eds, seg\u00fan anuncia la agencia Amaq, controlada por el terrorismo yihadista, que irrumpi\u00f3 en la aldea de Bandolo.<\/p>\n<p>Adem\u00e1s, la mencionada agencia se\u00f1ala que \u00ab<strong>el ataque tuvo como objetivo a cristianos dentro de sus casas<\/strong>\u00ab; y contin\u00faan informando que \u00ablos militantes quemaron alrededor de cincuenta casas cristianas y confiscaron algunas de sus pertenencias antes de huir\u00bb.<\/p>\n<p><strong>El pasado 27 de julio un ataque similar tuvo como blanco la ciudad de Komanda, en la zona de Irumu, en Ituri, dejando <a href=\"https:\/\/www.evangelicodigital.com\/mundo\/37453\/congo-43-cristianos-asesinados-mientras-oraban\" target=\"_blank\">decenas de cristianos muertos<\/a><\/strong>, entre ellos diez en la aldea de Chabi, donde tambi\u00e9n quemaron sus casas.<\/p>\n<p>Concluyen sus mensajes con el consabido \u00abAlabado sea Al\u00e1\u00bb, para dar una justificaci\u00f3n divina sus cr\u00edmenes que se enmarcan en una estrategia general de genocidio.\u00a0En declaraciones recogidas por la prensa local,<strong>\u00a0Elie Mbafumoja, funcionario congole\u00f1o, lanz\u00f3 un grito de desesperaci\u00f3n: \u00abEsto es un genocidio que est\u00e1 ocurriendo en silencio.\u00a0Ni siquiera la comunidad internacional dice nada al respecto. Hace ya once a\u00f1os que la poblaci\u00f3n es v\u00edctima de estas masacres<\/strong>. Debemos dialogar con las autoridades a todos los niveles, internacionales, nacionales, provinciales y locales, con el fin de restaurar la paz. Estamos cansados de masacres de todo tipo. Estamos cansados de enterrar a nuestros hermanos. Estamos cansados de estas matanzas\u00bb.<\/p>\n<p>Las cifras confirman su denuncia. En\u00a0julio, en Komanda, la filial del ISIS asesin\u00f3 a entre\u00a050 cristianos\u00a0durante una vigilia nocturna en la iglesia cat\u00f3lica Saint Anuarite. En\u00a0febrero, en Kasanga,\u00a070 cristianos fueron decapitados\u00a0dentro de un templo protestante. El patr\u00f3n es sistem\u00e1tico: aldeas cristianas arrasadas, iglesias destruidas, familias secuestradas.<\/p>\n<p>Organizaciones como\u00a0<strong>Open Doors<\/strong>\u00a0han advertido que <strong>se trata de una persecuci\u00f3n religiosa estructural<\/strong>. \u00abNo fue s\u00f3lo terror: fue una masacre dirigida contra cristianos, y no parar\u00e1 aqu\u00ed\u201d, subray\u00f3\u00a0Illia Djadi, analista de la ONG.<\/p>\n<p><strong>La magnitud del drama es global. Seg\u00fan los \u00faltimos reportes,\u00a0m\u00e1s de 380 millones de cristianos sufren persecuci\u00f3n por su fe en todo el mundo.<\/strong> Uno de cada siete creyentes vive hostilidad por confesar a Cristo. Los pa\u00edses que encabezan la represi\u00f3n son\u00a0Corea del Norte, Somalia, Yemen, Libia y Sud\u00e1n.<\/p>\n<\/p><\/div>\n<p>\n          Publicado en: <span class=\"text-turquoise\"> <a href=\"https:\/\/www.evangelicodigital.com\">EVANG\u00c9LICO DIGITAL<\/a> &#8211; <a href=\"https:\/\/www.evangelicodigital.com\/mundo\">MUNDO<\/a><\/span><br \/>\n          &#8211; No para la masacre de cristianos en la Rep\u00fablica del Congo\n        <\/p>\n<p><br \/>\n<br \/><a href=\"https:\/\/www.evangelicodigital.com\/mundo\/37764\/no-para-la-masacre-de-cristianos-en-la-republica-del-congo\">Source link <\/a><\/p>\n","protected":false},"excerpt":{"rendered":"<p>Al menos 39 cristianos congole\u00f1os cristianos han sido asesinados en un ataque del Estado Isl\u00e1mico (Daesh, ISIS) en Lubero, al este del pa\u00eds, seg\u00fan anuncia la agencia Amaq, controlada por el terrorismo yihadista, que irrumpi\u00f3 en la aldea de Bandolo. Adem\u00e1s, la mencionada agencia se\u00f1ala que \u00abel ataque tuvo como objetivo a cristianos dentro de [&hellip;]<\/p>\n","protected":false},"author":2,"featured_media":0,"comment_status":"","ping_status":"open","sticky":false,"template":"","format":"standard","meta":{"fifu_image_url":"","fifu_image_alt":"","footnotes":""},"categories":[1],"tags":[],"class_list":["post-7078","post","type-post","status-publish","format-standard","hentry","category-nexopost"],"yoast_head":"<!-- This site is optimized with the Yoast SEO Premium plugin v25.7.1 (Yoast SEO v26.5) - https:\/\/yoast.com\/wordpress\/plugins\/seo\/ -->\n<title>No para la masacre de cristianos en la Rep\u00fablica del Congo - Stereo Visi\u00f3n de Dios<\/title>\n<meta name=\"robots\" content=\"index, follow, max-snippet:-1, max-image-preview:large, max-video-preview:-1\" \/>\n<link rel=\"canonical\" href=\"https:\/\/stereovisiondedios.com\/?p=7078\" \/>\n<meta property=\"og:locale\" content=\"es_ES\" \/>\n<meta property=\"og:type\" content=\"article\" \/>\n<meta property=\"og:title\" content=\"No para la masacre de cristianos en la Rep\u00fablica del Congo\" \/>\n<meta property=\"og:description\" content=\"Al menos 39 cristianos congole\u00f1os cristianos han sido asesinados en un ataque del Estado Isl\u00e1mico (Daesh, ISIS) en Lubero, al este del pa\u00eds, seg\u00fan anuncia la agencia Amaq, controlada por el terrorismo yihadista, que irrumpi\u00f3 en la aldea de Bandolo. Adem\u00e1s, la mencionada agencia se\u00f1ala que \u00abel ataque tuvo como objetivo a cristianos dentro de [&hellip;]\" \/>\n<meta property=\"og:url\" content=\"https:\/\/stereovisiondedios.com\/?p=7078\" \/>\n<meta property=\"og:site_name\" content=\"Stereo Visi\u00f3n de Dios\" \/>\n<meta property=\"article:publisher\" content=\"https:\/\/www.facebook.com\/visiondedios106.9fm\" \/>\n<meta property=\"article:published_time\" content=\"2025-09-30T20:35:29+00:00\" \/>\n<meta name=\"author\" content=\"NexoRadio\" \/>\n<meta name=\"twitter:card\" content=\"summary_large_image\" \/>\n<meta name=\"twitter:label1\" content=\"Escrito por\" \/>\n\t<meta name=\"twitter:data1\" content=\"NexoRadio\" \/>\n\t<meta name=\"twitter:label2\" content=\"Tiempo de lectura\" \/>\n\t<meta name=\"twitter:data2\" content=\"2 minutos\" \/>\n<script type=\"application\/ld+json\" class=\"yoast-schema-graph\">{\"@context\":\"https:\/\/schema.org\",\"@graph\":[{\"@type\":\"Article\",\"@id\":\"https:\/\/stereovisiondedios.com\/?p=7078#article\",\"isPartOf\":{\"@id\":\"https:\/\/stereovisiondedios.com\/?p=7078\"},\"author\":{\"name\":\"NexoRadio\",\"@id\":\"https:\/\/stereovisiondedios.com\/#\/schema\/person\/32b4d07d90fc8962809b81993562e343\"},\"headline\":\"No para la masacre de cristianos en la Rep\u00fablica del Congo\",\"datePublished\":\"2025-09-30T20:35:29+00:00\",\"mainEntityOfPage\":{\"@id\":\"https:\/\/stereovisiondedios.com\/?p=7078\"},\"wordCount\":424,\"publisher\":{\"@id\":\"https:\/\/stereovisiondedios.com\/#organization\"},\"articleSection\":[\"NexoPost\"],\"inLanguage\":\"es\"},{\"@type\":\"WebPage\",\"@id\":\"https:\/\/stereovisiondedios.com\/?p=7078\",\"url\":\"https:\/\/stereovisiondedios.com\/?p=7078\",\"name\":\"No para la masacre de cristianos en la Rep\u00fablica del Congo - Stereo Visi\u00f3n de Dios\",\"isPartOf\":{\"@id\":\"https:\/\/stereovisiondedios.com\/#website\"},\"datePublished\":\"2025-09-30T20:35:29+00:00\",\"breadcrumb\":{\"@id\":\"https:\/\/stereovisiondedios.com\/?p=7078#breadcrumb\"},\"inLanguage\":\"es\",\"potentialAction\":[{\"@type\":\"ReadAction\",\"target\":[\"https:\/\/stereovisiondedios.com\/?p=7078\"]}]},{\"@type\":\"BreadcrumbList\",\"@id\":\"https:\/\/stereovisiondedios.com\/?p=7078#breadcrumb\",\"itemListElement\":[{\"@type\":\"ListItem\",\"position\":1,\"name\":\"Home\",\"item\":\"https:\/\/stereovisiondedios.com\/\"},{\"@type\":\"ListItem\",\"position\":2,\"name\":\"No para la masacre de cristianos en la Rep\u00fablica del Congo\"}]},{\"@type\":\"WebSite\",\"@id\":\"https:\/\/stereovisiondedios.com\/#website\",\"url\":\"https:\/\/stereovisiondedios.com\/\",\"name\":\"Stereo Visi\u00f3n de Dios\",\"description\":\"Conectate...\",\"publisher\":{\"@id\":\"https:\/\/stereovisiondedios.com\/#organization\"},\"potentialAction\":[{\"@type\":\"SearchAction\",\"target\":{\"@type\":\"EntryPoint\",\"urlTemplate\":\"https:\/\/stereovisiondedios.com\/?s={search_term_string}\"},\"query-input\":{\"@type\":\"PropertyValueSpecification\",\"valueRequired\":true,\"valueName\":\"search_term_string\"}}],\"inLanguage\":\"es\"},{\"@type\":\"Organization\",\"@id\":\"https:\/\/stereovisiondedios.com\/#organization\",\"name\":\"Radio Stereo Visi\u00f3n de Dios\",\"url\":\"https:\/\/stereovisiondedios.com\/\",\"logo\":{\"@type\":\"ImageObject\",\"inLanguage\":\"es\",\"@id\":\"https:\/\/stereovisiondedios.com\/#\/schema\/logo\/image\/\",\"url\":\"https:\/\/stereovisiondedios.com\/wp-content\/uploads\/2024\/10\/www.fmhorizontesalta.com_.ar-5-1.png\",\"contentUrl\":\"https:\/\/stereovisiondedios.com\/wp-content\/uploads\/2024\/10\/www.fmhorizontesalta.com_.ar-5-1.png\",\"width\":555,\"height\":114,\"caption\":\"Radio Stereo Visi\u00f3n de Dios\"},\"image\":{\"@id\":\"https:\/\/stereovisiondedios.com\/#\/schema\/logo\/image\/\"},\"sameAs\":[\"https:\/\/www.facebook.com\/visiondedios106.9fm\",\"https:\/\/www.tiktok.com\/@vision_de_dios_106_9_fm\",\"https:\/\/www.youtube.com\/@radiovisiondediosstereo106.9\"]},{\"@type\":\"Person\",\"@id\":\"https:\/\/stereovisiondedios.com\/#\/schema\/person\/32b4d07d90fc8962809b81993562e343\",\"name\":\"NexoRadio\",\"image\":{\"@type\":\"ImageObject\",\"inLanguage\":\"es\",\"@id\":\"https:\/\/stereovisiondedios.com\/#\/schema\/person\/image\/\",\"url\":\"https:\/\/secure.gravatar.com\/avatar\/5c8c3ec5af674c12295d543b84fe993caada4dedbc52804dace89aa6e7f89070?s=96&d=mm&r=g\",\"contentUrl\":\"https:\/\/secure.gravatar.com\/avatar\/5c8c3ec5af674c12295d543b84fe993caada4dedbc52804dace89aa6e7f89070?s=96&d=mm&r=g\",\"caption\":\"NexoRadio\"},\"url\":\"https:\/\/stereovisiondedios.com\/?author=2\"}]}<\/script>\n<!-- \/ Yoast SEO Premium plugin. -->","yoast_head_json":{"title":"No para la masacre de cristianos en la Rep\u00fablica del Congo - Stereo Visi\u00f3n de Dios","robots":{"index":"index","follow":"follow","max-snippet":"max-snippet:-1","max-image-preview":"max-image-preview:large","max-video-preview":"max-video-preview:-1"},"canonical":"https:\/\/stereovisiondedios.com\/?p=7078","og_locale":"es_ES","og_type":"article","og_title":"No para la masacre de cristianos en la Rep\u00fablica del Congo","og_description":"Al menos 39 cristianos congole\u00f1os cristianos han sido asesinados en un ataque del Estado Isl\u00e1mico (Daesh, ISIS) en Lubero, al este del pa\u00eds, seg\u00fan anuncia la agencia Amaq, controlada por el terrorismo yihadista, que irrumpi\u00f3 en la aldea de Bandolo. Adem\u00e1s, la mencionada agencia se\u00f1ala que \u00abel ataque tuvo como objetivo a cristianos dentro de [&hellip;]","og_url":"https:\/\/stereovisiondedios.com\/?p=7078","og_site_name":"Stereo Visi\u00f3n de Dios","article_publisher":"https:\/\/www.facebook.com\/visiondedios106.9fm","article_published_time":"2025-09-30T20:35:29+00:00","author":"NexoRadio","twitter_card":"summary_large_image","twitter_misc":{"Escrito por":"NexoRadio","Tiempo de lectura":"2 minutos"},"schema":{"@context":"https:\/\/schema.org","@graph":[{"@type":"Article","@id":"https:\/\/stereovisiondedios.com\/?p=7078#article","isPartOf":{"@id":"https:\/\/stereovisiondedios.com\/?p=7078"},"author":{"name":"NexoRadio","@id":"https:\/\/stereovisiondedios.com\/#\/schema\/person\/32b4d07d90fc8962809b81993562e343"},"headline":"No para la masacre de cristianos en la Rep\u00fablica del Congo","datePublished":"2025-09-30T20:35:29+00:00","mainEntityOfPage":{"@id":"https:\/\/stereovisiondedios.com\/?p=7078"},"wordCount":424,"publisher":{"@id":"https:\/\/stereovisiondedios.com\/#organization"},"articleSection":["NexoPost"],"inLanguage":"es"},{"@type":"WebPage","@id":"https:\/\/stereovisiondedios.com\/?p=7078","url":"https:\/\/stereovisiondedios.com\/?p=7078","name":"No para la masacre de cristianos en la Rep\u00fablica del Congo - Stereo Visi\u00f3n de Dios","isPartOf":{"@id":"https:\/\/stereovisiondedios.com\/#website"},"datePublished":"2025-09-30T20:35:29+00:00","breadcrumb":{"@id":"https:\/\/stereovisiondedios.com\/?p=7078#breadcrumb"},"inLanguage":"es","potentialAction":[{"@type":"ReadAction","target":["https:\/\/stereovisiondedios.com\/?p=7078"]}]},{"@type":"BreadcrumbList","@id":"https:\/\/stereovisiondedios.com\/?p=7078#breadcrumb","itemListElement":[{"@type":"ListItem","position":1,"name":"Home","item":"https:\/\/stereovisiondedios.com\/"},{"@type":"ListItem","position":2,"name":"No para la masacre de cristianos en la Rep\u00fablica del Congo"}]},{"@type":"WebSite","@id":"https:\/\/stereovisiondedios.com\/#website","url":"https:\/\/stereovisiondedios.com\/","name":"Stereo Visi\u00f3n de Dios","description":"Conectate...","publisher":{"@id":"https:\/\/stereovisiondedios.com\/#organization"},"potentialAction":[{"@type":"SearchAction","target":{"@type":"EntryPoint","urlTemplate":"https:\/\/stereovisiondedios.com\/?s={search_term_string}"},"query-input":{"@type":"PropertyValueSpecification","valueRequired":true,"valueName":"search_term_string"}}],"inLanguage":"es"},{"@type":"Organization","@id":"https:\/\/stereovisiondedios.com\/#organization","name":"Radio Stereo Visi\u00f3n de Dios","url":"https:\/\/stereovisiondedios.com\/","logo":{"@type":"ImageObject","inLanguage":"es","@id":"https:\/\/stereovisiondedios.com\/#\/schema\/logo\/image\/","url":"https:\/\/stereovisiondedios.com\/wp-content\/uploads\/2024\/10\/www.fmhorizontesalta.com_.ar-5-1.png","contentUrl":"https:\/\/stereovisiondedios.com\/wp-content\/uploads\/2024\/10\/www.fmhorizontesalta.com_.ar-5-1.png","width":555,"height":114,"caption":"Radio Stereo Visi\u00f3n de Dios"},"image":{"@id":"https:\/\/stereovisiondedios.com\/#\/schema\/logo\/image\/"},"sameAs":["https:\/\/www.facebook.com\/visiondedios106.9fm","https:\/\/www.tiktok.com\/@vision_de_dios_106_9_fm","https:\/\/www.youtube.com\/@radiovisiondediosstereo106.9"]},{"@type":"Person","@id":"https:\/\/stereovisiondedios.com\/#\/schema\/person\/32b4d07d90fc8962809b81993562e343","name":"NexoRadio","image":{"@type":"ImageObject","inLanguage":"es","@id":"https:\/\/stereovisiondedios.com\/#\/schema\/person\/image\/","url":"https:\/\/secure.gravatar.com\/avatar\/5c8c3ec5af674c12295d543b84fe993caada4dedbc52804dace89aa6e7f89070?s=96&d=mm&r=g","contentUrl":"https:\/\/secure.gravatar.com\/avatar\/5c8c3ec5af674c12295d543b84fe993caada4dedbc52804dace89aa6e7f89070?s=96&d=mm&r=g","caption":"NexoRadio"},"url":"https:\/\/stereovisiondedios.com\/?author=2"}]}},"_links":{"self":[{"href":"https:\/\/stereovisiondedios.com\/index.php?rest_route=\/wp\/v2\/posts\/7078","targetHints":{"allow":["GET"]}}],"collection":[{"href":"https:\/\/stereovisiondedios.com\/index.php?rest_route=\/wp\/v2\/posts"}],"about":[{"href":"https:\/\/stereovisiondedios.com\/index.php?rest_route=\/wp\/v2\/types\/post"}],"author":[{"embeddable":true,"href":"https:\/\/stereovisiondedios.com\/index.php?rest_route=\/wp\/v2\/users\/2"}],"replies":[{"embeddable":true,"href":"https:\/\/stereovisiondedios.com\/index.php?rest_route=%2Fwp%2Fv2%2Fcomments&post=7078"}],"version-history":[{"count":0,"href":"https:\/\/stereovisiondedios.com\/index.php?rest_route=\/wp\/v2\/posts\/7078\/revisions"}],"wp:attachment":[{"href":"https:\/\/stereovisiondedios.com\/index.php?rest_route=%2Fwp%2Fv2%2Fmedia&parent=7078"}],"wp:term":[{"taxonomy":"category","embeddable":true,"href":"https:\/\/stereovisiondedios.com\/index.php?rest_route=%2Fwp%2Fv2%2Fcategories&post=7078"},{"taxonomy":"post_tag","embeddable":true,"href":"https:\/\/stereovisiondedios.com\/index.php?rest_route=%2Fwp%2Fv2%2Ftags&post=7078"}],"curies":[{"name":"wp","href":"https:\/\/api.w.org\/{rel}","templated":true}]}}