{"id":7081,"date":"2025-10-02T05:42:57","date_gmt":"2025-10-02T11:42:57","guid":{"rendered":"https:\/\/stereovisiondedios.com\/?p=7081"},"modified":"2025-10-02T05:42:57","modified_gmt":"2025-10-02T11:42:57","slug":"honduras-gran-tension-con-el-embajador-israeli-y-la-confraternidad-evangelica","status":"publish","type":"post","link":"https:\/\/stereovisiondedios.com\/?p=7081","title":{"rendered":"Honduras | Gran tensi\u00f3n con el embajador israel\u00ed y la Confraternidad Evang\u00e9lica"},"content":{"rendered":"<p><br \/>\n<\/p>\n<div>\n<p><strong>La Secretar\u00eda de Relaciones Exteriores y Cooperaci\u00f3n Internacional de Honduras, expres\u00f3 su \u201cprofundo malestar\u201d por la presencia del Israel ante Honduras, Nadav Goren, quien particip\u00f3 en una actividad organizada por la Confraternidad Evang\u00e9lica en La Ceiba, Atl\u00e1ntida.<\/strong><\/p>\n<p>La actividad, organizada por la Confraternidad Evang\u00e9lica en La Ceiba, incluy\u00f3 una caminata y declaraciones que tocaron temas sensibles del acontecer nacional.<\/p>\n<p>El mensaje se\u00f1al\u00f3 que \u201cel involucramiento de un diplom\u00e1tico no solo desconoce sus limitaciones de acuerdo a los tratados internacionales, sino que se dio en un contexto donde se abordaron asuntos que competen exclusivamente al pueblo hondure\u00f1o\u201d.<\/p>\n<p><strong>\u201cSu participaci\u00f3n es interpretada como un irrespeto e injerencia en los asuntos internos del Estado de Honduras\u201d,<\/strong> se lee en la segunda parte de la publicaci\u00f3n oficial.<\/p>\n<p>Aunque la Canciller\u00eda dice estar molesta con las declaraciones de Nadav Goren , \u00e9l explic\u00f3 que su presencia se deb\u00eda a una invitaci\u00f3n formal de los organizadores, y que su intenci\u00f3n no fue inmiscuirse en temas pol\u00edticos o electorales del pa\u00eds.<\/p>\n<p><strong>Goren justific\u00f3 su asistencia al evento afirmando que su pa\u00eds mantiene relaciones constantes con diferentes expresiones religiosas en Honduras. <\/strong>\u201cSiempre, como pa\u00eds que tiene este enlace espiritual con Honduras, tenemos relaciones, actividades, con la concepci\u00f3n evang\u00e9lica, tambi\u00e9n con la Iglesia cat\u00f3lica. Es parte de nuestro trabajo, no es algo diferente\u201d, expres\u00f3.<\/p>\n<p><strong>De tel\u00f3n de fondo est\u00e1 la convocatoria de la <a href=\"https:\/\/www.evangelicodigital.com\/latinoamerica\/37279\/evangelicos-y-catolicos-convocan-historica-marcha-conjunta-por-democracia-en-honduras\" target=\"_blank\">marcha \u201cCaminamos con fe y esperanza\u201d<\/a> de la Conferencia Episcopal de y la Confraternidad Evang\u00e9lica de Honduras el pr\u00f3ximo 16 de agosto<\/strong>. El pastor Gerardo Ir\u00edas, presidente de la Confraternidad Evang\u00e9lica, y Monse\u00f1or Jos\u00e9 Vicente N\u00e1cher Tatay, arzobispo de Tegucigalpa act\u00faan en medio de un momento particularmente cr\u00edtico para Honduras, marcado por una profunda crisis institucional en el Consejo Nacional Electoral (CNE) y una creciente incertidumbre pol\u00edtica a pocos meses de los comicios generales.<\/p>\n<p>Se teme y se espera que en esa marcha, aunque se ha manifestado que ser\u00e1 de car\u00e1cter apol\u00edtico, se produzcan fuertes cr\u00edticas hacia el actual Gobierno.<\/p>\n<p>\u00a0<\/p>\n<p><strong>Por otro lado el dirigente del oficialista Partido Libertad y Refundaci\u00f3n (Libre), Miguel Brice\u00f1o, arremeti\u00f3 contra la Confraternidad Evang\u00e9lica de Honduras (CEH) y su presidente, el pastor Gerardo Ir\u00edas, luego de que este \u00faltimo declarara que \u201cLibre se convirti\u00f3 en un mal necesario que ten\u00eda que llegar al poder para sacar a un presidente\u201d<\/strong> y lo compar\u00f3 con \u201cuna carcoma que va carcomiendo poco a poco todo\u201d.<\/p>\n<p>Ir\u00edas tambi\u00e9n afirm\u00f3 que \u201cLa izquierda arrasa\u2026 hasta con el cemento\u201d, dijo el pastor, rematando con una frase que indign\u00f3 a\u00fan m\u00e1s al oficialismo: \u201cLa izquierda es el fracaso m\u00e1s grande que han tenido los pa\u00edses como Venezuela y Nicaragua\u201d.<\/p>\n<p><strong>La reacci\u00f3n de Brice\u00f1o<\/strong> fue a trav\u00e9s de su cuenta en la red social X, donde dijo \u201c\u00bfAhora entienden? Aqu\u00ed est\u00e1 la verdad, el presidente de la Confraternidad Evang\u00e9lica ataca a Libre (\u2026) <strong>Exigimos respeto, suspensi\u00f3n de la personer\u00eda jur\u00eddica a la CEH y de la iglesia que es pastor el mercenario de la fe\u201d, sentenci\u00f3 el dirigente.\u00a0<\/strong>El l\u00edder de la Confraternidad Evang\u00e9lica ha respondido que \u00abUna personer\u00eda jur\u00eddica no nos detiene para predicar\u00bb<\/p>\n<p><strong>La arremetida contra organizaciones religiosas no es un fen\u00f3meno aislado en la regi\u00f3n. En Nicaragua, bajo el r\u00e9gimen de Daniel Ortega, cientos de ministerios evang\u00e9licos han perdido su estatus legal en lo que se ha catalogado como una escalada de persecuci\u00f3n religiosa sin precedentes.<\/strong><\/p>\n<p>Tan solo en 2023, el gobierno nicarag\u00fcense cancel\u00f3 la personer\u00eda jur\u00eddica de al menos 169 entidades, entre ellas 86 organizaciones cristianas, incluyendo iglesias, misiones, fundaciones y redes pastorales. La medida dej\u00f3 a miles de fieles sin respaldo institucional y gener\u00f3 alarma en organismos internacionales de derechos humanos.<\/p>\n<p><strong>Adem\u00e1s de las cancelaciones, el r\u00e9gimen comenz\u00f3 a confiscar propiedades de las iglesias y a imponer cargas fiscales in\u00e9ditas<\/strong>. En algunos casos, se aplican impuestos de hasta un 30 % sobre las ofrendas voluntarias de los feligreses, una pr\u00e1ctica que ha sido calificada por l\u00edderes evang\u00e9licos como un \u201ccastigo pol\u00edtico por pensar diferente\u201d.<\/p>\n<\/p><\/div>\n<p>\n          Publicado en: <span class=\"text-turquoise\"> <a href=\"https:\/\/www.evangelicodigital.com\">EVANG\u00c9LICO DIGITAL<\/a> &#8211; <a href=\"https:\/\/www.evangelicodigital.com\/latinoamerica\">LATINOAM\u00c9RICA<\/a><\/span><br \/>\n          &#8211; Honduras | Gran tensi\u00f3n con el embajador israel\u00ed y la Confraternidad Evang\u00e9lica\n        <\/p>\n<p><br \/>\n<br \/><a href=\"https:\/\/www.evangelicodigital.com\/latinoamerica\/37527\/honduras-gran-tension-con-embajador-israeli-y-confraternidad-evangelica\">Source link <\/a><\/p>\n","protected":false},"excerpt":{"rendered":"<p>La Secretar\u00eda de Relaciones Exteriores y Cooperaci\u00f3n Internacional de Honduras, expres\u00f3 su \u201cprofundo malestar\u201d por la presencia del Israel ante Honduras, Nadav Goren, quien particip\u00f3 en una actividad organizada por la Confraternidad Evang\u00e9lica en La Ceiba, Atl\u00e1ntida. La actividad, organizada por la Confraternidad Evang\u00e9lica en La Ceiba, incluy\u00f3 una caminata y declaraciones que tocaron temas [&hellip;]<\/p>\n","protected":false},"author":2,"featured_media":0,"comment_status":"","ping_status":"open","sticky":false,"template":"","format":"standard","meta":{"fifu_image_url":"","fifu_image_alt":"","footnotes":""},"categories":[1],"tags":[],"class_list":["post-7081","post","type-post","status-publish","format-standard","hentry","category-nexopost"],"yoast_head":"<!-- This site is optimized with the Yoast SEO Premium plugin v25.7.1 (Yoast SEO v26.5) - https:\/\/yoast.com\/wordpress\/plugins\/seo\/ -->\n<title>Honduras | Gran tensi\u00f3n con el embajador israel\u00ed y la Confraternidad Evang\u00e9lica - Stereo Visi\u00f3n de Dios<\/title>\n<meta name=\"robots\" content=\"index, follow, max-snippet:-1, max-image-preview:large, max-video-preview:-1\" \/>\n<link rel=\"canonical\" href=\"https:\/\/stereovisiondedios.com\/?p=7081\" \/>\n<meta property=\"og:locale\" content=\"es_ES\" \/>\n<meta property=\"og:type\" content=\"article\" \/>\n<meta property=\"og:title\" content=\"Honduras | Gran tensi\u00f3n con el embajador israel\u00ed y la Confraternidad Evang\u00e9lica\" \/>\n<meta property=\"og:description\" content=\"La Secretar\u00eda de Relaciones Exteriores y Cooperaci\u00f3n Internacional de Honduras, expres\u00f3 su \u201cprofundo malestar\u201d por la presencia del Israel ante Honduras, Nadav Goren, quien particip\u00f3 en una actividad organizada por la Confraternidad Evang\u00e9lica en La Ceiba, Atl\u00e1ntida. La actividad, organizada por la Confraternidad Evang\u00e9lica en La Ceiba, incluy\u00f3 una caminata y declaraciones que tocaron temas [&hellip;]\" \/>\n<meta property=\"og:url\" content=\"https:\/\/stereovisiondedios.com\/?p=7081\" \/>\n<meta property=\"og:site_name\" content=\"Stereo Visi\u00f3n de Dios\" \/>\n<meta property=\"article:publisher\" content=\"https:\/\/www.facebook.com\/visiondedios106.9fm\" \/>\n<meta property=\"article:published_time\" content=\"2025-10-02T11:42:57+00:00\" \/>\n<meta name=\"author\" content=\"NexoRadio\" \/>\n<meta name=\"twitter:card\" content=\"summary_large_image\" \/>\n<meta name=\"twitter:label1\" content=\"Escrito por\" \/>\n\t<meta name=\"twitter:data1\" content=\"NexoRadio\" \/>\n\t<meta name=\"twitter:label2\" content=\"Tiempo de lectura\" \/>\n\t<meta name=\"twitter:data2\" content=\"4 minutos\" \/>\n<script type=\"application\/ld+json\" class=\"yoast-schema-graph\">{\"@context\":\"https:\/\/schema.org\",\"@graph\":[{\"@type\":\"Article\",\"@id\":\"https:\/\/stereovisiondedios.com\/?p=7081#article\",\"isPartOf\":{\"@id\":\"https:\/\/stereovisiondedios.com\/?p=7081\"},\"author\":{\"name\":\"NexoRadio\",\"@id\":\"https:\/\/stereovisiondedios.com\/#\/schema\/person\/32b4d07d90fc8962809b81993562e343\"},\"headline\":\"Honduras | Gran tensi\u00f3n con el embajador israel\u00ed y la Confraternidad Evang\u00e9lica\",\"datePublished\":\"2025-10-02T11:42:57+00:00\",\"mainEntityOfPage\":{\"@id\":\"https:\/\/stereovisiondedios.com\/?p=7081\"},\"wordCount\":753,\"publisher\":{\"@id\":\"https:\/\/stereovisiondedios.com\/#organization\"},\"articleSection\":[\"NexoPost\"],\"inLanguage\":\"es\"},{\"@type\":\"WebPage\",\"@id\":\"https:\/\/stereovisiondedios.com\/?p=7081\",\"url\":\"https:\/\/stereovisiondedios.com\/?p=7081\",\"name\":\"Honduras | Gran tensi\u00f3n con el embajador israel\u00ed y la Confraternidad Evang\u00e9lica - Stereo Visi\u00f3n de Dios\",\"isPartOf\":{\"@id\":\"https:\/\/stereovisiondedios.com\/#website\"},\"datePublished\":\"2025-10-02T11:42:57+00:00\",\"breadcrumb\":{\"@id\":\"https:\/\/stereovisiondedios.com\/?p=7081#breadcrumb\"},\"inLanguage\":\"es\",\"potentialAction\":[{\"@type\":\"ReadAction\",\"target\":[\"https:\/\/stereovisiondedios.com\/?p=7081\"]}]},{\"@type\":\"BreadcrumbList\",\"@id\":\"https:\/\/stereovisiondedios.com\/?p=7081#breadcrumb\",\"itemListElement\":[{\"@type\":\"ListItem\",\"position\":1,\"name\":\"Home\",\"item\":\"https:\/\/stereovisiondedios.com\/\"},{\"@type\":\"ListItem\",\"position\":2,\"name\":\"Honduras | Gran tensi\u00f3n con el embajador israel\u00ed y la Confraternidad Evang\u00e9lica\"}]},{\"@type\":\"WebSite\",\"@id\":\"https:\/\/stereovisiondedios.com\/#website\",\"url\":\"https:\/\/stereovisiondedios.com\/\",\"name\":\"Stereo Visi\u00f3n de Dios\",\"description\":\"Conectate...\",\"publisher\":{\"@id\":\"https:\/\/stereovisiondedios.com\/#organization\"},\"potentialAction\":[{\"@type\":\"SearchAction\",\"target\":{\"@type\":\"EntryPoint\",\"urlTemplate\":\"https:\/\/stereovisiondedios.com\/?s={search_term_string}\"},\"query-input\":{\"@type\":\"PropertyValueSpecification\",\"valueRequired\":true,\"valueName\":\"search_term_string\"}}],\"inLanguage\":\"es\"},{\"@type\":\"Organization\",\"@id\":\"https:\/\/stereovisiondedios.com\/#organization\",\"name\":\"Radio Stereo Visi\u00f3n de Dios\",\"url\":\"https:\/\/stereovisiondedios.com\/\",\"logo\":{\"@type\":\"ImageObject\",\"inLanguage\":\"es\",\"@id\":\"https:\/\/stereovisiondedios.com\/#\/schema\/logo\/image\/\",\"url\":\"https:\/\/stereovisiondedios.com\/wp-content\/uploads\/2024\/10\/www.fmhorizontesalta.com_.ar-5-1.png\",\"contentUrl\":\"https:\/\/stereovisiondedios.com\/wp-content\/uploads\/2024\/10\/www.fmhorizontesalta.com_.ar-5-1.png\",\"width\":555,\"height\":114,\"caption\":\"Radio Stereo Visi\u00f3n de Dios\"},\"image\":{\"@id\":\"https:\/\/stereovisiondedios.com\/#\/schema\/logo\/image\/\"},\"sameAs\":[\"https:\/\/www.facebook.com\/visiondedios106.9fm\",\"https:\/\/www.tiktok.com\/@vision_de_dios_106_9_fm\",\"https:\/\/www.youtube.com\/@radiovisiondediosstereo106.9\"]},{\"@type\":\"Person\",\"@id\":\"https:\/\/stereovisiondedios.com\/#\/schema\/person\/32b4d07d90fc8962809b81993562e343\",\"name\":\"NexoRadio\",\"image\":{\"@type\":\"ImageObject\",\"inLanguage\":\"es\",\"@id\":\"https:\/\/stereovisiondedios.com\/#\/schema\/person\/image\/\",\"url\":\"https:\/\/secure.gravatar.com\/avatar\/5c8c3ec5af674c12295d543b84fe993caada4dedbc52804dace89aa6e7f89070?s=96&d=mm&r=g\",\"contentUrl\":\"https:\/\/secure.gravatar.com\/avatar\/5c8c3ec5af674c12295d543b84fe993caada4dedbc52804dace89aa6e7f89070?s=96&d=mm&r=g\",\"caption\":\"NexoRadio\"},\"url\":\"https:\/\/stereovisiondedios.com\/?author=2\"}]}<\/script>\n<!-- \/ Yoast SEO Premium plugin. -->","yoast_head_json":{"title":"Honduras | Gran tensi\u00f3n con el embajador israel\u00ed y la Confraternidad Evang\u00e9lica - Stereo Visi\u00f3n de Dios","robots":{"index":"index","follow":"follow","max-snippet":"max-snippet:-1","max-image-preview":"max-image-preview:large","max-video-preview":"max-video-preview:-1"},"canonical":"https:\/\/stereovisiondedios.com\/?p=7081","og_locale":"es_ES","og_type":"article","og_title":"Honduras | Gran tensi\u00f3n con el embajador israel\u00ed y la Confraternidad Evang\u00e9lica","og_description":"La Secretar\u00eda de Relaciones Exteriores y Cooperaci\u00f3n Internacional de Honduras, expres\u00f3 su \u201cprofundo malestar\u201d por la presencia del Israel ante Honduras, Nadav Goren, quien particip\u00f3 en una actividad organizada por la Confraternidad Evang\u00e9lica en La Ceiba, Atl\u00e1ntida. La actividad, organizada por la Confraternidad Evang\u00e9lica en La Ceiba, incluy\u00f3 una caminata y declaraciones que tocaron temas [&hellip;]","og_url":"https:\/\/stereovisiondedios.com\/?p=7081","og_site_name":"Stereo Visi\u00f3n de Dios","article_publisher":"https:\/\/www.facebook.com\/visiondedios106.9fm","article_published_time":"2025-10-02T11:42:57+00:00","author":"NexoRadio","twitter_card":"summary_large_image","twitter_misc":{"Escrito por":"NexoRadio","Tiempo de lectura":"4 minutos"},"schema":{"@context":"https:\/\/schema.org","@graph":[{"@type":"Article","@id":"https:\/\/stereovisiondedios.com\/?p=7081#article","isPartOf":{"@id":"https:\/\/stereovisiondedios.com\/?p=7081"},"author":{"name":"NexoRadio","@id":"https:\/\/stereovisiondedios.com\/#\/schema\/person\/32b4d07d90fc8962809b81993562e343"},"headline":"Honduras | Gran tensi\u00f3n con el embajador israel\u00ed y la Confraternidad Evang\u00e9lica","datePublished":"2025-10-02T11:42:57+00:00","mainEntityOfPage":{"@id":"https:\/\/stereovisiondedios.com\/?p=7081"},"wordCount":753,"publisher":{"@id":"https:\/\/stereovisiondedios.com\/#organization"},"articleSection":["NexoPost"],"inLanguage":"es"},{"@type":"WebPage","@id":"https:\/\/stereovisiondedios.com\/?p=7081","url":"https:\/\/stereovisiondedios.com\/?p=7081","name":"Honduras | Gran tensi\u00f3n con el embajador israel\u00ed y la Confraternidad Evang\u00e9lica - Stereo Visi\u00f3n de Dios","isPartOf":{"@id":"https:\/\/stereovisiondedios.com\/#website"},"datePublished":"2025-10-02T11:42:57+00:00","breadcrumb":{"@id":"https:\/\/stereovisiondedios.com\/?p=7081#breadcrumb"},"inLanguage":"es","potentialAction":[{"@type":"ReadAction","target":["https:\/\/stereovisiondedios.com\/?p=7081"]}]},{"@type":"BreadcrumbList","@id":"https:\/\/stereovisiondedios.com\/?p=7081#breadcrumb","itemListElement":[{"@type":"ListItem","position":1,"name":"Home","item":"https:\/\/stereovisiondedios.com\/"},{"@type":"ListItem","position":2,"name":"Honduras | Gran tensi\u00f3n con el embajador israel\u00ed y la Confraternidad Evang\u00e9lica"}]},{"@type":"WebSite","@id":"https:\/\/stereovisiondedios.com\/#website","url":"https:\/\/stereovisiondedios.com\/","name":"Stereo Visi\u00f3n de Dios","description":"Conectate...","publisher":{"@id":"https:\/\/stereovisiondedios.com\/#organization"},"potentialAction":[{"@type":"SearchAction","target":{"@type":"EntryPoint","urlTemplate":"https:\/\/stereovisiondedios.com\/?s={search_term_string}"},"query-input":{"@type":"PropertyValueSpecification","valueRequired":true,"valueName":"search_term_string"}}],"inLanguage":"es"},{"@type":"Organization","@id":"https:\/\/stereovisiondedios.com\/#organization","name":"Radio Stereo Visi\u00f3n de Dios","url":"https:\/\/stereovisiondedios.com\/","logo":{"@type":"ImageObject","inLanguage":"es","@id":"https:\/\/stereovisiondedios.com\/#\/schema\/logo\/image\/","url":"https:\/\/stereovisiondedios.com\/wp-content\/uploads\/2024\/10\/www.fmhorizontesalta.com_.ar-5-1.png","contentUrl":"https:\/\/stereovisiondedios.com\/wp-content\/uploads\/2024\/10\/www.fmhorizontesalta.com_.ar-5-1.png","width":555,"height":114,"caption":"Radio Stereo Visi\u00f3n de Dios"},"image":{"@id":"https:\/\/stereovisiondedios.com\/#\/schema\/logo\/image\/"},"sameAs":["https:\/\/www.facebook.com\/visiondedios106.9fm","https:\/\/www.tiktok.com\/@vision_de_dios_106_9_fm","https:\/\/www.youtube.com\/@radiovisiondediosstereo106.9"]},{"@type":"Person","@id":"https:\/\/stereovisiondedios.com\/#\/schema\/person\/32b4d07d90fc8962809b81993562e343","name":"NexoRadio","image":{"@type":"ImageObject","inLanguage":"es","@id":"https:\/\/stereovisiondedios.com\/#\/schema\/person\/image\/","url":"https:\/\/secure.gravatar.com\/avatar\/5c8c3ec5af674c12295d543b84fe993caada4dedbc52804dace89aa6e7f89070?s=96&d=mm&r=g","contentUrl":"https:\/\/secure.gravatar.com\/avatar\/5c8c3ec5af674c12295d543b84fe993caada4dedbc52804dace89aa6e7f89070?s=96&d=mm&r=g","caption":"NexoRadio"},"url":"https:\/\/stereovisiondedios.com\/?author=2"}]}},"_links":{"self":[{"href":"https:\/\/stereovisiondedios.com\/index.php?rest_route=\/wp\/v2\/posts\/7081","targetHints":{"allow":["GET"]}}],"collection":[{"href":"https:\/\/stereovisiondedios.com\/index.php?rest_route=\/wp\/v2\/posts"}],"about":[{"href":"https:\/\/stereovisiondedios.com\/index.php?rest_route=\/wp\/v2\/types\/post"}],"author":[{"embeddable":true,"href":"https:\/\/stereovisiondedios.com\/index.php?rest_route=\/wp\/v2\/users\/2"}],"replies":[{"embeddable":true,"href":"https:\/\/stereovisiondedios.com\/index.php?rest_route=%2Fwp%2Fv2%2Fcomments&post=7081"}],"version-history":[{"count":0,"href":"https:\/\/stereovisiondedios.com\/index.php?rest_route=\/wp\/v2\/posts\/7081\/revisions"}],"wp:attachment":[{"href":"https:\/\/stereovisiondedios.com\/index.php?rest_route=%2Fwp%2Fv2%2Fmedia&parent=7081"}],"wp:term":[{"taxonomy":"category","embeddable":true,"href":"https:\/\/stereovisiondedios.com\/index.php?rest_route=%2Fwp%2Fv2%2Fcategories&post=7081"},{"taxonomy":"post_tag","embeddable":true,"href":"https:\/\/stereovisiondedios.com\/index.php?rest_route=%2Fwp%2Fv2%2Ftags&post=7081"}],"curies":[{"name":"wp","href":"https:\/\/api.w.org\/{rel}","templated":true}]}}