{"id":7083,"date":"2025-10-03T07:51:07","date_gmt":"2025-10-03T13:51:07","guid":{"rendered":"https:\/\/stereovisiondedios.com\/?p=7083"},"modified":"2025-10-03T07:51:07","modified_gmt":"2025-10-03T13:51:07","slug":"politicos-cristianos-abordan-la-inteligencia-artificial-sin-demonizar-ni-trivializar","status":"publish","type":"post","link":"https:\/\/stereovisiondedios.com\/?p=7083","title":{"rendered":"Pol\u00edticos Cristianos abordan la Inteligencia Artificial \u2018sin demonizar ni trivializar\u2019"},"content":{"rendered":"<p><br \/>\n<\/p>\n<div>\n<p><strong>La Inteligencia Artificial (IA) no es solo el fen\u00f3meno social de nuestros tiempos, sino un nuevo paradigma al que debe enfrentar el mundo de la post verdad, de la relativizaci\u00f3n de las cosas (a\u00fan de las m\u00e1s profundas, como las convicciones \u00e9ticas o morales e incluso la espiritualidad).<\/strong><\/p>\n<p>Este lunes 29 de septiembre <strong>se realiz\u00f3 en el Foro Iberoamericano de Pol\u00edticos Cristianos un primer debate sobre \u201cLa perspectiva cristiana de la Inteligencia Artificial\u201d<\/strong> con expertos en ciber seguridad, quienes ya trabajan en legislaci\u00f3n al respecto y por supuesto desde una perspectiva cristiana y b\u00edblica. Habr\u00e1 un segundo debate el 27 de octubre.<\/p>\n<p>El encuentro estuvo organizado por la Uni\u00f3n Iberoamericana de Pol\u00edticos Cristianos (UIPC) y el Congreso Iberoamericano por la Vida y la Familia (C.IberVF) bajo inscripci\u00f3n previa lleg\u00e1ndose a cubrir el aforo.<\/p>\n<p><strong>Pablo Hulet<\/strong> introdujo el encuentro con los enormes desaf\u00edos de todo tipo que se presentan, as\u00ed como las grandes expectativas que levanta. <strong>\u00c1lvaro Dastugue<\/strong> presidente de la UIPC a\u00f1adi\u00f3 la importancia de estos Foros, y en concreto de la realidad de la IA \u201cque abarca todos los \u00e1mbitos de la vida\u201d y que tiene peligros pero a la vez nuevos horizontes.<\/p>\n<div style=\"font-size:16px;color:#83979d;\" class=\"text-right photo-info-content\"><span class=\"photo-info\"><strong><span>&gt;&gt;&gt;&gt;&gt;\u00a0<\/span><\/strong><em>Sigue el <a href=\"https:\/\/whatsapp.com\/channel\/0029VbBbpCrGpLHHil73qg0r\" target=\"_blank\"><strong>Canal de Evang\u00e9lico Digital en WhatsApp<\/strong><\/a>, actualizado al minuto con los art\u00edculos y noticias publicados<\/em><\/span> <\/div>\n<p><img decoding=\"async\" alt=\"\" class=\"img-left\" src=\"https:\/\/cms.evangelicodigital.com\/\/upload\/imagenes\/68dfa2e94d06b_ciberIA4.jpg\"\/>Una primera intervenci\u00f3n estuvo a cargo de Aar\u00f3n Lara, periodista, fundador de Iniciativa Ciudadana y del C.IberVF. Realiz\u00f3 un an\u00e1lisis desde la perspectiva cristiana de la IA, en el que dijo que \u201chay que tomar una perspectiva b\u00edblica sin demonizar ni trivializar\u201d.<\/p>\n<p><strong>Record\u00f3 que en las revoluciones industriales las innovaciones tecnol\u00f3gicas fueron vistas siempre como un peligro, y que originaron grandes cambios con sus ventajas e inconvenientes<\/strong> (el capitalismo moderno). Las m\u00e1quinas de vapor, la electricidad, el autom\u00f3vil, la computacional-electr\u00f3nica y sobre todo el internet han sido parte de estas revoluciones que han precedido a esta cuarta revoluci\u00f3n actual de la IA en la que \u201ca diferencia de las anteriores no se automatiza la producci\u00f3n sino la digitalizaci\u00f3n de los procesos\u201d.<\/p>\n<p><strong>Estas revoluciones industriales, record\u00f3, acarrearon el desarrollo de ideolog\u00edas<\/strong> surgiendo primero el progresismo, y luego el postmodernismo despu\u00e9s que ha llevado en la actualidad a la deriva filos\u00f3fica del relativismo absoluto.<\/p>\n<p>\u201c<strong>La IA no es aut\u00f3noma, no tiene emociones ni valores, tampoco sensibilidad. Y sin embargo afecta todos estos aspectos de la vida humana pudiendo llegar en teor\u00eda a superar la inteligencia del ser humano<\/strong>\u201d. Sus riesgos son evidentes, \u201cha resultado m\u00e1s que sorprendente que personalidades como Elon Musk o Steve Wozniak, entre varios otros notables expertos, solicitar\u00e1n una pausa de seis meses para los experimentos con la IA por la preocupaci\u00f3n que genera el desarrollo de sistemas con inteligencia humana competitiva y la IA. Esta carta solicitud fue hecha en 2023.\u201d!<\/p>\n<p>La IA se clasifica en tres variantes progresivas, explic\u00f3. Las dos primeras ya existen: la IA Estrecha o Limitada que analiza datos y hace funciones controladas por el ser humano; y la IA General que toma decisiones y est\u00e1 a la altura del ser humano. Y la tercera est\u00e1 en camino, es la llamada SIA (Super Inteligencia Artificial), a\u00fan en estado de ciencia ficci\u00f3n, pero que se ve posible y supera a los seres humanos, pudiendo tomar el control de su propio desarrollo.<\/p>\n<p>Ante este panorama, Lara opin\u00f3 que se suma el factor de lo impredecible, en lo que se incluye los problemas del hackeo, la p\u00e9rdida de empleos, el uso para conductas inmorales o ilegales y el control de la sociedad y las personas.<\/p>\n<p>Pero en la perspectiva cristiana, finaliz\u00f3, \u201cDios est\u00e1 en control, es el soberano y Se\u00f1or de la Historia. El destino de la humanidad est\u00e1 en sus manos, no en las de la IA. La IA es una herramienta que podemos y debemos controlar y prevenir sus riesgos\u201d.<\/p>\n<p>\u00a0<\/p>\n<p><img decoding=\"async\" alt=\"\" class=\"img-left\" src=\"https:\/\/cms.evangelicodigital.com\/\/upload\/imagenes\/68dfa305c99fd_ciberIA3.jpg\"\/>El segundo ponente fue el diputado uruguayo <strong>Rodrigo Go\u00f1i,<\/strong> abogado y diputado desde 2015 por el Partido Nacional. Es miembro de la Comisi\u00f3n de Futuros del Parlamento. Miembro de la Comisi\u00f3n de Ciencia, Innovaci\u00f3n y Tecnolog\u00eda, y de la Comisi\u00f3n de Educaci\u00f3n y Cultura. Es presidente del Comit\u00e9 Organizador de la Cumbre Mundial Parlamentaria de Futuros, recientemente celebrada en Montevideo sobre \u00abLa Democracia del Futuro en el contexto evolutivo de la Inteligencia Artificial\u00bb.<\/p>\n<p>Go\u00f1i habl\u00f3 de su experiencia legislativa que <strong>existe un enorme e imparable potencial de la IA que resuelve problemas hasta ahora irresolubles<\/strong> (sanitarios de diagn\u00f3stico, investigaci\u00f3n, tratamientos), <strong>pero a la vez logra un control de nuestras vidas inimaginable<\/strong> (gustos, decisiones, trabajos) y que puede llegar a limitar nuestra libertad.<\/p>\n<p>\u201cY avanza tan deprisa que <strong>no sabemos, ni controlamos, hacia d\u00f3nde vamos<\/strong> y esto genera una cultura de la inmediatez que genera incertidumbre personal y pol\u00edtica ante la incapacidad de adaptarnos a la realidad\u201d.<\/p>\n<p>Por eso aparecen y <strong>son necesarias \u201cComisiones de Futuro\u201d<\/strong> como las que se han creado en Uruguay, para \u201cpoder entender mejor qu\u00e9 pasa de forma anticipatoria, y as\u00ed actuar en el hoy para un mejor ma\u00f1ana.\u00a0 Pero hay que actuar desde la confianza y la inteligencia, no desde el temor y la improvisaci\u00f3n\u201d. Algo b\u00e1sico en su experiencia es conseguir introducir la \u00e9tica en el uso y la regulaci\u00f3n de la IA.<\/p>\n<p>\u00a0<\/p>\n<p><img decoding=\"async\" alt=\"\" class=\"img-left\" src=\"https:\/\/cms.evangelicodigital.com\/\/upload\/imagenes\/68dfa305ca66e_CiberIA2.jpg\"\/>El tercer ponente fue <strong>Edgar V\u00e1zquez<\/strong>, especialista en Transformaci\u00f3n Digital y Seguridad Inform\u00e1tica, con m\u00e1s de 30 a\u00f1os de trayectoria en la protecci\u00f3n de infraestructura cr\u00edtica, operaciones cibern\u00e9ticas y seguridad gubernamental. Su experiencia se centra en el blindaje digital de organismos estrat\u00e9gicos, integrando inteligencia artificial, ciberdefensa avanzada y automatizaci\u00f3n inteligente para mitigar amenazas emergentes. Es reconocido por impulsar proyectos de modernizaci\u00f3n tecnol\u00f3gica que combinan innovaci\u00f3n, resiliencia y an\u00e1lisis predictivo, orientados a fortalecer la seguridad nacional y la confianza digital.<\/p>\n<p>Su formaci\u00f3n acad\u00e9mica incluye estudios de doctorado en Estudios Interdisciplinarios en la Universidad An\u00e1huac, con una investigaci\u00f3n centrada en la Teor\u00eda de las Organizaciones y el impacto de la Inteligencia Artificial en la transformaci\u00f3n de estructuras gubernamentales y seguridad nacional.<\/p>\n<p>Habl\u00f3 de <strong>\u201cLa Inteligencia Artificial y sus riesgos\u201d,<\/strong> recordando que se han abierto ventanas a ataques cibern\u00e9ticos de todo tipo (hackers, virus, troyanos, phishing, suplementaci\u00f3n biom\u00e9trica -huellas digitales, retinas, cara-). El deepfake suplanta tu voz, tu cara, tu cuerpo. Robos, ciberacoso y bullying. La industria, los mecanismos electorales, la electricidad, todo es atacable. Sin olvidar el cibercrimen, que se centra en nuestros datos, y que puede ocurrir por ejemplo al conectarse a internet en la calle. Sin olvidar que las relaciones personales se deshumanizan cuando se ci\u00f1en s\u00f3lo a lo virtual y en esto la IA ofrecer\u00e1 un verdadero parque tem\u00e1tico.<\/p>\n<p><strong>Una cuesti\u00f3n que present\u00f3 y que a menudo se olvida es que la IA necesita cada vez m\u00e1s energ\u00eda y no es infinita, existe un embudo de recursos para crear y aportar energ\u00eda el\u00e9ctrica\u201d.<\/strong><\/p>\n<p><strong>Otro punto: \u00bfqui\u00e9n controla la IA?<\/strong> Ya existen y se potenciar\u00e1n cada vez m\u00e1s campa\u00f1as de desinformaci\u00f3n y desv\u00edo de tendencias, publicidad enga\u00f1osa, teor\u00edas conspiranoicas, manipulaci\u00f3n de votaciones electr\u00f3nicas y de las democracias, riesgo de p\u00e9rdida de libertad individual (robo de identidad).<\/p>\n<p>Todo esto llevar\u00e1 al riesgo de que se utilice la IA para lograr cambios sociales: es la llamada teor\u00eda de las organizaciones (empleos, funciones), si no se cambia para incorporarse a la nueva corriente te quedas fuera.<\/p>\n<p>A pesar de todo ello, concluy\u00f3, <strong>\u201cla IA no es buena ni mala, es solo una herramienta. La parte humana ser\u00e1 siempre insustituible para bien o para mal. Lo urgente es generar una cultura de seguridad inform\u00e1tica. Saber los peligros y c\u00f3mo prevenirlos. Tambi\u00e9n las instituciones y empresas. El reto es muy alto y se debe buscar el nivel m\u00e1s alto\u201d.<\/strong><\/p>\n<\/p><\/div>\n<p>\n          Publicado en: <span class=\"text-turquoise\"> <a href=\"https:\/\/www.evangelicodigital.com\">EVANG\u00c9LICO DIGITAL<\/a> &#8211; <a href=\"https:\/\/www.evangelicodigital.com\/latinoamerica\">LATINOAM\u00c9RICA<\/a><\/span><br \/>\n          &#8211; Pol\u00edticos Cristianos abordan la Inteligencia Artificial \u2018sin demonizar ni trivializar\u2019\n        <\/p>\n<p><br \/>\n<br \/><a href=\"https:\/\/www.evangelicodigital.com\/latinoamerica\/38390\/politicos-cristianos-abordan-la-inteligencia-artificial-sin-demonizar-ni-trivializar\">Source link <\/a><\/p>\n","protected":false},"excerpt":{"rendered":"<p>La Inteligencia Artificial (IA) no es solo el fen\u00f3meno social de nuestros tiempos, sino un nuevo paradigma al que debe enfrentar el mundo de la post verdad, de la relativizaci\u00f3n de las cosas (a\u00fan de las m\u00e1s profundas, como las convicciones \u00e9ticas o morales e incluso la espiritualidad). Este lunes 29 de septiembre se realiz\u00f3 [&hellip;]<\/p>\n","protected":false},"author":2,"featured_media":7084,"comment_status":"","ping_status":"open","sticky":false,"template":"","format":"standard","meta":{"fifu_image_url":"https:\/\/cms.evangelicodigital.com\/\/upload\/imagenes\/68dfa2e94d06b_ciberIA4.jpg","fifu_image_alt":"","footnotes":""},"categories":[1],"tags":[],"class_list":["post-7083","post","type-post","status-publish","format-standard","has-post-thumbnail","hentry","category-nexopost"],"yoast_head":"<!-- This site is optimized with the Yoast SEO Premium plugin v25.7.1 (Yoast SEO v26.5) - https:\/\/yoast.com\/wordpress\/plugins\/seo\/ -->\n<title>Pol\u00edticos Cristianos abordan la Inteligencia Artificial \u2018sin demonizar ni trivializar\u2019 - Stereo Visi\u00f3n de Dios<\/title>\n<meta name=\"robots\" content=\"index, follow, max-snippet:-1, max-image-preview:large, max-video-preview:-1\" \/>\n<link rel=\"canonical\" href=\"https:\/\/stereovisiondedios.com\/?p=7083\" \/>\n<meta property=\"og:locale\" content=\"es_ES\" \/>\n<meta property=\"og:type\" content=\"article\" \/>\n<meta property=\"og:title\" content=\"Pol\u00edticos Cristianos abordan la Inteligencia Artificial \u2018sin demonizar ni trivializar\u2019\" \/>\n<meta property=\"og:description\" content=\"La Inteligencia Artificial (IA) no es solo el fen\u00f3meno social de nuestros tiempos, sino un nuevo paradigma al que debe enfrentar el mundo de la post verdad, de la relativizaci\u00f3n de las cosas (a\u00fan de las m\u00e1s profundas, como las convicciones \u00e9ticas o morales e incluso la espiritualidad). Este lunes 29 de septiembre se realiz\u00f3 [&hellip;]\" \/>\n<meta property=\"og:url\" content=\"https:\/\/stereovisiondedios.com\/?p=7083\" \/>\n<meta property=\"og:site_name\" content=\"Stereo Visi\u00f3n de Dios\" \/>\n<meta property=\"article:publisher\" content=\"https:\/\/www.facebook.com\/visiondedios106.9fm\" \/>\n<meta property=\"article:published_time\" content=\"2025-10-03T13:51:07+00:00\" \/>\n<meta property=\"og:image\" content=\"https:\/\/cms.evangelicodigital.com\/\/upload\/imagenes\/68dfa2e94d06b_ciberIA4.jpg\" \/>\n<meta name=\"author\" content=\"NexoRadio\" \/>\n<meta name=\"twitter:card\" content=\"summary_large_image\" \/>\n<meta name=\"twitter:image\" content=\"https:\/\/cms.evangelicodigital.com\/\/upload\/imagenes\/68dfa2e94d06b_ciberIA4.jpg\" \/>\n<meta name=\"twitter:label1\" content=\"Escrito por\" \/>\n\t<meta name=\"twitter:data1\" content=\"NexoRadio\" \/>\n\t<meta name=\"twitter:label2\" content=\"Tiempo de lectura\" \/>\n\t<meta name=\"twitter:data2\" content=\"7 minutos\" \/>\n<script type=\"application\/ld+json\" class=\"yoast-schema-graph\">{\"@context\":\"https:\/\/schema.org\",\"@graph\":[{\"@type\":\"Article\",\"@id\":\"https:\/\/stereovisiondedios.com\/?p=7083#article\",\"isPartOf\":{\"@id\":\"https:\/\/stereovisiondedios.com\/?p=7083\"},\"author\":{\"name\":\"NexoRadio\",\"@id\":\"https:\/\/stereovisiondedios.com\/#\/schema\/person\/32b4d07d90fc8962809b81993562e343\"},\"headline\":\"Pol\u00edticos Cristianos abordan la Inteligencia Artificial \u2018sin demonizar ni trivializar\u2019\",\"datePublished\":\"2025-10-03T13:51:07+00:00\",\"mainEntityOfPage\":{\"@id\":\"https:\/\/stereovisiondedios.com\/?p=7083\"},\"wordCount\":1386,\"publisher\":{\"@id\":\"https:\/\/stereovisiondedios.com\/#organization\"},\"image\":{\"@id\":\"https:\/\/stereovisiondedios.com\/?p=7083#primaryimage\"},\"thumbnailUrl\":\"https:\/\/cms.evangelicodigital.com\/\/upload\/imagenes\/68dfa2e94d06b_ciberIA4.jpg\",\"articleSection\":[\"NexoPost\"],\"inLanguage\":\"es\"},{\"@type\":\"WebPage\",\"@id\":\"https:\/\/stereovisiondedios.com\/?p=7083\",\"url\":\"https:\/\/stereovisiondedios.com\/?p=7083\",\"name\":\"Pol\u00edticos Cristianos abordan la Inteligencia Artificial \u2018sin demonizar ni trivializar\u2019 - Stereo Visi\u00f3n de Dios\",\"isPartOf\":{\"@id\":\"https:\/\/stereovisiondedios.com\/#website\"},\"primaryImageOfPage\":{\"@id\":\"https:\/\/stereovisiondedios.com\/?p=7083#primaryimage\"},\"image\":{\"@id\":\"https:\/\/stereovisiondedios.com\/?p=7083#primaryimage\"},\"thumbnailUrl\":\"https:\/\/cms.evangelicodigital.com\/\/upload\/imagenes\/68dfa2e94d06b_ciberIA4.jpg\",\"datePublished\":\"2025-10-03T13:51:07+00:00\",\"breadcrumb\":{\"@id\":\"https:\/\/stereovisiondedios.com\/?p=7083#breadcrumb\"},\"inLanguage\":\"es\",\"potentialAction\":[{\"@type\":\"ReadAction\",\"target\":[\"https:\/\/stereovisiondedios.com\/?p=7083\"]}]},{\"@type\":\"ImageObject\",\"inLanguage\":\"es\",\"@id\":\"https:\/\/stereovisiondedios.com\/?p=7083#primaryimage\",\"url\":\"https:\/\/cms.evangelicodigital.com\/\/upload\/imagenes\/68dfa2e94d06b_ciberIA4.jpg\",\"contentUrl\":\"https:\/\/cms.evangelicodigital.com\/\/upload\/imagenes\/68dfa2e94d06b_ciberIA4.jpg\"},{\"@type\":\"BreadcrumbList\",\"@id\":\"https:\/\/stereovisiondedios.com\/?p=7083#breadcrumb\",\"itemListElement\":[{\"@type\":\"ListItem\",\"position\":1,\"name\":\"Home\",\"item\":\"https:\/\/stereovisiondedios.com\/\"},{\"@type\":\"ListItem\",\"position\":2,\"name\":\"Pol\u00edticos Cristianos abordan la Inteligencia Artificial \u2018sin demonizar ni trivializar\u2019\"}]},{\"@type\":\"WebSite\",\"@id\":\"https:\/\/stereovisiondedios.com\/#website\",\"url\":\"https:\/\/stereovisiondedios.com\/\",\"name\":\"Stereo Visi\u00f3n de Dios\",\"description\":\"Conectate...\",\"publisher\":{\"@id\":\"https:\/\/stereovisiondedios.com\/#organization\"},\"potentialAction\":[{\"@type\":\"SearchAction\",\"target\":{\"@type\":\"EntryPoint\",\"urlTemplate\":\"https:\/\/stereovisiondedios.com\/?s={search_term_string}\"},\"query-input\":{\"@type\":\"PropertyValueSpecification\",\"valueRequired\":true,\"valueName\":\"search_term_string\"}}],\"inLanguage\":\"es\"},{\"@type\":\"Organization\",\"@id\":\"https:\/\/stereovisiondedios.com\/#organization\",\"name\":\"Radio Stereo Visi\u00f3n de Dios\",\"url\":\"https:\/\/stereovisiondedios.com\/\",\"logo\":{\"@type\":\"ImageObject\",\"inLanguage\":\"es\",\"@id\":\"https:\/\/stereovisiondedios.com\/#\/schema\/logo\/image\/\",\"url\":\"https:\/\/stereovisiondedios.com\/wp-content\/uploads\/2024\/10\/www.fmhorizontesalta.com_.ar-5-1.png\",\"contentUrl\":\"https:\/\/stereovisiondedios.com\/wp-content\/uploads\/2024\/10\/www.fmhorizontesalta.com_.ar-5-1.png\",\"width\":555,\"height\":114,\"caption\":\"Radio Stereo Visi\u00f3n de Dios\"},\"image\":{\"@id\":\"https:\/\/stereovisiondedios.com\/#\/schema\/logo\/image\/\"},\"sameAs\":[\"https:\/\/www.facebook.com\/visiondedios106.9fm\",\"https:\/\/www.tiktok.com\/@vision_de_dios_106_9_fm\",\"https:\/\/www.youtube.com\/@radiovisiondediosstereo106.9\"]},{\"@type\":\"Person\",\"@id\":\"https:\/\/stereovisiondedios.com\/#\/schema\/person\/32b4d07d90fc8962809b81993562e343\",\"name\":\"NexoRadio\",\"image\":{\"@type\":\"ImageObject\",\"inLanguage\":\"es\",\"@id\":\"https:\/\/stereovisiondedios.com\/#\/schema\/person\/image\/\",\"url\":\"https:\/\/secure.gravatar.com\/avatar\/5c8c3ec5af674c12295d543b84fe993caada4dedbc52804dace89aa6e7f89070?s=96&d=mm&r=g\",\"contentUrl\":\"https:\/\/secure.gravatar.com\/avatar\/5c8c3ec5af674c12295d543b84fe993caada4dedbc52804dace89aa6e7f89070?s=96&d=mm&r=g\",\"caption\":\"NexoRadio\"},\"url\":\"https:\/\/stereovisiondedios.com\/?author=2\"}]}<\/script>\n<!-- \/ Yoast SEO Premium plugin. -->","yoast_head_json":{"title":"Pol\u00edticos Cristianos abordan la Inteligencia Artificial \u2018sin demonizar ni trivializar\u2019 - Stereo Visi\u00f3n de Dios","robots":{"index":"index","follow":"follow","max-snippet":"max-snippet:-1","max-image-preview":"max-image-preview:large","max-video-preview":"max-video-preview:-1"},"canonical":"https:\/\/stereovisiondedios.com\/?p=7083","og_locale":"es_ES","og_type":"article","og_title":"Pol\u00edticos Cristianos abordan la Inteligencia Artificial \u2018sin demonizar ni trivializar\u2019","og_description":"La Inteligencia Artificial (IA) no es solo el fen\u00f3meno social de nuestros tiempos, sino un nuevo paradigma al que debe enfrentar el mundo de la post verdad, de la relativizaci\u00f3n de las cosas (a\u00fan de las m\u00e1s profundas, como las convicciones \u00e9ticas o morales e incluso la espiritualidad). Este lunes 29 de septiembre se realiz\u00f3 [&hellip;]","og_url":"https:\/\/stereovisiondedios.com\/?p=7083","og_site_name":"Stereo Visi\u00f3n de Dios","article_publisher":"https:\/\/www.facebook.com\/visiondedios106.9fm","article_published_time":"2025-10-03T13:51:07+00:00","og_image":[{"url":"https:\/\/cms.evangelicodigital.com\/\/upload\/imagenes\/68dfa2e94d06b_ciberIA4.jpg","type":"","width":"","height":""}],"author":"NexoRadio","twitter_card":"summary_large_image","twitter_image":"https:\/\/cms.evangelicodigital.com\/\/upload\/imagenes\/68dfa2e94d06b_ciberIA4.jpg","twitter_misc":{"Escrito por":"NexoRadio","Tiempo de lectura":"7 minutos"},"schema":{"@context":"https:\/\/schema.org","@graph":[{"@type":"Article","@id":"https:\/\/stereovisiondedios.com\/?p=7083#article","isPartOf":{"@id":"https:\/\/stereovisiondedios.com\/?p=7083"},"author":{"name":"NexoRadio","@id":"https:\/\/stereovisiondedios.com\/#\/schema\/person\/32b4d07d90fc8962809b81993562e343"},"headline":"Pol\u00edticos Cristianos abordan la Inteligencia Artificial \u2018sin demonizar ni trivializar\u2019","datePublished":"2025-10-03T13:51:07+00:00","mainEntityOfPage":{"@id":"https:\/\/stereovisiondedios.com\/?p=7083"},"wordCount":1386,"publisher":{"@id":"https:\/\/stereovisiondedios.com\/#organization"},"image":{"@id":"https:\/\/stereovisiondedios.com\/?p=7083#primaryimage"},"thumbnailUrl":"https:\/\/cms.evangelicodigital.com\/\/upload\/imagenes\/68dfa2e94d06b_ciberIA4.jpg","articleSection":["NexoPost"],"inLanguage":"es"},{"@type":"WebPage","@id":"https:\/\/stereovisiondedios.com\/?p=7083","url":"https:\/\/stereovisiondedios.com\/?p=7083","name":"Pol\u00edticos Cristianos abordan la Inteligencia Artificial \u2018sin demonizar ni trivializar\u2019 - Stereo Visi\u00f3n de Dios","isPartOf":{"@id":"https:\/\/stereovisiondedios.com\/#website"},"primaryImageOfPage":{"@id":"https:\/\/stereovisiondedios.com\/?p=7083#primaryimage"},"image":{"@id":"https:\/\/stereovisiondedios.com\/?p=7083#primaryimage"},"thumbnailUrl":"https:\/\/cms.evangelicodigital.com\/\/upload\/imagenes\/68dfa2e94d06b_ciberIA4.jpg","datePublished":"2025-10-03T13:51:07+00:00","breadcrumb":{"@id":"https:\/\/stereovisiondedios.com\/?p=7083#breadcrumb"},"inLanguage":"es","potentialAction":[{"@type":"ReadAction","target":["https:\/\/stereovisiondedios.com\/?p=7083"]}]},{"@type":"ImageObject","inLanguage":"es","@id":"https:\/\/stereovisiondedios.com\/?p=7083#primaryimage","url":"https:\/\/cms.evangelicodigital.com\/\/upload\/imagenes\/68dfa2e94d06b_ciberIA4.jpg","contentUrl":"https:\/\/cms.evangelicodigital.com\/\/upload\/imagenes\/68dfa2e94d06b_ciberIA4.jpg"},{"@type":"BreadcrumbList","@id":"https:\/\/stereovisiondedios.com\/?p=7083#breadcrumb","itemListElement":[{"@type":"ListItem","position":1,"name":"Home","item":"https:\/\/stereovisiondedios.com\/"},{"@type":"ListItem","position":2,"name":"Pol\u00edticos Cristianos abordan la Inteligencia Artificial \u2018sin demonizar ni trivializar\u2019"}]},{"@type":"WebSite","@id":"https:\/\/stereovisiondedios.com\/#website","url":"https:\/\/stereovisiondedios.com\/","name":"Stereo Visi\u00f3n de Dios","description":"Conectate...","publisher":{"@id":"https:\/\/stereovisiondedios.com\/#organization"},"potentialAction":[{"@type":"SearchAction","target":{"@type":"EntryPoint","urlTemplate":"https:\/\/stereovisiondedios.com\/?s={search_term_string}"},"query-input":{"@type":"PropertyValueSpecification","valueRequired":true,"valueName":"search_term_string"}}],"inLanguage":"es"},{"@type":"Organization","@id":"https:\/\/stereovisiondedios.com\/#organization","name":"Radio Stereo Visi\u00f3n de Dios","url":"https:\/\/stereovisiondedios.com\/","logo":{"@type":"ImageObject","inLanguage":"es","@id":"https:\/\/stereovisiondedios.com\/#\/schema\/logo\/image\/","url":"https:\/\/stereovisiondedios.com\/wp-content\/uploads\/2024\/10\/www.fmhorizontesalta.com_.ar-5-1.png","contentUrl":"https:\/\/stereovisiondedios.com\/wp-content\/uploads\/2024\/10\/www.fmhorizontesalta.com_.ar-5-1.png","width":555,"height":114,"caption":"Radio Stereo Visi\u00f3n de Dios"},"image":{"@id":"https:\/\/stereovisiondedios.com\/#\/schema\/logo\/image\/"},"sameAs":["https:\/\/www.facebook.com\/visiondedios106.9fm","https:\/\/www.tiktok.com\/@vision_de_dios_106_9_fm","https:\/\/www.youtube.com\/@radiovisiondediosstereo106.9"]},{"@type":"Person","@id":"https:\/\/stereovisiondedios.com\/#\/schema\/person\/32b4d07d90fc8962809b81993562e343","name":"NexoRadio","image":{"@type":"ImageObject","inLanguage":"es","@id":"https:\/\/stereovisiondedios.com\/#\/schema\/person\/image\/","url":"https:\/\/secure.gravatar.com\/avatar\/5c8c3ec5af674c12295d543b84fe993caada4dedbc52804dace89aa6e7f89070?s=96&d=mm&r=g","contentUrl":"https:\/\/secure.gravatar.com\/avatar\/5c8c3ec5af674c12295d543b84fe993caada4dedbc52804dace89aa6e7f89070?s=96&d=mm&r=g","caption":"NexoRadio"},"url":"https:\/\/stereovisiondedios.com\/?author=2"}]}},"_links":{"self":[{"href":"https:\/\/stereovisiondedios.com\/index.php?rest_route=\/wp\/v2\/posts\/7083","targetHints":{"allow":["GET"]}}],"collection":[{"href":"https:\/\/stereovisiondedios.com\/index.php?rest_route=\/wp\/v2\/posts"}],"about":[{"href":"https:\/\/stereovisiondedios.com\/index.php?rest_route=\/wp\/v2\/types\/post"}],"author":[{"embeddable":true,"href":"https:\/\/stereovisiondedios.com\/index.php?rest_route=\/wp\/v2\/users\/2"}],"replies":[{"embeddable":true,"href":"https:\/\/stereovisiondedios.com\/index.php?rest_route=%2Fwp%2Fv2%2Fcomments&post=7083"}],"version-history":[{"count":0,"href":"https:\/\/stereovisiondedios.com\/index.php?rest_route=\/wp\/v2\/posts\/7083\/revisions"}],"wp:featuredmedia":[{"embeddable":true,"href":"https:\/\/stereovisiondedios.com\/index.php?rest_route=\/wp\/v2\/media\/7084"}],"wp:attachment":[{"href":"https:\/\/stereovisiondedios.com\/index.php?rest_route=%2Fwp%2Fv2%2Fmedia&parent=7083"}],"wp:term":[{"taxonomy":"category","embeddable":true,"href":"https:\/\/stereovisiondedios.com\/index.php?rest_route=%2Fwp%2Fv2%2Fcategories&post=7083"},{"taxonomy":"post_tag","embeddable":true,"href":"https:\/\/stereovisiondedios.com\/index.php?rest_route=%2Fwp%2Fv2%2Ftags&post=7083"}],"curies":[{"name":"wp","href":"https:\/\/api.w.org\/{rel}","templated":true}]}}