{"id":7085,"date":"2025-10-03T20:53:44","date_gmt":"2025-10-04T02:53:44","guid":{"rendered":"https:\/\/stereovisiondedios.com\/?p=7085"},"modified":"2025-10-03T20:53:44","modified_gmt":"2025-10-04T02:53:44","slug":"sarah-mullally-primera-mujer-en-ser-elegida-arzobispo-de-canterbury","status":"publish","type":"post","link":"https:\/\/stereovisiondedios.com\/?p=7085","title":{"rendered":"Sarah Mullally, primera mujer en ser elegida arzobispo de Canterbury"},"content":{"rendered":"<p><br \/>\n<\/p>\n<div>\n<p><strong>La Iglesia de Inglaterra, y por lo tanto la Comuni\u00f3n Anglicana mundial, tiene un nuevo l\u00edder. <\/strong>Este\u00a0viernes 3 de octubre a las 10 a.m. hora brit\u00e1nica, se anunci\u00f3 que<strong> el 106\u00ba arzobispo de la Iglesia de Inglaterra era Sarah Mullally, la primera mujer en la historia en ocupar el cargo.<\/strong><\/p>\n<p>Ha sido obispo de Londres desde 2008, y asumir\u00e1 el cargo un a\u00f1o despu\u00e9s de la renuncia de Justin Welby.<\/p>\n<p>Ser\u00e1 instalada en un servicio en la Catedral de Canterbury el 25 de marzo de 2026. El nuevo arzobispo de Canterbury enfrentar\u00e1 inmediatamente acalorados debates sobre si incluir o no\u00a0el matrimonio entre personas del mismo sexo en los ritos de la iglesia\u00a0, un tema que ha creado una\u00a0divisi\u00f3n global dentro de la Comuni\u00f3n Anglicana\u00a0.<\/p>\n<p>En sus primeras palabras en las redes sociales oficiales de la Iglesia de Inglaterra, dijo: \u00abAcepto este llamado con confianza, no solo en m\u00ed misma, sino en Dios, quien nos gu\u00eda a todos. Que seamos valientes en la esperanza, generosos en esp\u00edritu y firmes en el amor, al servir a Cristo y al pr\u00f3jimo\u00bb.<\/p>\n<p><iframe allow=\"autoplay; clipboard-write; encrypted-media; picture-in-picture; web-share\" allowfullscreen=\"true\" frameborder=\"0\" height=\"591\" scrolling=\"no\" src=\"https:\/\/www.facebook.com\/plugins\/video.php?height=476&amp;href=https%3A%2F%2Fwww.facebook.com%2Freel%2F1479268443262014%2F&amp;show_text=true&amp;width=267&amp;t=0\" style=\"border:none;overflow:hidden\" width=\"267\"><\/iframe><\/p>\n<p><span><span>En una\u00a0<\/span><\/span><a href=\"https:\/\/www.churchofengland.org\/media\/press-releases\/rt-revd-and-rt-hon-dame-sarah-mullally-dbe-become-106th-archbishop-canterbury\" target=\"_blank\"><span><span>declaraci\u00f3n<\/span><\/span><\/a><span><span>\u00a0, a\u00f1adi\u00f3 posteriormente: \u00abQuiero, sencillamente, animar a la Iglesia a seguir creciendo en la confianza en el Evangelio, a hablar del amor que encontramos en Jesucristo y a que este moldee nuestras acciones. Espero compartir este camino de fe con los millones de personas que sirven a Dios y a sus comunidades en parroquias de todo el pa\u00eds y en toda la Comuni\u00f3n Anglicana mundial. S\u00e9 que es una gran responsabilidad, pero la afronto con paz y confianza en que Dios me guiar\u00e1 como siempre lo ha hecho\u00bb.<\/span><\/span><\/p>\n<p><strong><span><span>La Iglesia de Inglaterra cuenta con unos 23 millones de personas bautizadas en sus parroquias en Inglaterra. Es la denominaci\u00f3n m\u00e1s grande del pa\u00eds, pero su estructura incluye grupos con teolog\u00edas fuertemente opuestas, desde muy liberales hasta claramente evang\u00e9licos.\u00a0<\/span><\/span><\/strong><\/p>\n<div style=\"font-size:16px;color:#83979d;\" class=\"text-right photo-info-content\"><span class=\"photo-info\"><strong><span>&gt;&gt;&gt;&gt;&gt;\u00a0<\/span><\/strong><em>Sigue el <a href=\"https:\/\/whatsapp.com\/channel\/0029VbBbpCrGpLHHil73qg0r\" target=\"_blank\"><strong>Canal de Evang\u00e9lico Digital en WhatsApp<\/strong><\/a>, actualizado al minuto con los art\u00edculos y noticias publicados<\/em><\/span> <\/div>\n<p><span><span>Nacida en Woking (al sur de Londres) en 1962, \u00abse convirti\u00f3 al cristianismo a los 16 a\u00f1os\u00bb, seg\u00fan\u00a0<\/span><\/span><a href=\"https:\/\/www.churchofengland.org\/about\/governance\/archbishops\/bishop-sarah-mullally\" target=\"_blank\"><span><span>el comunicado<\/span><\/span><\/a><span><span>\u00a0de la Iglesia de Inglaterra que anunci\u00f3 su nombramiento. Fue ordenada ministra en 2001.<\/span><\/span><\/p>\n<p><span><span>Es una enfermera con una larga experiencia (fue nombrada Directora de Enfermer\u00eda del Gobierno de Inglaterra en el Departamento de Salud), est\u00e1 casada y tiene dos hijos adultos.<\/span><\/span><\/p>\n<p><strong><span><span>Sarah Mullally dirigi\u00f3 el proceso \u00abVivir en Amor y Fe\u00bb de la Iglesia de Inglaterra de 2020 a 2023, un\u00a0<\/span><\/span><a href=\"https:\/\/evangelicalfocus.com\/europe\/20375\/it-pleases-no-one-both-evangelicals-and-liberals-express-disappointment-over-church-of-england-decision-on-blessing-same-sex-couples\" target=\"_blank\"><span><span>controvertido debate sobre c\u00f3mo la Iglesia deber\u00eda abordar las cuestiones LGBTQI<\/span><\/span><\/a><\/strong><span><span><strong>\u00a0<\/strong>. \u00abEsto incluy\u00f3 las etapas formativas de discernimiento y toma de decisiones, que culminaron con la introducci\u00f3n de las Oraciones de Amor y Fe para parejas del mismo sexo\u00bb, afirma el sitio web de la Iglesia de Inglaterra. Tambi\u00e9n ha formado parte del Grupo Directivo Nacional de Protecci\u00f3n de la Iglesia y es la obispa principal en materia de salud y asistencia social. Adem\u00e1s, preside la ONG Christian Aid.<\/span><\/span><\/p>\n<p>\u00a0<\/p>\n<p><span><span>Entre las reacciones al nombramiento de Sarah Mullally estuvo la del director general de la Alianza Evang\u00e9lica del Reino Unido (\u00a0<\/span><\/span><a href=\"https:\/\/evangelicalfocus.com\/tag\/eauk\" target=\"_blank\"><span><span>EAUK<\/span><\/span><\/a><span><span>\u00a0), Gavin Calver.<\/span><\/span><\/p>\n<p><iframe allowfullscreen=\"true\" allowtransparency=\"true\" data-tweet-id=\"1974037662748033447\" frameborder=\"0\" id=\"twitter-widget-0\" scrolling=\"no\" src=\"https:\/\/platform.twitter.com\/embed\/Tweet.html?dnt=false&amp;embedId=twitter-widget-0&amp;features=eyJ0ZndfdGltZWxpbmVfbGlzdCI6eyJidWNrZXQiOltdLCJ2ZXJzaW9uIjpudWxsfSwidGZ3X2ZvbGxvd2VyX2NvdW50X3N1bnNldCI6eyJidWNrZXQiOnRydWUsInZlcnNpb24iOm51bGx9LCJ0ZndfdHdlZXRfZWRpdF9iYWNrZW5kIjp7ImJ1Y2tldCI6Im9uIiwidmVyc2lvbiI6bnVsbH0sInRmd19yZWZzcmNfc2Vzc2lvbiI6eyJidWNrZXQiOiJvbiIsInZlcnNpb24iOm51bGx9LCJ0ZndfZm9zbnJfc29mdF9pbnRlcnZlbnRpb25zX2VuYWJsZWQiOnsiYnVja2V0Ijoib24iLCJ2ZXJzaW9uIjpudWxsfSwidGZ3X21peGVkX21lZGlhXzE1ODk3Ijp7ImJ1Y2tldCI6InRyZWF0bWVudCIsInZlcnNpb24iOm51bGx9LCJ0ZndfZXhwZXJpbWVudHNfY29va2llX2V4cGlyYXRpb24iOnsiYnVja2V0IjoxMjA5NjAwLCJ2ZXJzaW9uIjpudWxsfSwidGZ3X3Nob3dfYmlyZHdhdGNoX3Bpdm90c19lbmFibGVkIjp7ImJ1Y2tldCI6Im9uIiwidmVyc2lvbiI6bnVsbH0sInRmd19kdXBsaWNhdGVfc2NyaWJlc190b19zZXR0aW5ncyI6eyJidWNrZXQiOiJvbiIsInZlcnNpb24iOm51bGx9LCJ0ZndfdXNlX3Byb2ZpbGVfaW1hZ2Vfc2hhcGVfZW5hYmxlZCI6eyJidWNrZXQiOiJvbiIsInZlcnNpb24iOm51bGx9LCJ0ZndfdmlkZW9faGxzX2R5bmFtaWNfbWFuaWZlc3RzXzE1MDgyIjp7ImJ1Y2tldCI6InRydWVfYml0cmF0ZSIsInZlcnNpb24iOm51bGx9LCJ0ZndfbGVnYWN5X3RpbWVsaW5lX3N1bnNldCI6eyJidWNrZXQiOnRydWUsInZlcnNpb24iOm51bGx9LCJ0ZndfdHdlZXRfZWRpdF9mcm9udGVuZCI6eyJidWNrZXQiOiJvbiIsInZlcnNpb24iOm51bGx9fQ%3D%3D&amp;frame=false&amp;hideCard=false&amp;hideThread=false&amp;id=1974037662748033447&amp;lang=en&amp;origin=https%3A%2F%2Fevangelicalfocus.com%2Feurope%2F32665%2Fsarah-mullally-is-the-new-archbishop-of-canterbury&amp;sessionId=607f0d60b83e738580fe35b65fe80dd7575844c4&amp;siteScreenName=Evan_Focus&amp;theme=light&amp;widgetsVersion=2615f7e52b7e0%3A1702314776716&amp;width=550px\" title=\"Publicaci\u00f3n X\"><\/iframe><\/p>\n<p><span><span>\u201cEl liderazgo siempre es dif\u00edcil y le esperan muchos desaf\u00edos importantes en su puesto a nivel local, nacional y global\u201d, dijo Calver. \u201cPor favor, \u00fananse a m\u00ed para orar por ella hoy y en los pr\u00f3ximos d\u00edas\u201d.<\/span><\/span><\/p>\n<\/p><\/div>\n<p>\n          Publicado en: <span class=\"text-turquoise\"> <a href=\"https:\/\/www.evangelicodigital.com\">EVANG\u00c9LICO DIGITAL<\/a> &#8211; <a href=\"https:\/\/www.evangelicodigital.com\/mundo\">MUNDO<\/a><\/span><br \/>\n          &#8211; Sarah Mullally, primera mujer en ser elegida arzobispo de Canterbury\n        <\/p>\n<p><br \/>\n<br \/><a href=\"https:\/\/www.evangelicodigital.com\/mundo\/38389\/sarah-mullally-primera-mujer-elegida-arzobispo-de-canterbury\">Source link <\/a><\/p>\n","protected":false},"excerpt":{"rendered":"<p>La Iglesia de Inglaterra, y por lo tanto la Comuni\u00f3n Anglicana mundial, tiene un nuevo l\u00edder. Este\u00a0viernes 3 de octubre a las 10 a.m. hora brit\u00e1nica, se anunci\u00f3 que el 106\u00ba arzobispo de la Iglesia de Inglaterra era Sarah Mullally, la primera mujer en la historia en ocupar el cargo. Ha sido obispo de Londres [&hellip;]<\/p>\n","protected":false},"author":2,"featured_media":0,"comment_status":"","ping_status":"open","sticky":false,"template":"","format":"standard","meta":{"fifu_image_url":"","fifu_image_alt":"","footnotes":""},"categories":[1],"tags":[],"class_list":["post-7085","post","type-post","status-publish","format-standard","hentry","category-nexopost"],"yoast_head":"<!-- This site is optimized with the Yoast SEO Premium plugin v25.7.1 (Yoast SEO v26.5) - https:\/\/yoast.com\/wordpress\/plugins\/seo\/ -->\n<title>Sarah Mullally, primera mujer en ser elegida arzobispo de Canterbury - Stereo Visi\u00f3n de Dios<\/title>\n<meta name=\"robots\" content=\"index, follow, max-snippet:-1, max-image-preview:large, max-video-preview:-1\" \/>\n<link rel=\"canonical\" href=\"https:\/\/stereovisiondedios.com\/?p=7085\" \/>\n<meta property=\"og:locale\" content=\"es_ES\" \/>\n<meta property=\"og:type\" content=\"article\" \/>\n<meta property=\"og:title\" content=\"Sarah Mullally, primera mujer en ser elegida arzobispo de Canterbury\" \/>\n<meta property=\"og:description\" content=\"La Iglesia de Inglaterra, y por lo tanto la Comuni\u00f3n Anglicana mundial, tiene un nuevo l\u00edder. Este\u00a0viernes 3 de octubre a las 10 a.m. hora brit\u00e1nica, se anunci\u00f3 que el 106\u00ba arzobispo de la Iglesia de Inglaterra era Sarah Mullally, la primera mujer en la historia en ocupar el cargo. Ha sido obispo de Londres [&hellip;]\" \/>\n<meta property=\"og:url\" content=\"https:\/\/stereovisiondedios.com\/?p=7085\" \/>\n<meta property=\"og:site_name\" content=\"Stereo Visi\u00f3n de Dios\" \/>\n<meta property=\"article:publisher\" content=\"https:\/\/www.facebook.com\/visiondedios106.9fm\" \/>\n<meta property=\"article:published_time\" content=\"2025-10-04T02:53:44+00:00\" \/>\n<meta name=\"author\" content=\"NexoRadio\" \/>\n<meta name=\"twitter:card\" content=\"summary_large_image\" \/>\n<meta name=\"twitter:label1\" content=\"Escrito por\" \/>\n\t<meta name=\"twitter:data1\" content=\"NexoRadio\" \/>\n\t<meta name=\"twitter:label2\" content=\"Tiempo de lectura\" \/>\n\t<meta name=\"twitter:data2\" content=\"3 minutos\" \/>\n<script type=\"application\/ld+json\" class=\"yoast-schema-graph\">{\"@context\":\"https:\/\/schema.org\",\"@graph\":[{\"@type\":\"Article\",\"@id\":\"https:\/\/stereovisiondedios.com\/?p=7085#article\",\"isPartOf\":{\"@id\":\"https:\/\/stereovisiondedios.com\/?p=7085\"},\"author\":{\"name\":\"NexoRadio\",\"@id\":\"https:\/\/stereovisiondedios.com\/#\/schema\/person\/32b4d07d90fc8962809b81993562e343\"},\"headline\":\"Sarah Mullally, primera mujer en ser elegida arzobispo de Canterbury\",\"datePublished\":\"2025-10-04T02:53:44+00:00\",\"mainEntityOfPage\":{\"@id\":\"https:\/\/stereovisiondedios.com\/?p=7085\"},\"wordCount\":609,\"publisher\":{\"@id\":\"https:\/\/stereovisiondedios.com\/#organization\"},\"articleSection\":[\"NexoPost\"],\"inLanguage\":\"es\"},{\"@type\":\"WebPage\",\"@id\":\"https:\/\/stereovisiondedios.com\/?p=7085\",\"url\":\"https:\/\/stereovisiondedios.com\/?p=7085\",\"name\":\"Sarah Mullally, primera mujer en ser elegida arzobispo de Canterbury - Stereo Visi\u00f3n de Dios\",\"isPartOf\":{\"@id\":\"https:\/\/stereovisiondedios.com\/#website\"},\"datePublished\":\"2025-10-04T02:53:44+00:00\",\"breadcrumb\":{\"@id\":\"https:\/\/stereovisiondedios.com\/?p=7085#breadcrumb\"},\"inLanguage\":\"es\",\"potentialAction\":[{\"@type\":\"ReadAction\",\"target\":[\"https:\/\/stereovisiondedios.com\/?p=7085\"]}]},{\"@type\":\"BreadcrumbList\",\"@id\":\"https:\/\/stereovisiondedios.com\/?p=7085#breadcrumb\",\"itemListElement\":[{\"@type\":\"ListItem\",\"position\":1,\"name\":\"Home\",\"item\":\"https:\/\/stereovisiondedios.com\/\"},{\"@type\":\"ListItem\",\"position\":2,\"name\":\"Sarah Mullally, primera mujer en ser elegida arzobispo de Canterbury\"}]},{\"@type\":\"WebSite\",\"@id\":\"https:\/\/stereovisiondedios.com\/#website\",\"url\":\"https:\/\/stereovisiondedios.com\/\",\"name\":\"Stereo Visi\u00f3n de Dios\",\"description\":\"Conectate...\",\"publisher\":{\"@id\":\"https:\/\/stereovisiondedios.com\/#organization\"},\"potentialAction\":[{\"@type\":\"SearchAction\",\"target\":{\"@type\":\"EntryPoint\",\"urlTemplate\":\"https:\/\/stereovisiondedios.com\/?s={search_term_string}\"},\"query-input\":{\"@type\":\"PropertyValueSpecification\",\"valueRequired\":true,\"valueName\":\"search_term_string\"}}],\"inLanguage\":\"es\"},{\"@type\":\"Organization\",\"@id\":\"https:\/\/stereovisiondedios.com\/#organization\",\"name\":\"Radio Stereo Visi\u00f3n de Dios\",\"url\":\"https:\/\/stereovisiondedios.com\/\",\"logo\":{\"@type\":\"ImageObject\",\"inLanguage\":\"es\",\"@id\":\"https:\/\/stereovisiondedios.com\/#\/schema\/logo\/image\/\",\"url\":\"https:\/\/stereovisiondedios.com\/wp-content\/uploads\/2024\/10\/www.fmhorizontesalta.com_.ar-5-1.png\",\"contentUrl\":\"https:\/\/stereovisiondedios.com\/wp-content\/uploads\/2024\/10\/www.fmhorizontesalta.com_.ar-5-1.png\",\"width\":555,\"height\":114,\"caption\":\"Radio Stereo Visi\u00f3n de Dios\"},\"image\":{\"@id\":\"https:\/\/stereovisiondedios.com\/#\/schema\/logo\/image\/\"},\"sameAs\":[\"https:\/\/www.facebook.com\/visiondedios106.9fm\",\"https:\/\/www.tiktok.com\/@vision_de_dios_106_9_fm\",\"https:\/\/www.youtube.com\/@radiovisiondediosstereo106.9\"]},{\"@type\":\"Person\",\"@id\":\"https:\/\/stereovisiondedios.com\/#\/schema\/person\/32b4d07d90fc8962809b81993562e343\",\"name\":\"NexoRadio\",\"image\":{\"@type\":\"ImageObject\",\"inLanguage\":\"es\",\"@id\":\"https:\/\/stereovisiondedios.com\/#\/schema\/person\/image\/\",\"url\":\"https:\/\/secure.gravatar.com\/avatar\/5c8c3ec5af674c12295d543b84fe993caada4dedbc52804dace89aa6e7f89070?s=96&d=mm&r=g\",\"contentUrl\":\"https:\/\/secure.gravatar.com\/avatar\/5c8c3ec5af674c12295d543b84fe993caada4dedbc52804dace89aa6e7f89070?s=96&d=mm&r=g\",\"caption\":\"NexoRadio\"},\"url\":\"https:\/\/stereovisiondedios.com\/?author=2\"}]}<\/script>\n<!-- \/ Yoast SEO Premium plugin. -->","yoast_head_json":{"title":"Sarah Mullally, primera mujer en ser elegida arzobispo de Canterbury - Stereo Visi\u00f3n de Dios","robots":{"index":"index","follow":"follow","max-snippet":"max-snippet:-1","max-image-preview":"max-image-preview:large","max-video-preview":"max-video-preview:-1"},"canonical":"https:\/\/stereovisiondedios.com\/?p=7085","og_locale":"es_ES","og_type":"article","og_title":"Sarah Mullally, primera mujer en ser elegida arzobispo de Canterbury","og_description":"La Iglesia de Inglaterra, y por lo tanto la Comuni\u00f3n Anglicana mundial, tiene un nuevo l\u00edder. Este\u00a0viernes 3 de octubre a las 10 a.m. hora brit\u00e1nica, se anunci\u00f3 que el 106\u00ba arzobispo de la Iglesia de Inglaterra era Sarah Mullally, la primera mujer en la historia en ocupar el cargo. Ha sido obispo de Londres [&hellip;]","og_url":"https:\/\/stereovisiondedios.com\/?p=7085","og_site_name":"Stereo Visi\u00f3n de Dios","article_publisher":"https:\/\/www.facebook.com\/visiondedios106.9fm","article_published_time":"2025-10-04T02:53:44+00:00","author":"NexoRadio","twitter_card":"summary_large_image","twitter_misc":{"Escrito por":"NexoRadio","Tiempo de lectura":"3 minutos"},"schema":{"@context":"https:\/\/schema.org","@graph":[{"@type":"Article","@id":"https:\/\/stereovisiondedios.com\/?p=7085#article","isPartOf":{"@id":"https:\/\/stereovisiondedios.com\/?p=7085"},"author":{"name":"NexoRadio","@id":"https:\/\/stereovisiondedios.com\/#\/schema\/person\/32b4d07d90fc8962809b81993562e343"},"headline":"Sarah Mullally, primera mujer en ser elegida arzobispo de Canterbury","datePublished":"2025-10-04T02:53:44+00:00","mainEntityOfPage":{"@id":"https:\/\/stereovisiondedios.com\/?p=7085"},"wordCount":609,"publisher":{"@id":"https:\/\/stereovisiondedios.com\/#organization"},"articleSection":["NexoPost"],"inLanguage":"es"},{"@type":"WebPage","@id":"https:\/\/stereovisiondedios.com\/?p=7085","url":"https:\/\/stereovisiondedios.com\/?p=7085","name":"Sarah Mullally, primera mujer en ser elegida arzobispo de Canterbury - Stereo Visi\u00f3n de Dios","isPartOf":{"@id":"https:\/\/stereovisiondedios.com\/#website"},"datePublished":"2025-10-04T02:53:44+00:00","breadcrumb":{"@id":"https:\/\/stereovisiondedios.com\/?p=7085#breadcrumb"},"inLanguage":"es","potentialAction":[{"@type":"ReadAction","target":["https:\/\/stereovisiondedios.com\/?p=7085"]}]},{"@type":"BreadcrumbList","@id":"https:\/\/stereovisiondedios.com\/?p=7085#breadcrumb","itemListElement":[{"@type":"ListItem","position":1,"name":"Home","item":"https:\/\/stereovisiondedios.com\/"},{"@type":"ListItem","position":2,"name":"Sarah Mullally, primera mujer en ser elegida arzobispo de Canterbury"}]},{"@type":"WebSite","@id":"https:\/\/stereovisiondedios.com\/#website","url":"https:\/\/stereovisiondedios.com\/","name":"Stereo Visi\u00f3n de Dios","description":"Conectate...","publisher":{"@id":"https:\/\/stereovisiondedios.com\/#organization"},"potentialAction":[{"@type":"SearchAction","target":{"@type":"EntryPoint","urlTemplate":"https:\/\/stereovisiondedios.com\/?s={search_term_string}"},"query-input":{"@type":"PropertyValueSpecification","valueRequired":true,"valueName":"search_term_string"}}],"inLanguage":"es"},{"@type":"Organization","@id":"https:\/\/stereovisiondedios.com\/#organization","name":"Radio Stereo Visi\u00f3n de Dios","url":"https:\/\/stereovisiondedios.com\/","logo":{"@type":"ImageObject","inLanguage":"es","@id":"https:\/\/stereovisiondedios.com\/#\/schema\/logo\/image\/","url":"https:\/\/stereovisiondedios.com\/wp-content\/uploads\/2024\/10\/www.fmhorizontesalta.com_.ar-5-1.png","contentUrl":"https:\/\/stereovisiondedios.com\/wp-content\/uploads\/2024\/10\/www.fmhorizontesalta.com_.ar-5-1.png","width":555,"height":114,"caption":"Radio Stereo Visi\u00f3n de Dios"},"image":{"@id":"https:\/\/stereovisiondedios.com\/#\/schema\/logo\/image\/"},"sameAs":["https:\/\/www.facebook.com\/visiondedios106.9fm","https:\/\/www.tiktok.com\/@vision_de_dios_106_9_fm","https:\/\/www.youtube.com\/@radiovisiondediosstereo106.9"]},{"@type":"Person","@id":"https:\/\/stereovisiondedios.com\/#\/schema\/person\/32b4d07d90fc8962809b81993562e343","name":"NexoRadio","image":{"@type":"ImageObject","inLanguage":"es","@id":"https:\/\/stereovisiondedios.com\/#\/schema\/person\/image\/","url":"https:\/\/secure.gravatar.com\/avatar\/5c8c3ec5af674c12295d543b84fe993caada4dedbc52804dace89aa6e7f89070?s=96&d=mm&r=g","contentUrl":"https:\/\/secure.gravatar.com\/avatar\/5c8c3ec5af674c12295d543b84fe993caada4dedbc52804dace89aa6e7f89070?s=96&d=mm&r=g","caption":"NexoRadio"},"url":"https:\/\/stereovisiondedios.com\/?author=2"}]}},"_links":{"self":[{"href":"https:\/\/stereovisiondedios.com\/index.php?rest_route=\/wp\/v2\/posts\/7085","targetHints":{"allow":["GET"]}}],"collection":[{"href":"https:\/\/stereovisiondedios.com\/index.php?rest_route=\/wp\/v2\/posts"}],"about":[{"href":"https:\/\/stereovisiondedios.com\/index.php?rest_route=\/wp\/v2\/types\/post"}],"author":[{"embeddable":true,"href":"https:\/\/stereovisiondedios.com\/index.php?rest_route=\/wp\/v2\/users\/2"}],"replies":[{"embeddable":true,"href":"https:\/\/stereovisiondedios.com\/index.php?rest_route=%2Fwp%2Fv2%2Fcomments&post=7085"}],"version-history":[{"count":0,"href":"https:\/\/stereovisiondedios.com\/index.php?rest_route=\/wp\/v2\/posts\/7085\/revisions"}],"wp:attachment":[{"href":"https:\/\/stereovisiondedios.com\/index.php?rest_route=%2Fwp%2Fv2%2Fmedia&parent=7085"}],"wp:term":[{"taxonomy":"category","embeddable":true,"href":"https:\/\/stereovisiondedios.com\/index.php?rest_route=%2Fwp%2Fv2%2Fcategories&post=7085"},{"taxonomy":"post_tag","embeddable":true,"href":"https:\/\/stereovisiondedios.com\/index.php?rest_route=%2Fwp%2Fv2%2Ftags&post=7085"}],"curies":[{"name":"wp","href":"https:\/\/api.w.org\/{rel}","templated":true}]}}