{"id":7086,"date":"2025-10-04T09:54:40","date_gmt":"2025-10-04T15:54:40","guid":{"rendered":"https:\/\/stereovisiondedios.com\/?p=7086"},"modified":"2025-10-04T09:54:40","modified_gmt":"2025-10-04T15:54:40","slug":"jimmy-morales-toda-posicion-abandonada-la-toma-el-enemigo-una-verdad-politica-y-para-el-cristiano","status":"publish","type":"post","link":"https:\/\/stereovisiondedios.com\/?p=7086","title":{"rendered":"Jimmy Morales: \u2018Toda posici\u00f3n abandonada la toma el enemigo, una verdad pol\u00edtica y para el cristiano\u2019"},"content":{"rendered":"<p><br \/>\n<\/p>\n<div>\n<p><strong>Este pasado 28 de julio se celebr\u00f3 el primer Foro Iberoamericano de Pol\u00edticos Cristianos sobre crimen organizado, seguridad continental, y participaci\u00f3n del cristiano.<\/strong><\/p>\n<p><strong>Estuvieron representados 21 pa\u00edses<\/strong>, cubriendo el espectro de las naciones con miembros en el Congreso Iberoamericano por la Vida y la Familia (C.Iber), entidad que a trav\u00e9s de su brazo pol\u00edtico UPIC -Uni\u00f3n de Parlamentarios Iberoamericanos Cristianos- convocaba y organizaba la reuni\u00f3n. M\u00e9xico, Venezuela, Argentina, Colombia y Uruguay (por ese orden) fueron los que m\u00e1s aportaron al encuentro, con un total de 500 personas registradas<\/p>\n<p><strong>Se abord\u00f3 este tema en el Foro <\/strong>por tratarse de un problema circular, pues tiene correspondencia a trav\u00e9s de las ligas delincuenciales que abarcan desde el narcotr\u00e1fico, la trata de personas, el lavado de activos, la pornograf\u00eda (incluyendo la pornograf\u00eda infantil), y much\u00edsimas otras aristas que afectan la vida diaria de millones de personas. Los gobiernos no han podido hacer frente a este fen\u00f3meno diverso y en algunos casos, incluso se han asociado a \u00e9l.<\/p>\n<p>Participaron legisladores como \u00c1lvaro Dastugue y Gerardo Amarilla, siendo el ponente principal el ex presidente de Guatemala, Jimmy Morales.<\/p>\n<p>La sesi\u00f3n fue v\u00eda zoom y <strong>se har\u00e1 un documento de cada Foro (Cuadernos de Am\u00e9rica)<\/strong> que se enviar\u00e1 a quienes han asistido al mismo, y tambi\u00e9n recibir\u00e1n el video del encuentro.<\/p>\n<p><strong>El siguiente paso ser\u00e1 discutir este documento en la pr\u00f3xima y \u00faltima sesi\u00f3n sobre este tema en un segundo Foro, el pr\u00f3ximo lunes 25 de agosto.<\/strong> En el mismo participar\u00e1n distinguidos referentes de distintas ramas, como la academia, la jurisprudencia, legisladores y servidores p\u00fablicos de alto nivel que, desde una cosmovisi\u00f3n cristiana, que servir\u00e1 para construir la posici\u00f3n oficial del Congreso Iberoamericano sobre Seguridad Continental.<\/p>\n<p>\u00a0<\/p>\n<p>Tras los saludos de <strong>Aar\u00f3n Lara<\/strong>, presidente del C.Iber, intervino <strong>\u00c1lvaro Dastugue<\/strong> presidente de la UIPC, que <strong>present\u00f3 el Banco de Iniciativas<\/strong>, que contendr\u00e1 las leyes aprobadas en Latinoam\u00e9rica de inter\u00e9s para la vida, la familia, la justicia y la dignidad de las personas. A trav\u00e9s de internet se podr\u00e1 acceder para tener a su disposici\u00f3n esta valiosa informaci\u00f3n, \u00fatil para elaborar ideas o documentos a trabajar en cada pa\u00eds.<\/p>\n<p>Para acceder a esta base de datos es necesario ser parte del C.Iber o de la UIPC, que adem\u00e1s ofrecer\u00e1 asesor\u00eda t\u00e9cnica si fuese precisa para los miembros del Ciber y la UIPC\u00a0(el requisito para integrarse en la UIPC es ser cristiano, pol\u00edtico activo con cargo, o bien tener actividad en la pol\u00edtica).<\/p>\n<p>\u00a0<\/p>\n<p>Intervino ampliando esta informaci\u00f3n sobre el Banco de Iniciativas <strong>Gerardo Amarilla<\/strong> (exviceministro uruguayo).\u00a0 Resalt\u00f3 que <strong>este Banco de Iniciativas servir\u00e1 tambi\u00e9n para alcanzar una meta indispensable y necesaria con urgencia: generar agendas comunes desde una visi\u00f3n b\u00edblica<\/strong>, que incluya la defensa de la vida la familia y las libertades, y que pueden servir para cualquier orientaci\u00f3n pol\u00edtica. \u201cLa matriz evang\u00e9lica si se suma la cat\u00f3lica llega a m\u00e1s del 70% de la poblaci\u00f3n que se define como cristiana, esto da una enorme trascendencia a conseguir coordinarnos en nuestras metas y m\u00e9todos\u201d.<\/p>\n<p>Amarilla explic\u00f3 que la UIPC es tambi\u00e9n un foro de experiencias pol\u00edticas, asesoramiento para realizar campa\u00f1as, c\u00f3mo afrontar ciertos temas dif\u00edciles, y tener apoyos cuando sea necesario y posible. \u201cSe trata de capacitarnos y buscar la excelencia para servir a nuestros pueblos y <strong>descifrar las agendas que se quieren imponer desde fuera de los pa\u00edses desde grupos de presi\u00f3n<\/strong>, avis\u00e1ndonos unos a otros de los mismos\u201d.<\/p>\n<p>El pol\u00edtico uruguayo enfatiz\u00f3 tambi\u00e9n la importancia de definir temas prioritarios y c\u00f3mo abordarlos, y para ello \u201cel Banco de Iniciativas dispondr\u00e1 y ofrecer\u00e1 datos y cifras que sirvan como base objetiva para definir y defender nuestros posicionamientos\u201d.<\/p>\n<p><strong>Por \u00faltimo, recalc\u00f3 que \u201cla vida y la familia incluye tambi\u00e9n la econom\u00eda, la seguridad (el narcotr\u00e1fico), la migraci\u00f3n, la Inteligencia Artificial, la educaci\u00f3n y otras muchas \u00e1reas en las que debemos de aportar nuestro trabajo\u201d.<\/strong><\/p>\n<p>Y remat\u00f3 diciendo que \u201cnuestros propios gobernantes generan dolores de parto y la necesidad de un nuevo tiempo, para lo que necesitamos una nueva generaci\u00f3n formada para entender la realidad y las respuestas desde la fe y los valores cristianos\u201d.<\/p>\n<p>\u00a0<\/p>\n<p><img decoding=\"async\" alt=\"Jimmy Morales: \u2018Toda posici\u00f3n abandonada la toma el enemigo, una verdad pol\u00edtica y para el cristiano\u2019\" title=\"Jimmy Morales: \u2018Toda posici\u00f3n abandonada la toma el enemigo, una verdad pol\u00edtica y para el cristiano\u2019\" src=\"https:\/\/cms.evangelicodigital.com\/upload\/imagenes\/688c8d20b495f_foroW1.jpg\"\/><\/p>\n<p><strong>La ponencia central estuvo a cargo de Jimmy Morales, ex presidente de Guatemala, de fe evang\u00e9lica<\/strong> y primer mandatario iberoamericano en trasladar la embajada de Tel Aviv a Jerusal\u00e9n. \u201cExiste una guerra espiritual muy real y nosotros estamos inmersos en ella, es necesario tenerlo claro\u201d comenz\u00f3 su participaci\u00f3n.<\/p>\n<p>Luego enfoc\u00f3 su tema en la existencia de un territorio natural y de un pueblo espiritual (de esto \u00faltimo puso de ejemplo a Ester y Mardoqueo). El cristiano debe aportar sus valores en seguridad al territorio nacional al que pertenece.<\/p>\n<p><strong>En cuanto a las amenazas, dijo, las hay externas de todo tipo: b\u00e9licas, econ\u00f3micas e ideol\u00f3gicas<\/strong>. \u201cTambi\u00e9n algunas no tan evidentes, como ocurri\u00f3 con Obama y Biden, que quisieron implantar <strong>la ideolog\u00eda de g\u00e9nero<\/strong> utilizando la agenda 2030 normalizando y legalizando sus valores en las diferentes naciones. Lo hacen con \u201cletra peque\u00f1a\u201d y terminolog\u00eda abstracta (g\u00e9nero, inclusividad, igualdad). Esto afecta e incluye incluso los libros de texto\u201d.<\/p>\n<p>Y ante esta situaci\u00f3n, como reza el dicho \u201cToda posici\u00f3n abandonada es tomada por el enemigo, y eso es verdad en la pol\u00edtica y con los cristianos\u201d.<\/p>\n<p><strong>En cuanto a las amenazas internas, como el narcotr\u00e1fico y actividades delictivas organizadas, \u201csu capacidad econ\u00f3mica y de armamento es enorme<\/strong>, acerc\u00e1ndose en ocasiones al PIB de alguno de sus pa\u00edses. Esto produce perversi\u00f3n de la juventud, llegando a admirarse el crimen y su forma de vida. <strong>Pero lo grave es su infiltraci\u00f3n en las instancias policiales y pol\u00edticas; a lo que se a\u00f1ade el lavado de dinero<\/strong>, con narco pastores y narco iglesias que son minor\u00eda pero que existen\u201d. Ante esta situaci\u00f3n \u201chacen falta hombres \u00edntegros y valientes, porque los riesgos y presiones son enormes\u201d.<\/p>\n<p><strong>Tambi\u00e9n es necesario distanciarse de la pol\u00edtica que busca logros al momento<\/strong>. \u201cLos pol\u00edticos cristianos deben trabajar hoy para el futuro, aunque de manera inmediata no den r\u00e9ditos\u201d.<\/p>\n<p><strong>En cuanto al aspecto puramente espiritual, entiende Morales que \u201csomos responsables de impedir que entren pol\u00edticas que vayan en el sentido contrario a nuestra visi\u00f3n. Y en especial el laicismo<\/strong> que ha ido m\u00e1s all\u00e1 de lo laico llegando a la imposici\u00f3n o marginaci\u00f3n del cristianismo. No podemos ser pasivos ante esto. Como Mardoqueo le dijo a Ester: \u201cNo pienses que escapar\u00e1s en la casa del rey m\u00e1s que cualquier otro jud\u00edo.\u00a0Porque si callas absolutamente en este tiempo, respiro y liberaci\u00f3n vendr\u00e1 de alguna otra parte para los jud\u00edos; mas t\u00fa y la casa de tu padre perecer\u00e9is. \u00bfY qui\u00e9n sabe si para esta hora has llegado al reino?\u201d (Ester 4:13-14). Este es el gran desdaf\u00edo para los cristianos que quieren participar en la vida p\u00fablica\u00bb.<\/p>\n<p>Se sigui\u00f3 de una larga sesi\u00f3n de preguntas sobre aspectos pr\u00e1cticos y experiencias del propio Jimmy Morales muy interesantes.<\/p>\n<\/p><\/div>\n<p>\n          Publicado en: <span class=\"text-turquoise\"> <a href=\"https:\/\/www.evangelicodigital.com\">EVANG\u00c9LICO DIGITAL<\/a> &#8211; <a href=\"https:\/\/www.evangelicodigital.com\/latinoamerica\">LATINOAM\u00c9RICA<\/a><\/span><br \/>\n          &#8211; Jimmy Morales: \u2018Toda posici\u00f3n abandonada la toma el enemigo, una verdad pol\u00edtica y para el cristiano\u2019\n        <\/p>\n<p><br \/>\n<br \/><a href=\"https:\/\/www.evangelicodigital.com\/latinoamerica\/37506\/jimmy-morales-a-politicos-cristianos-toda-posicion-abandonada-la-toma-el-enemigo-verdad-politica-y-para-el-cristiano\">Source link <\/a><\/p>\n","protected":false},"excerpt":{"rendered":"<p>Este pasado 28 de julio se celebr\u00f3 el primer Foro Iberoamericano de Pol\u00edticos Cristianos sobre crimen organizado, seguridad continental, y participaci\u00f3n del cristiano. Estuvieron representados 21 pa\u00edses, cubriendo el espectro de las naciones con miembros en el Congreso Iberoamericano por la Vida y la Familia (C.Iber), entidad que a trav\u00e9s de su brazo pol\u00edtico UPIC [&hellip;]<\/p>\n","protected":false},"author":2,"featured_media":7087,"comment_status":"","ping_status":"open","sticky":false,"template":"","format":"standard","meta":{"fifu_image_url":"https:\/\/cms.evangelicodigital.com\/upload\/imagenes\/688c8d20b495f_foroW1.jpg","fifu_image_alt":"","footnotes":""},"categories":[1],"tags":[],"class_list":["post-7086","post","type-post","status-publish","format-standard","has-post-thumbnail","hentry","category-nexopost"],"yoast_head":"<!-- This site is optimized with the Yoast SEO Premium plugin v25.7.1 (Yoast SEO v26.5) - https:\/\/yoast.com\/wordpress\/plugins\/seo\/ -->\n<title>Jimmy Morales: \u2018Toda posici\u00f3n abandonada la toma el enemigo, una verdad pol\u00edtica y para el cristiano\u2019 - Stereo Visi\u00f3n de Dios<\/title>\n<meta name=\"robots\" content=\"index, follow, max-snippet:-1, max-image-preview:large, max-video-preview:-1\" \/>\n<link rel=\"canonical\" href=\"https:\/\/stereovisiondedios.com\/?p=7086\" \/>\n<meta property=\"og:locale\" content=\"es_ES\" \/>\n<meta property=\"og:type\" content=\"article\" \/>\n<meta property=\"og:title\" content=\"Jimmy Morales: \u2018Toda posici\u00f3n abandonada la toma el enemigo, una verdad pol\u00edtica y para el cristiano\u2019\" \/>\n<meta property=\"og:description\" content=\"Este pasado 28 de julio se celebr\u00f3 el primer Foro Iberoamericano de Pol\u00edticos Cristianos sobre crimen organizado, seguridad continental, y participaci\u00f3n del cristiano. Estuvieron representados 21 pa\u00edses, cubriendo el espectro de las naciones con miembros en el Congreso Iberoamericano por la Vida y la Familia (C.Iber), entidad que a trav\u00e9s de su brazo pol\u00edtico UPIC [&hellip;]\" \/>\n<meta property=\"og:url\" content=\"https:\/\/stereovisiondedios.com\/?p=7086\" \/>\n<meta property=\"og:site_name\" content=\"Stereo Visi\u00f3n de Dios\" \/>\n<meta property=\"article:publisher\" content=\"https:\/\/www.facebook.com\/visiondedios106.9fm\" \/>\n<meta property=\"article:published_time\" content=\"2025-10-04T15:54:40+00:00\" \/>\n<meta property=\"og:image\" content=\"https:\/\/cms.evangelicodigital.com\/upload\/imagenes\/688c8d20b495f_foroW1.jpg\" \/>\n<meta name=\"author\" content=\"NexoRadio\" \/>\n<meta name=\"twitter:card\" content=\"summary_large_image\" \/>\n<meta name=\"twitter:image\" content=\"https:\/\/cms.evangelicodigital.com\/upload\/imagenes\/688c8d20b495f_foroW1.jpg\" \/>\n<meta name=\"twitter:label1\" content=\"Escrito por\" \/>\n\t<meta name=\"twitter:data1\" content=\"NexoRadio\" \/>\n\t<meta name=\"twitter:label2\" content=\"Tiempo de lectura\" \/>\n\t<meta name=\"twitter:data2\" content=\"6 minutos\" \/>\n<script type=\"application\/ld+json\" class=\"yoast-schema-graph\">{\"@context\":\"https:\/\/schema.org\",\"@graph\":[{\"@type\":\"Article\",\"@id\":\"https:\/\/stereovisiondedios.com\/?p=7086#article\",\"isPartOf\":{\"@id\":\"https:\/\/stereovisiondedios.com\/?p=7086\"},\"author\":{\"name\":\"NexoRadio\",\"@id\":\"https:\/\/stereovisiondedios.com\/#\/schema\/person\/32b4d07d90fc8962809b81993562e343\"},\"headline\":\"Jimmy Morales: \u2018Toda posici\u00f3n abandonada la toma el enemigo, una verdad pol\u00edtica y para el cristiano\u2019\",\"datePublished\":\"2025-10-04T15:54:40+00:00\",\"mainEntityOfPage\":{\"@id\":\"https:\/\/stereovisiondedios.com\/?p=7086\"},\"wordCount\":1284,\"publisher\":{\"@id\":\"https:\/\/stereovisiondedios.com\/#organization\"},\"image\":{\"@id\":\"https:\/\/stereovisiondedios.com\/?p=7086#primaryimage\"},\"thumbnailUrl\":\"https:\/\/cms.evangelicodigital.com\/upload\/imagenes\/688c8d20b495f_foroW1.jpg\",\"articleSection\":[\"NexoPost\"],\"inLanguage\":\"es\"},{\"@type\":\"WebPage\",\"@id\":\"https:\/\/stereovisiondedios.com\/?p=7086\",\"url\":\"https:\/\/stereovisiondedios.com\/?p=7086\",\"name\":\"Jimmy Morales: \u2018Toda posici\u00f3n abandonada la toma el enemigo, una verdad pol\u00edtica y para el cristiano\u2019 - Stereo Visi\u00f3n de Dios\",\"isPartOf\":{\"@id\":\"https:\/\/stereovisiondedios.com\/#website\"},\"primaryImageOfPage\":{\"@id\":\"https:\/\/stereovisiondedios.com\/?p=7086#primaryimage\"},\"image\":{\"@id\":\"https:\/\/stereovisiondedios.com\/?p=7086#primaryimage\"},\"thumbnailUrl\":\"https:\/\/cms.evangelicodigital.com\/upload\/imagenes\/688c8d20b495f_foroW1.jpg\",\"datePublished\":\"2025-10-04T15:54:40+00:00\",\"breadcrumb\":{\"@id\":\"https:\/\/stereovisiondedios.com\/?p=7086#breadcrumb\"},\"inLanguage\":\"es\",\"potentialAction\":[{\"@type\":\"ReadAction\",\"target\":[\"https:\/\/stereovisiondedios.com\/?p=7086\"]}]},{\"@type\":\"ImageObject\",\"inLanguage\":\"es\",\"@id\":\"https:\/\/stereovisiondedios.com\/?p=7086#primaryimage\",\"url\":\"https:\/\/cms.evangelicodigital.com\/upload\/imagenes\/688c8d20b495f_foroW1.jpg\",\"contentUrl\":\"https:\/\/cms.evangelicodigital.com\/upload\/imagenes\/688c8d20b495f_foroW1.jpg\"},{\"@type\":\"BreadcrumbList\",\"@id\":\"https:\/\/stereovisiondedios.com\/?p=7086#breadcrumb\",\"itemListElement\":[{\"@type\":\"ListItem\",\"position\":1,\"name\":\"Home\",\"item\":\"https:\/\/stereovisiondedios.com\/\"},{\"@type\":\"ListItem\",\"position\":2,\"name\":\"Jimmy Morales: \u2018Toda posici\u00f3n abandonada la toma el enemigo, una verdad pol\u00edtica y para el cristiano\u2019\"}]},{\"@type\":\"WebSite\",\"@id\":\"https:\/\/stereovisiondedios.com\/#website\",\"url\":\"https:\/\/stereovisiondedios.com\/\",\"name\":\"Stereo Visi\u00f3n de Dios\",\"description\":\"Conectate...\",\"publisher\":{\"@id\":\"https:\/\/stereovisiondedios.com\/#organization\"},\"potentialAction\":[{\"@type\":\"SearchAction\",\"target\":{\"@type\":\"EntryPoint\",\"urlTemplate\":\"https:\/\/stereovisiondedios.com\/?s={search_term_string}\"},\"query-input\":{\"@type\":\"PropertyValueSpecification\",\"valueRequired\":true,\"valueName\":\"search_term_string\"}}],\"inLanguage\":\"es\"},{\"@type\":\"Organization\",\"@id\":\"https:\/\/stereovisiondedios.com\/#organization\",\"name\":\"Radio Stereo Visi\u00f3n de Dios\",\"url\":\"https:\/\/stereovisiondedios.com\/\",\"logo\":{\"@type\":\"ImageObject\",\"inLanguage\":\"es\",\"@id\":\"https:\/\/stereovisiondedios.com\/#\/schema\/logo\/image\/\",\"url\":\"https:\/\/stereovisiondedios.com\/wp-content\/uploads\/2024\/10\/www.fmhorizontesalta.com_.ar-5-1.png\",\"contentUrl\":\"https:\/\/stereovisiondedios.com\/wp-content\/uploads\/2024\/10\/www.fmhorizontesalta.com_.ar-5-1.png\",\"width\":555,\"height\":114,\"caption\":\"Radio Stereo Visi\u00f3n de Dios\"},\"image\":{\"@id\":\"https:\/\/stereovisiondedios.com\/#\/schema\/logo\/image\/\"},\"sameAs\":[\"https:\/\/www.facebook.com\/visiondedios106.9fm\",\"https:\/\/www.tiktok.com\/@vision_de_dios_106_9_fm\",\"https:\/\/www.youtube.com\/@radiovisiondediosstereo106.9\"]},{\"@type\":\"Person\",\"@id\":\"https:\/\/stereovisiondedios.com\/#\/schema\/person\/32b4d07d90fc8962809b81993562e343\",\"name\":\"NexoRadio\",\"image\":{\"@type\":\"ImageObject\",\"inLanguage\":\"es\",\"@id\":\"https:\/\/stereovisiondedios.com\/#\/schema\/person\/image\/\",\"url\":\"https:\/\/secure.gravatar.com\/avatar\/5c8c3ec5af674c12295d543b84fe993caada4dedbc52804dace89aa6e7f89070?s=96&d=mm&r=g\",\"contentUrl\":\"https:\/\/secure.gravatar.com\/avatar\/5c8c3ec5af674c12295d543b84fe993caada4dedbc52804dace89aa6e7f89070?s=96&d=mm&r=g\",\"caption\":\"NexoRadio\"},\"url\":\"https:\/\/stereovisiondedios.com\/?author=2\"}]}<\/script>\n<!-- \/ Yoast SEO Premium plugin. -->","yoast_head_json":{"title":"Jimmy Morales: \u2018Toda posici\u00f3n abandonada la toma el enemigo, una verdad pol\u00edtica y para el cristiano\u2019 - Stereo Visi\u00f3n de Dios","robots":{"index":"index","follow":"follow","max-snippet":"max-snippet:-1","max-image-preview":"max-image-preview:large","max-video-preview":"max-video-preview:-1"},"canonical":"https:\/\/stereovisiondedios.com\/?p=7086","og_locale":"es_ES","og_type":"article","og_title":"Jimmy Morales: \u2018Toda posici\u00f3n abandonada la toma el enemigo, una verdad pol\u00edtica y para el cristiano\u2019","og_description":"Este pasado 28 de julio se celebr\u00f3 el primer Foro Iberoamericano de Pol\u00edticos Cristianos sobre crimen organizado, seguridad continental, y participaci\u00f3n del cristiano. Estuvieron representados 21 pa\u00edses, cubriendo el espectro de las naciones con miembros en el Congreso Iberoamericano por la Vida y la Familia (C.Iber), entidad que a trav\u00e9s de su brazo pol\u00edtico UPIC [&hellip;]","og_url":"https:\/\/stereovisiondedios.com\/?p=7086","og_site_name":"Stereo Visi\u00f3n de Dios","article_publisher":"https:\/\/www.facebook.com\/visiondedios106.9fm","article_published_time":"2025-10-04T15:54:40+00:00","og_image":[{"url":"https:\/\/cms.evangelicodigital.com\/upload\/imagenes\/688c8d20b495f_foroW1.jpg","type":"","width":"","height":""}],"author":"NexoRadio","twitter_card":"summary_large_image","twitter_image":"https:\/\/cms.evangelicodigital.com\/upload\/imagenes\/688c8d20b495f_foroW1.jpg","twitter_misc":{"Escrito por":"NexoRadio","Tiempo de lectura":"6 minutos"},"schema":{"@context":"https:\/\/schema.org","@graph":[{"@type":"Article","@id":"https:\/\/stereovisiondedios.com\/?p=7086#article","isPartOf":{"@id":"https:\/\/stereovisiondedios.com\/?p=7086"},"author":{"name":"NexoRadio","@id":"https:\/\/stereovisiondedios.com\/#\/schema\/person\/32b4d07d90fc8962809b81993562e343"},"headline":"Jimmy Morales: \u2018Toda posici\u00f3n abandonada la toma el enemigo, una verdad pol\u00edtica y para el cristiano\u2019","datePublished":"2025-10-04T15:54:40+00:00","mainEntityOfPage":{"@id":"https:\/\/stereovisiondedios.com\/?p=7086"},"wordCount":1284,"publisher":{"@id":"https:\/\/stereovisiondedios.com\/#organization"},"image":{"@id":"https:\/\/stereovisiondedios.com\/?p=7086#primaryimage"},"thumbnailUrl":"https:\/\/cms.evangelicodigital.com\/upload\/imagenes\/688c8d20b495f_foroW1.jpg","articleSection":["NexoPost"],"inLanguage":"es"},{"@type":"WebPage","@id":"https:\/\/stereovisiondedios.com\/?p=7086","url":"https:\/\/stereovisiondedios.com\/?p=7086","name":"Jimmy Morales: \u2018Toda posici\u00f3n abandonada la toma el enemigo, una verdad pol\u00edtica y para el cristiano\u2019 - Stereo Visi\u00f3n de Dios","isPartOf":{"@id":"https:\/\/stereovisiondedios.com\/#website"},"primaryImageOfPage":{"@id":"https:\/\/stereovisiondedios.com\/?p=7086#primaryimage"},"image":{"@id":"https:\/\/stereovisiondedios.com\/?p=7086#primaryimage"},"thumbnailUrl":"https:\/\/cms.evangelicodigital.com\/upload\/imagenes\/688c8d20b495f_foroW1.jpg","datePublished":"2025-10-04T15:54:40+00:00","breadcrumb":{"@id":"https:\/\/stereovisiondedios.com\/?p=7086#breadcrumb"},"inLanguage":"es","potentialAction":[{"@type":"ReadAction","target":["https:\/\/stereovisiondedios.com\/?p=7086"]}]},{"@type":"ImageObject","inLanguage":"es","@id":"https:\/\/stereovisiondedios.com\/?p=7086#primaryimage","url":"https:\/\/cms.evangelicodigital.com\/upload\/imagenes\/688c8d20b495f_foroW1.jpg","contentUrl":"https:\/\/cms.evangelicodigital.com\/upload\/imagenes\/688c8d20b495f_foroW1.jpg"},{"@type":"BreadcrumbList","@id":"https:\/\/stereovisiondedios.com\/?p=7086#breadcrumb","itemListElement":[{"@type":"ListItem","position":1,"name":"Home","item":"https:\/\/stereovisiondedios.com\/"},{"@type":"ListItem","position":2,"name":"Jimmy Morales: \u2018Toda posici\u00f3n abandonada la toma el enemigo, una verdad pol\u00edtica y para el cristiano\u2019"}]},{"@type":"WebSite","@id":"https:\/\/stereovisiondedios.com\/#website","url":"https:\/\/stereovisiondedios.com\/","name":"Stereo Visi\u00f3n de Dios","description":"Conectate...","publisher":{"@id":"https:\/\/stereovisiondedios.com\/#organization"},"potentialAction":[{"@type":"SearchAction","target":{"@type":"EntryPoint","urlTemplate":"https:\/\/stereovisiondedios.com\/?s={search_term_string}"},"query-input":{"@type":"PropertyValueSpecification","valueRequired":true,"valueName":"search_term_string"}}],"inLanguage":"es"},{"@type":"Organization","@id":"https:\/\/stereovisiondedios.com\/#organization","name":"Radio Stereo Visi\u00f3n de Dios","url":"https:\/\/stereovisiondedios.com\/","logo":{"@type":"ImageObject","inLanguage":"es","@id":"https:\/\/stereovisiondedios.com\/#\/schema\/logo\/image\/","url":"https:\/\/stereovisiondedios.com\/wp-content\/uploads\/2024\/10\/www.fmhorizontesalta.com_.ar-5-1.png","contentUrl":"https:\/\/stereovisiondedios.com\/wp-content\/uploads\/2024\/10\/www.fmhorizontesalta.com_.ar-5-1.png","width":555,"height":114,"caption":"Radio Stereo Visi\u00f3n de Dios"},"image":{"@id":"https:\/\/stereovisiondedios.com\/#\/schema\/logo\/image\/"},"sameAs":["https:\/\/www.facebook.com\/visiondedios106.9fm","https:\/\/www.tiktok.com\/@vision_de_dios_106_9_fm","https:\/\/www.youtube.com\/@radiovisiondediosstereo106.9"]},{"@type":"Person","@id":"https:\/\/stereovisiondedios.com\/#\/schema\/person\/32b4d07d90fc8962809b81993562e343","name":"NexoRadio","image":{"@type":"ImageObject","inLanguage":"es","@id":"https:\/\/stereovisiondedios.com\/#\/schema\/person\/image\/","url":"https:\/\/secure.gravatar.com\/avatar\/5c8c3ec5af674c12295d543b84fe993caada4dedbc52804dace89aa6e7f89070?s=96&d=mm&r=g","contentUrl":"https:\/\/secure.gravatar.com\/avatar\/5c8c3ec5af674c12295d543b84fe993caada4dedbc52804dace89aa6e7f89070?s=96&d=mm&r=g","caption":"NexoRadio"},"url":"https:\/\/stereovisiondedios.com\/?author=2"}]}},"_links":{"self":[{"href":"https:\/\/stereovisiondedios.com\/index.php?rest_route=\/wp\/v2\/posts\/7086","targetHints":{"allow":["GET"]}}],"collection":[{"href":"https:\/\/stereovisiondedios.com\/index.php?rest_route=\/wp\/v2\/posts"}],"about":[{"href":"https:\/\/stereovisiondedios.com\/index.php?rest_route=\/wp\/v2\/types\/post"}],"author":[{"embeddable":true,"href":"https:\/\/stereovisiondedios.com\/index.php?rest_route=\/wp\/v2\/users\/2"}],"replies":[{"embeddable":true,"href":"https:\/\/stereovisiondedios.com\/index.php?rest_route=%2Fwp%2Fv2%2Fcomments&post=7086"}],"version-history":[{"count":0,"href":"https:\/\/stereovisiondedios.com\/index.php?rest_route=\/wp\/v2\/posts\/7086\/revisions"}],"wp:featuredmedia":[{"embeddable":true,"href":"https:\/\/stereovisiondedios.com\/index.php?rest_route=\/wp\/v2\/media\/7087"}],"wp:attachment":[{"href":"https:\/\/stereovisiondedios.com\/index.php?rest_route=%2Fwp%2Fv2%2Fmedia&parent=7086"}],"wp:term":[{"taxonomy":"category","embeddable":true,"href":"https:\/\/stereovisiondedios.com\/index.php?rest_route=%2Fwp%2Fv2%2Fcategories&post=7086"},{"taxonomy":"post_tag","embeddable":true,"href":"https:\/\/stereovisiondedios.com\/index.php?rest_route=%2Fwp%2Fv2%2Ftags&post=7086"}],"curies":[{"name":"wp","href":"https:\/\/api.w.org\/{rel}","templated":true}]}}