{"id":7089,"date":"2025-10-05T12:06:37","date_gmt":"2025-10-05T18:06:37","guid":{"rendered":"https:\/\/stereovisiondedios.com\/?p=7089"},"modified":"2025-10-05T12:06:37","modified_gmt":"2025-10-05T18:06:37","slug":"amplia-respuesta-evangelica-ante-el-i-encuentro-global-de-infancias-trans-en-tucuman","status":"publish","type":"post","link":"https:\/\/stereovisiondedios.com\/?p=7089","title":{"rendered":"Amplia respuesta evang\u00e9lica ante el \u2018I Encuentro Global de Infancias Trans\u2019 en Tucum\u00e1n"},"content":{"rendered":"<p><br \/>\n<\/p>\n<div>\n<p><strong>Se ha anunciado el evento denominado \u201cPrimer Encuentro Global de Infancias Trans\u201d, que se llevar\u00e1 a cabo en la ciudad de San Miguel de Tucum\u00e1n (Argentina) el d\u00eda 18 de octubre de 2025.<\/strong><\/p>\n<p>En el mismo participan colectivos de la diversidad sexual con el prop\u00f3sito de imponer la agenda globalista de la ideolog\u00eda de g\u00e9nero, contando con el respaldo del gobierno de la provincia.<\/p>\n<p>Ante ello<strong> ha surgido una amplia reacci\u00f3n del pueblo evang\u00e9lico a trav\u00e9s de su liderazgo espiritual y sus representantes legales. Por un lado varias organizaciones cristianas se reunieron con pastores de Tucum\u00e1n, ofreciendo un seminario sobre lo que consideran las \u201cmal llamadas infancias trans\u201d,<\/strong> organizado por Ana Valoy junto con un amplio grupo del liderazgo que atiende la defensa de la ni\u00f1ez.<\/p>\n<p>Entregar\u00e1n un documento a las autoridades provinciales manifestando su rechazo a esta ideolog\u00eda. Adem\u00e1s, anuncian, realizar\u00e1n otras acciones en lo que consideran una \u00a0batalla en favor de los ni\u00f1os, adolescentes y j\u00f3venes.<\/p>\n<p>\u00a0<\/p>\n<p>Por su parte <strong>ACIERA (Alianza Cristiana de Iglesias Evang\u00e9licas de la Rep\u00fablica Argentina)<\/strong> recuerda que \u201cbrinda asistencia a millones de ni\u00f1os y adolescentes en todo el pa\u00eds a trav\u00e9s de las Iglesias y organizaciones que la integran\u201d y que desde su experiencia sostienen que <strong>\u201cno puede hablarse en ning\u00fan caso de &#8216;infancias trans&#8217;, sino de ni\u00f1os que son inducidos y manipulados por adultos que se aprovechan de su inmadurez\u201d.<\/strong><\/p>\n<p>\u201cComo cristianos, y como representantes de miles de Iglesias evang\u00e9licas de la Rep\u00fablica Argentina\u201d entienden que deben \u201cvelar por los m\u00e1s d\u00e9biles y por ello nos resulta imperioso proteger a los ni\u00f1os y adolescentes de manera especial, y con las herramientas legales que existen para hacer efectiva dicha tutela\u201d.<\/p>\n<p><strong><a href=\"https:\/\/www.aciera.org\/declaracion-de-aciera-repudio-al-1-encuentro-global-de-infancias-trans-a-realizarse-en-tucuman\/\" target=\"_blank\">En su comunicado<\/a> expresan su oposici\u00f3n a los tratamientos hormonales y las cirug\u00edas de \u2018cambio de sexo\u2019<\/strong> porque \u201cno s\u00f3lo son totalmente invasivos e irreversibles, sino que provocan da\u00f1os inconmensurables en la vida de las personas, cu\u00e1nto m\u00e1s si se trata de un ni\u00f1o\u201d.<\/p>\n<p><strong>Recuerdan que el r\u00e9gimen legal argentino da una amplia protecci\u00f3n a los menores (*) y lamentan que \u201cla Honorable Legislatura Provincial de Tucum\u00e1n se sume a respaldar una actividad que promueve este atentado a la integridad de los ni\u00f1os<\/strong>, siendo que, como Poder del Estado, est\u00e1 llamada a respetar su \u2018inter\u00e9s superior\u2019, tal como reza la Convenci\u00f3n Internacional sobre los Derechos del Ni\u00f1o, de rango constitucional\u201d.<\/p>\n<p><strong>Junto a la defensa de la legalidad, recuerdan el imperativo moral<\/strong> de que \u201ccomo adultos responsables tenemos el deber legal de respetar la integridad f\u00edsica, ps\u00edquica, emocional, sexual y espiritual de los ni\u00f1os y adolescentes\u201d.<\/p>\n<p>&#8212;&#8212;&#8212;&#8212;&#8212;-<\/p>\n<p style=\"margin-left:35.4pt;\"><strong>(*) <\/strong><em>El r\u00e9gimen legal argentino cuenta con numerosas normas que protegen la vida e integridad f\u00edsica de los ni\u00f1os. La Constituci\u00f3n Argentina en su reforma del a\u00f1o 1994 ha incorporado al llamado \u201cbloque de constitucionalidad\u201d, tratados internacionales tales como la Convenci\u00f3n Interamericana de Derechos Humanos o la Convenci\u00f3n Internacional sobre los Derechos del Ni\u00f1o (Ley 23.849).<\/em><\/p>\n<p style=\"margin-left:35.4pt;\"><em>La Ley 26.061, por su parte, se ocupa de manera espec\u00edfica de proteger los derechos a la vida y a la integridad f\u00edsica de los ni\u00f1os, ni\u00f1as y adolescentes, contra los actos que pudieran vulnerarlos, no s\u00f3lo de parte de los particulares, sino del propio Estado.<\/em><\/p>\n<p style=\"margin-left:35.4pt;\"><em>Adem\u00e1s, est\u00e1 en vigencia el Decreto de Necesidad y Urgencia 62\/2025 que impide que se realicen todo tipo de tratamientos de esta \u00edndole en los menores de 18 a\u00f1os.<\/em><\/p>\n<\/p><\/div>\n<p>\n          Publicado en: <span class=\"text-turquoise\"> <a href=\"https:\/\/www.evangelicodigital.com\">EVANG\u00c9LICO DIGITAL<\/a> &#8211; <a href=\"https:\/\/www.evangelicodigital.com\/latinoamerica\">LATINOAM\u00c9RICA<\/a><\/span><br \/>\n          &#8211; Amplia respuesta evang\u00e9lica ante el \u2018I Encuentro Global de Infancias Trans\u2019 en Tucum\u00e1n\n        <\/p>\n<p><br \/>\n<br \/><a href=\"https:\/\/www.evangelicodigital.com\/latinoamerica\/38420\/amplia-respuesta-evangelica-al-encuentro-global-de-infancias-trans-en-tucuman\">Source link <\/a><\/p>\n","protected":false},"excerpt":{"rendered":"<p>Se ha anunciado el evento denominado \u201cPrimer Encuentro Global de Infancias Trans\u201d, que se llevar\u00e1 a cabo en la ciudad de San Miguel de Tucum\u00e1n (Argentina) el d\u00eda 18 de octubre de 2025. En el mismo participan colectivos de la diversidad sexual con el prop\u00f3sito de imponer la agenda globalista de la ideolog\u00eda de g\u00e9nero, [&hellip;]<\/p>\n","protected":false},"author":2,"featured_media":0,"comment_status":"","ping_status":"open","sticky":false,"template":"","format":"standard","meta":{"fifu_image_url":"","fifu_image_alt":"","footnotes":""},"categories":[1],"tags":[],"class_list":["post-7089","post","type-post","status-publish","format-standard","hentry","category-nexopost"],"yoast_head":"<!-- This site is optimized with the Yoast SEO Premium plugin v25.7.1 (Yoast SEO v26.5) - https:\/\/yoast.com\/wordpress\/plugins\/seo\/ -->\n<title>Amplia respuesta evang\u00e9lica ante el \u2018I Encuentro Global de Infancias Trans\u2019 en Tucum\u00e1n - Stereo Visi\u00f3n de Dios<\/title>\n<meta name=\"robots\" content=\"index, follow, max-snippet:-1, max-image-preview:large, max-video-preview:-1\" \/>\n<link rel=\"canonical\" href=\"https:\/\/stereovisiondedios.com\/?p=7089\" \/>\n<meta property=\"og:locale\" content=\"es_ES\" \/>\n<meta property=\"og:type\" content=\"article\" \/>\n<meta property=\"og:title\" content=\"Amplia respuesta evang\u00e9lica ante el \u2018I Encuentro Global de Infancias Trans\u2019 en Tucum\u00e1n\" \/>\n<meta property=\"og:description\" content=\"Se ha anunciado el evento denominado \u201cPrimer Encuentro Global de Infancias Trans\u201d, que se llevar\u00e1 a cabo en la ciudad de San Miguel de Tucum\u00e1n (Argentina) el d\u00eda 18 de octubre de 2025. En el mismo participan colectivos de la diversidad sexual con el prop\u00f3sito de imponer la agenda globalista de la ideolog\u00eda de g\u00e9nero, [&hellip;]\" \/>\n<meta property=\"og:url\" content=\"https:\/\/stereovisiondedios.com\/?p=7089\" \/>\n<meta property=\"og:site_name\" content=\"Stereo Visi\u00f3n de Dios\" \/>\n<meta property=\"article:publisher\" content=\"https:\/\/www.facebook.com\/visiondedios106.9fm\" \/>\n<meta property=\"article:published_time\" content=\"2025-10-05T18:06:37+00:00\" \/>\n<meta name=\"author\" content=\"NexoRadio\" \/>\n<meta name=\"twitter:card\" content=\"summary_large_image\" \/>\n<meta name=\"twitter:label1\" content=\"Escrito por\" \/>\n\t<meta name=\"twitter:data1\" content=\"NexoRadio\" \/>\n\t<meta name=\"twitter:label2\" content=\"Tiempo de lectura\" \/>\n\t<meta name=\"twitter:data2\" content=\"3 minutos\" \/>\n<script type=\"application\/ld+json\" class=\"yoast-schema-graph\">{\"@context\":\"https:\/\/schema.org\",\"@graph\":[{\"@type\":\"Article\",\"@id\":\"https:\/\/stereovisiondedios.com\/?p=7089#article\",\"isPartOf\":{\"@id\":\"https:\/\/stereovisiondedios.com\/?p=7089\"},\"author\":{\"name\":\"NexoRadio\",\"@id\":\"https:\/\/stereovisiondedios.com\/#\/schema\/person\/32b4d07d90fc8962809b81993562e343\"},\"headline\":\"Amplia respuesta evang\u00e9lica ante el \u2018I Encuentro Global de Infancias Trans\u2019 en Tucum\u00e1n\",\"datePublished\":\"2025-10-05T18:06:37+00:00\",\"mainEntityOfPage\":{\"@id\":\"https:\/\/stereovisiondedios.com\/?p=7089\"},\"wordCount\":647,\"publisher\":{\"@id\":\"https:\/\/stereovisiondedios.com\/#organization\"},\"articleSection\":[\"NexoPost\"],\"inLanguage\":\"es\"},{\"@type\":\"WebPage\",\"@id\":\"https:\/\/stereovisiondedios.com\/?p=7089\",\"url\":\"https:\/\/stereovisiondedios.com\/?p=7089\",\"name\":\"Amplia respuesta evang\u00e9lica ante el \u2018I Encuentro Global de Infancias Trans\u2019 en Tucum\u00e1n - Stereo Visi\u00f3n de Dios\",\"isPartOf\":{\"@id\":\"https:\/\/stereovisiondedios.com\/#website\"},\"datePublished\":\"2025-10-05T18:06:37+00:00\",\"breadcrumb\":{\"@id\":\"https:\/\/stereovisiondedios.com\/?p=7089#breadcrumb\"},\"inLanguage\":\"es\",\"potentialAction\":[{\"@type\":\"ReadAction\",\"target\":[\"https:\/\/stereovisiondedios.com\/?p=7089\"]}]},{\"@type\":\"BreadcrumbList\",\"@id\":\"https:\/\/stereovisiondedios.com\/?p=7089#breadcrumb\",\"itemListElement\":[{\"@type\":\"ListItem\",\"position\":1,\"name\":\"Home\",\"item\":\"https:\/\/stereovisiondedios.com\/\"},{\"@type\":\"ListItem\",\"position\":2,\"name\":\"Amplia respuesta evang\u00e9lica ante el \u2018I Encuentro Global de Infancias Trans\u2019 en Tucum\u00e1n\"}]},{\"@type\":\"WebSite\",\"@id\":\"https:\/\/stereovisiondedios.com\/#website\",\"url\":\"https:\/\/stereovisiondedios.com\/\",\"name\":\"Stereo Visi\u00f3n de Dios\",\"description\":\"Conectate...\",\"publisher\":{\"@id\":\"https:\/\/stereovisiondedios.com\/#organization\"},\"potentialAction\":[{\"@type\":\"SearchAction\",\"target\":{\"@type\":\"EntryPoint\",\"urlTemplate\":\"https:\/\/stereovisiondedios.com\/?s={search_term_string}\"},\"query-input\":{\"@type\":\"PropertyValueSpecification\",\"valueRequired\":true,\"valueName\":\"search_term_string\"}}],\"inLanguage\":\"es\"},{\"@type\":\"Organization\",\"@id\":\"https:\/\/stereovisiondedios.com\/#organization\",\"name\":\"Radio Stereo Visi\u00f3n de Dios\",\"url\":\"https:\/\/stereovisiondedios.com\/\",\"logo\":{\"@type\":\"ImageObject\",\"inLanguage\":\"es\",\"@id\":\"https:\/\/stereovisiondedios.com\/#\/schema\/logo\/image\/\",\"url\":\"https:\/\/stereovisiondedios.com\/wp-content\/uploads\/2024\/10\/www.fmhorizontesalta.com_.ar-5-1.png\",\"contentUrl\":\"https:\/\/stereovisiondedios.com\/wp-content\/uploads\/2024\/10\/www.fmhorizontesalta.com_.ar-5-1.png\",\"width\":555,\"height\":114,\"caption\":\"Radio Stereo Visi\u00f3n de Dios\"},\"image\":{\"@id\":\"https:\/\/stereovisiondedios.com\/#\/schema\/logo\/image\/\"},\"sameAs\":[\"https:\/\/www.facebook.com\/visiondedios106.9fm\",\"https:\/\/www.tiktok.com\/@vision_de_dios_106_9_fm\",\"https:\/\/www.youtube.com\/@radiovisiondediosstereo106.9\"]},{\"@type\":\"Person\",\"@id\":\"https:\/\/stereovisiondedios.com\/#\/schema\/person\/32b4d07d90fc8962809b81993562e343\",\"name\":\"NexoRadio\",\"image\":{\"@type\":\"ImageObject\",\"inLanguage\":\"es\",\"@id\":\"https:\/\/stereovisiondedios.com\/#\/schema\/person\/image\/\",\"url\":\"https:\/\/secure.gravatar.com\/avatar\/5c8c3ec5af674c12295d543b84fe993caada4dedbc52804dace89aa6e7f89070?s=96&d=mm&r=g\",\"contentUrl\":\"https:\/\/secure.gravatar.com\/avatar\/5c8c3ec5af674c12295d543b84fe993caada4dedbc52804dace89aa6e7f89070?s=96&d=mm&r=g\",\"caption\":\"NexoRadio\"},\"url\":\"https:\/\/stereovisiondedios.com\/?author=2\"}]}<\/script>\n<!-- \/ Yoast SEO Premium plugin. -->","yoast_head_json":{"title":"Amplia respuesta evang\u00e9lica ante el \u2018I Encuentro Global de Infancias Trans\u2019 en Tucum\u00e1n - Stereo Visi\u00f3n de Dios","robots":{"index":"index","follow":"follow","max-snippet":"max-snippet:-1","max-image-preview":"max-image-preview:large","max-video-preview":"max-video-preview:-1"},"canonical":"https:\/\/stereovisiondedios.com\/?p=7089","og_locale":"es_ES","og_type":"article","og_title":"Amplia respuesta evang\u00e9lica ante el \u2018I Encuentro Global de Infancias Trans\u2019 en Tucum\u00e1n","og_description":"Se ha anunciado el evento denominado \u201cPrimer Encuentro Global de Infancias Trans\u201d, que se llevar\u00e1 a cabo en la ciudad de San Miguel de Tucum\u00e1n (Argentina) el d\u00eda 18 de octubre de 2025. En el mismo participan colectivos de la diversidad sexual con el prop\u00f3sito de imponer la agenda globalista de la ideolog\u00eda de g\u00e9nero, [&hellip;]","og_url":"https:\/\/stereovisiondedios.com\/?p=7089","og_site_name":"Stereo Visi\u00f3n de Dios","article_publisher":"https:\/\/www.facebook.com\/visiondedios106.9fm","article_published_time":"2025-10-05T18:06:37+00:00","author":"NexoRadio","twitter_card":"summary_large_image","twitter_misc":{"Escrito por":"NexoRadio","Tiempo de lectura":"3 minutos"},"schema":{"@context":"https:\/\/schema.org","@graph":[{"@type":"Article","@id":"https:\/\/stereovisiondedios.com\/?p=7089#article","isPartOf":{"@id":"https:\/\/stereovisiondedios.com\/?p=7089"},"author":{"name":"NexoRadio","@id":"https:\/\/stereovisiondedios.com\/#\/schema\/person\/32b4d07d90fc8962809b81993562e343"},"headline":"Amplia respuesta evang\u00e9lica ante el \u2018I Encuentro Global de Infancias Trans\u2019 en Tucum\u00e1n","datePublished":"2025-10-05T18:06:37+00:00","mainEntityOfPage":{"@id":"https:\/\/stereovisiondedios.com\/?p=7089"},"wordCount":647,"publisher":{"@id":"https:\/\/stereovisiondedios.com\/#organization"},"articleSection":["NexoPost"],"inLanguage":"es"},{"@type":"WebPage","@id":"https:\/\/stereovisiondedios.com\/?p=7089","url":"https:\/\/stereovisiondedios.com\/?p=7089","name":"Amplia respuesta evang\u00e9lica ante el \u2018I Encuentro Global de Infancias Trans\u2019 en Tucum\u00e1n - Stereo Visi\u00f3n de Dios","isPartOf":{"@id":"https:\/\/stereovisiondedios.com\/#website"},"datePublished":"2025-10-05T18:06:37+00:00","breadcrumb":{"@id":"https:\/\/stereovisiondedios.com\/?p=7089#breadcrumb"},"inLanguage":"es","potentialAction":[{"@type":"ReadAction","target":["https:\/\/stereovisiondedios.com\/?p=7089"]}]},{"@type":"BreadcrumbList","@id":"https:\/\/stereovisiondedios.com\/?p=7089#breadcrumb","itemListElement":[{"@type":"ListItem","position":1,"name":"Home","item":"https:\/\/stereovisiondedios.com\/"},{"@type":"ListItem","position":2,"name":"Amplia respuesta evang\u00e9lica ante el \u2018I Encuentro Global de Infancias Trans\u2019 en Tucum\u00e1n"}]},{"@type":"WebSite","@id":"https:\/\/stereovisiondedios.com\/#website","url":"https:\/\/stereovisiondedios.com\/","name":"Stereo Visi\u00f3n de Dios","description":"Conectate...","publisher":{"@id":"https:\/\/stereovisiondedios.com\/#organization"},"potentialAction":[{"@type":"SearchAction","target":{"@type":"EntryPoint","urlTemplate":"https:\/\/stereovisiondedios.com\/?s={search_term_string}"},"query-input":{"@type":"PropertyValueSpecification","valueRequired":true,"valueName":"search_term_string"}}],"inLanguage":"es"},{"@type":"Organization","@id":"https:\/\/stereovisiondedios.com\/#organization","name":"Radio Stereo Visi\u00f3n de Dios","url":"https:\/\/stereovisiondedios.com\/","logo":{"@type":"ImageObject","inLanguage":"es","@id":"https:\/\/stereovisiondedios.com\/#\/schema\/logo\/image\/","url":"https:\/\/stereovisiondedios.com\/wp-content\/uploads\/2024\/10\/www.fmhorizontesalta.com_.ar-5-1.png","contentUrl":"https:\/\/stereovisiondedios.com\/wp-content\/uploads\/2024\/10\/www.fmhorizontesalta.com_.ar-5-1.png","width":555,"height":114,"caption":"Radio Stereo Visi\u00f3n de Dios"},"image":{"@id":"https:\/\/stereovisiondedios.com\/#\/schema\/logo\/image\/"},"sameAs":["https:\/\/www.facebook.com\/visiondedios106.9fm","https:\/\/www.tiktok.com\/@vision_de_dios_106_9_fm","https:\/\/www.youtube.com\/@radiovisiondediosstereo106.9"]},{"@type":"Person","@id":"https:\/\/stereovisiondedios.com\/#\/schema\/person\/32b4d07d90fc8962809b81993562e343","name":"NexoRadio","image":{"@type":"ImageObject","inLanguage":"es","@id":"https:\/\/stereovisiondedios.com\/#\/schema\/person\/image\/","url":"https:\/\/secure.gravatar.com\/avatar\/5c8c3ec5af674c12295d543b84fe993caada4dedbc52804dace89aa6e7f89070?s=96&d=mm&r=g","contentUrl":"https:\/\/secure.gravatar.com\/avatar\/5c8c3ec5af674c12295d543b84fe993caada4dedbc52804dace89aa6e7f89070?s=96&d=mm&r=g","caption":"NexoRadio"},"url":"https:\/\/stereovisiondedios.com\/?author=2"}]}},"_links":{"self":[{"href":"https:\/\/stereovisiondedios.com\/index.php?rest_route=\/wp\/v2\/posts\/7089","targetHints":{"allow":["GET"]}}],"collection":[{"href":"https:\/\/stereovisiondedios.com\/index.php?rest_route=\/wp\/v2\/posts"}],"about":[{"href":"https:\/\/stereovisiondedios.com\/index.php?rest_route=\/wp\/v2\/types\/post"}],"author":[{"embeddable":true,"href":"https:\/\/stereovisiondedios.com\/index.php?rest_route=\/wp\/v2\/users\/2"}],"replies":[{"embeddable":true,"href":"https:\/\/stereovisiondedios.com\/index.php?rest_route=%2Fwp%2Fv2%2Fcomments&post=7089"}],"version-history":[{"count":0,"href":"https:\/\/stereovisiondedios.com\/index.php?rest_route=\/wp\/v2\/posts\/7089\/revisions"}],"wp:attachment":[{"href":"https:\/\/stereovisiondedios.com\/index.php?rest_route=%2Fwp%2Fv2%2Fmedia&parent=7089"}],"wp:term":[{"taxonomy":"category","embeddable":true,"href":"https:\/\/stereovisiondedios.com\/index.php?rest_route=%2Fwp%2Fv2%2Fcategories&post=7089"},{"taxonomy":"post_tag","embeddable":true,"href":"https:\/\/stereovisiondedios.com\/index.php?rest_route=%2Fwp%2Fv2%2Ftags&post=7089"}],"curies":[{"name":"wp","href":"https:\/\/api.w.org\/{rel}","templated":true}]}}