{"id":7091,"date":"2025-10-06T14:14:32","date_gmt":"2025-10-06T20:14:32","guid":{"rendered":"https:\/\/stereovisiondedios.com\/?p=7091"},"modified":"2025-10-06T14:14:32","modified_gmt":"2025-10-06T20:14:32","slug":"peru-dina-boluarte-asiste-a-ceremonia-de-accion-de-gracias-de-las-iglesias-evangelicas","status":"publish","type":"post","link":"https:\/\/stereovisiondedios.com\/?p=7091","title":{"rendered":"Per\u00fa | Dina Boluarte asiste a ceremonia de Acci\u00f3n de Gracias de las iglesias evang\u00e9licas"},"content":{"rendered":"<p><br \/>\n<\/p>\n<div>\n<p><strong>La presidenta de Per\u00fa, Dina Boluarte, y otras autoridades de esta naci\u00f3n, asistieron a la vig\u00e9sima Ceremonia de Acci\u00f3n de Gracias, actividad organizada por las Iglesias evang\u00e9licas.<\/strong><\/p>\n<p>El evento, informa <a href=\"https:\/\/es.christiandaily.com\/news\/dina-boluarte-acude-a-accion-de-gracias-de-iglesias-evangelicas-en-peru\" target=\"_blank\">Diario Cristiano<\/a>,\u00a0se realiz\u00f3 dentro de las Fiestas Patrias, con motivo del 204 aniversario de la Independencia de Per\u00fa, y <strong>tuvo como sede el templo de la Misi\u00f3n Carism\u00e1tica Internacional (MCI) <\/strong>del distrito de Lince, en la capital, Lima.<\/p>\n<p>La ceremonia, que <strong>la Iglesia evang\u00e9lica celebra desde el a\u00f1o 2006<\/strong>, se incluye en el programa oficial por el aniversario de esta fecha patria. En esta ocasi\u00f3n fue presidida por <strong>el pastor Cristi\u00e1n Scheelje, presidente de la Uni\u00f3n de Iglesias Cristianas Evang\u00e9licas del Per\u00fa (UNICEP), quien exhort\u00f3 a la presidenta y al p\u00fablico en general, a establecer \u201cuna alianza en el coraz\u00f3n con Dios\u201d<\/strong> para que se cumpla el plan divino para la naci\u00f3n.<\/p>\n<p><strong>En el acto participaron m\u00e1s de 2.000 personas<\/strong>, entre pastores y l\u00edderes congregacionales, as\u00ed como autoridades pol\u00edticas, acad\u00e9micas, empresariales y diplom\u00e1ticas.\u00a0Desde hace unos siete a\u00f1os la ceremonia se realiza en diversos templos evang\u00e9licos como Asambleas de Dios del Per\u00fa (Pueblo Libre), Iglesia Anglicana (Miraflores), Iglesia Camino de Vida (Lince), Catedral de Fe (Lima), Centro Evangel\u00edstico de Las Asambleas de Dios del Per\u00fa en el ex Cine Teatro Azul (Lima), Iglesia Camino de Vida (Surco), y templo de la Misi\u00f3n Carism\u00e1tica Internacional de Linc<\/p>\n<p>\u00a0<\/p>\n<p>El acto comenz\u00f3 con la bienvenida del pastor <strong>Hugo Hoyos<\/strong>, ministro principal de la MCI en Lince. Tambi\u00e9n particip\u00f3 el pastor <strong>N\u00e9stor Maynas<\/strong>, quien realiz\u00f3 una invocaci\u00f3n en idioma shipibo konibo, y el tenor <strong>Eduardo Quispe<\/strong>, de la Comunidad Cristiana Agua Viva, interpret\u00f3 el Himno Nacional del Per\u00fa.<\/p>\n<p>La lectura de la palabra de Dios estuvo a cargo de la secretaria ejecutiva del Concilio Nacional Evang\u00e9lico del Per\u00fa (CONEP), <strong>Yolanda Ravines<\/strong>, y la oraci\u00f3n por las autoridades fue impartida por el vicepresidente de esa instituci\u00f3n, el pastor <strong>Carlos Salcedo<\/strong>.<\/p>\n<p>Por su parte,<strong> Cristi\u00e1n Scheelje, orador principal en este evento, se enfoc\u00f3 en los pasajes del libro de Habacuc 1:2-3 y 2:4, para resaltar la necesidad de vivir por fe y confiar en Dios. \u00abLeer el libro de Habacuc es hacer un pron\u00f3stico de nuestros d\u00edas\u00bb, resalt\u00f3 el presidente de UNICEP.<\/strong><\/p>\n<p>Mencion\u00f3 que en \u00abnuestros d\u00edas vemos que hay sufrimiento, hay dolor. Hay muchos peruanos que no tienen las mismas oportunidades que otros\u00bb.<\/p>\n<p><strong>\u00abHay muchas ri\u00f1as, hay muchas contiendas. A veces los poderes del Estado est\u00e1n enfrentados unos con otros. A veces los peruanos estamos enfrentados unos con otros&#8230; \u00bfpor qu\u00e9 tenemos que ver tanta maldad los peruanos?\u00bb, reflexion\u00f3.<\/strong><\/p>\n<p>\u00abLo que tenemos que entender es que Dios est\u00e1, y Dios responde. Dios pone delante de nosotros como peruanos una salida y un camino para que podamos superar las crisis&#8230; los problemas&#8230; las injusticias&#8230; las diferencias sociales, superar las brechas que podamos tener en los diferentes niveles de nuestra sociedad\u00bb, afirm\u00f3.<\/p>\n<p><strong>Asever\u00f3 que \u00abla Palabra de Dios tiene todo lo que nosotros necesitamos para cada \u00e1rea de la vida, para cada decisi\u00f3n que nosotros podamos tomar\u00bb<\/strong>.\u00a0 Dijo que \u201cel justo por la fe vivir\u00e1\u201d y compar\u00f3 a quien conf\u00eda en Dios con la \u201cluz de la ma\u00f1ana\u201d, el \u201csol brillante\u201d y la \u201clluvia que renueva la hierba\u201d (2 Samuel 23:4).<\/p>\n<\/p><\/div>\n<p>\n          Publicado en: <span class=\"text-turquoise\"> <a href=\"https:\/\/www.evangelicodigital.com\">EVANG\u00c9LICO DIGITAL<\/a> &#8211; <a href=\"https:\/\/www.evangelicodigital.com\/latinoamerica\">LATINOAM\u00c9RICA<\/a><\/span><br \/>\n          &#8211; Per\u00fa | Dina Boluarte asiste a ceremonia de Acci\u00f3n de Gracias de las iglesias evang\u00e9licas\n        <\/p>\n<p><br \/>\n<br \/><a href=\"https:\/\/www.evangelicodigital.com\/latinoamerica\/37478\/presidenta-de-peru-asiste-a-ceremonia-de-accion-de-gracias-de-iglesias-evangelicas\">Source link <\/a><\/p>\n","protected":false},"excerpt":{"rendered":"<p>La presidenta de Per\u00fa, Dina Boluarte, y otras autoridades de esta naci\u00f3n, asistieron a la vig\u00e9sima Ceremonia de Acci\u00f3n de Gracias, actividad organizada por las Iglesias evang\u00e9licas. El evento, informa Diario Cristiano,\u00a0se realiz\u00f3 dentro de las Fiestas Patrias, con motivo del 204 aniversario de la Independencia de Per\u00fa, y tuvo como sede el templo de [&hellip;]<\/p>\n","protected":false},"author":2,"featured_media":0,"comment_status":"","ping_status":"open","sticky":false,"template":"","format":"standard","meta":{"fifu_image_url":"","fifu_image_alt":"","footnotes":""},"categories":[1],"tags":[],"class_list":["post-7091","post","type-post","status-publish","format-standard","hentry","category-nexopost"],"yoast_head":"<!-- This site is optimized with the Yoast SEO Premium plugin v25.7.1 (Yoast SEO v26.5) - https:\/\/yoast.com\/wordpress\/plugins\/seo\/ -->\n<title>Per\u00fa | Dina Boluarte asiste a ceremonia de Acci\u00f3n de Gracias de las iglesias evang\u00e9licas - Stereo Visi\u00f3n de Dios<\/title>\n<meta name=\"robots\" content=\"index, follow, max-snippet:-1, max-image-preview:large, max-video-preview:-1\" \/>\n<link rel=\"canonical\" href=\"https:\/\/stereovisiondedios.com\/?p=7091\" \/>\n<meta property=\"og:locale\" content=\"es_ES\" \/>\n<meta property=\"og:type\" content=\"article\" \/>\n<meta property=\"og:title\" content=\"Per\u00fa | Dina Boluarte asiste a ceremonia de Acci\u00f3n de Gracias de las iglesias evang\u00e9licas\" \/>\n<meta property=\"og:description\" content=\"La presidenta de Per\u00fa, Dina Boluarte, y otras autoridades de esta naci\u00f3n, asistieron a la vig\u00e9sima Ceremonia de Acci\u00f3n de Gracias, actividad organizada por las Iglesias evang\u00e9licas. El evento, informa Diario Cristiano,\u00a0se realiz\u00f3 dentro de las Fiestas Patrias, con motivo del 204 aniversario de la Independencia de Per\u00fa, y tuvo como sede el templo de [&hellip;]\" \/>\n<meta property=\"og:url\" content=\"https:\/\/stereovisiondedios.com\/?p=7091\" \/>\n<meta property=\"og:site_name\" content=\"Stereo Visi\u00f3n de Dios\" \/>\n<meta property=\"article:publisher\" content=\"https:\/\/www.facebook.com\/visiondedios106.9fm\" \/>\n<meta property=\"article:published_time\" content=\"2025-10-06T20:14:32+00:00\" \/>\n<meta name=\"author\" content=\"NexoRadio\" \/>\n<meta name=\"twitter:card\" content=\"summary_large_image\" \/>\n<meta name=\"twitter:label1\" content=\"Escrito por\" \/>\n\t<meta name=\"twitter:data1\" content=\"NexoRadio\" \/>\n\t<meta name=\"twitter:label2\" content=\"Tiempo de lectura\" \/>\n\t<meta name=\"twitter:data2\" content=\"3 minutos\" \/>\n<script type=\"application\/ld+json\" class=\"yoast-schema-graph\">{\"@context\":\"https:\/\/schema.org\",\"@graph\":[{\"@type\":\"Article\",\"@id\":\"https:\/\/stereovisiondedios.com\/?p=7091#article\",\"isPartOf\":{\"@id\":\"https:\/\/stereovisiondedios.com\/?p=7091\"},\"author\":{\"name\":\"NexoRadio\",\"@id\":\"https:\/\/stereovisiondedios.com\/#\/schema\/person\/32b4d07d90fc8962809b81993562e343\"},\"headline\":\"Per\u00fa | Dina Boluarte asiste a ceremonia de Acci\u00f3n de Gracias de las iglesias evang\u00e9licas\",\"datePublished\":\"2025-10-06T20:14:32+00:00\",\"mainEntityOfPage\":{\"@id\":\"https:\/\/stereovisiondedios.com\/?p=7091\"},\"wordCount\":614,\"publisher\":{\"@id\":\"https:\/\/stereovisiondedios.com\/#organization\"},\"articleSection\":[\"NexoPost\"],\"inLanguage\":\"es\"},{\"@type\":\"WebPage\",\"@id\":\"https:\/\/stereovisiondedios.com\/?p=7091\",\"url\":\"https:\/\/stereovisiondedios.com\/?p=7091\",\"name\":\"Per\u00fa | Dina Boluarte asiste a ceremonia de Acci\u00f3n de Gracias de las iglesias evang\u00e9licas - Stereo Visi\u00f3n de Dios\",\"isPartOf\":{\"@id\":\"https:\/\/stereovisiondedios.com\/#website\"},\"datePublished\":\"2025-10-06T20:14:32+00:00\",\"breadcrumb\":{\"@id\":\"https:\/\/stereovisiondedios.com\/?p=7091#breadcrumb\"},\"inLanguage\":\"es\",\"potentialAction\":[{\"@type\":\"ReadAction\",\"target\":[\"https:\/\/stereovisiondedios.com\/?p=7091\"]}]},{\"@type\":\"BreadcrumbList\",\"@id\":\"https:\/\/stereovisiondedios.com\/?p=7091#breadcrumb\",\"itemListElement\":[{\"@type\":\"ListItem\",\"position\":1,\"name\":\"Home\",\"item\":\"https:\/\/stereovisiondedios.com\/\"},{\"@type\":\"ListItem\",\"position\":2,\"name\":\"Per\u00fa | Dina Boluarte asiste a ceremonia de Acci\u00f3n de Gracias de las iglesias evang\u00e9licas\"}]},{\"@type\":\"WebSite\",\"@id\":\"https:\/\/stereovisiondedios.com\/#website\",\"url\":\"https:\/\/stereovisiondedios.com\/\",\"name\":\"Stereo Visi\u00f3n de Dios\",\"description\":\"Conectate...\",\"publisher\":{\"@id\":\"https:\/\/stereovisiondedios.com\/#organization\"},\"potentialAction\":[{\"@type\":\"SearchAction\",\"target\":{\"@type\":\"EntryPoint\",\"urlTemplate\":\"https:\/\/stereovisiondedios.com\/?s={search_term_string}\"},\"query-input\":{\"@type\":\"PropertyValueSpecification\",\"valueRequired\":true,\"valueName\":\"search_term_string\"}}],\"inLanguage\":\"es\"},{\"@type\":\"Organization\",\"@id\":\"https:\/\/stereovisiondedios.com\/#organization\",\"name\":\"Radio Stereo Visi\u00f3n de Dios\",\"url\":\"https:\/\/stereovisiondedios.com\/\",\"logo\":{\"@type\":\"ImageObject\",\"inLanguage\":\"es\",\"@id\":\"https:\/\/stereovisiondedios.com\/#\/schema\/logo\/image\/\",\"url\":\"https:\/\/stereovisiondedios.com\/wp-content\/uploads\/2024\/10\/www.fmhorizontesalta.com_.ar-5-1.png\",\"contentUrl\":\"https:\/\/stereovisiondedios.com\/wp-content\/uploads\/2024\/10\/www.fmhorizontesalta.com_.ar-5-1.png\",\"width\":555,\"height\":114,\"caption\":\"Radio Stereo Visi\u00f3n de Dios\"},\"image\":{\"@id\":\"https:\/\/stereovisiondedios.com\/#\/schema\/logo\/image\/\"},\"sameAs\":[\"https:\/\/www.facebook.com\/visiondedios106.9fm\",\"https:\/\/www.tiktok.com\/@vision_de_dios_106_9_fm\",\"https:\/\/www.youtube.com\/@radiovisiondediosstereo106.9\"]},{\"@type\":\"Person\",\"@id\":\"https:\/\/stereovisiondedios.com\/#\/schema\/person\/32b4d07d90fc8962809b81993562e343\",\"name\":\"NexoRadio\",\"image\":{\"@type\":\"ImageObject\",\"inLanguage\":\"es\",\"@id\":\"https:\/\/stereovisiondedios.com\/#\/schema\/person\/image\/\",\"url\":\"https:\/\/secure.gravatar.com\/avatar\/5c8c3ec5af674c12295d543b84fe993caada4dedbc52804dace89aa6e7f89070?s=96&d=mm&r=g\",\"contentUrl\":\"https:\/\/secure.gravatar.com\/avatar\/5c8c3ec5af674c12295d543b84fe993caada4dedbc52804dace89aa6e7f89070?s=96&d=mm&r=g\",\"caption\":\"NexoRadio\"},\"url\":\"https:\/\/stereovisiondedios.com\/?author=2\"}]}<\/script>\n<!-- \/ Yoast SEO Premium plugin. -->","yoast_head_json":{"title":"Per\u00fa | Dina Boluarte asiste a ceremonia de Acci\u00f3n de Gracias de las iglesias evang\u00e9licas - Stereo Visi\u00f3n de Dios","robots":{"index":"index","follow":"follow","max-snippet":"max-snippet:-1","max-image-preview":"max-image-preview:large","max-video-preview":"max-video-preview:-1"},"canonical":"https:\/\/stereovisiondedios.com\/?p=7091","og_locale":"es_ES","og_type":"article","og_title":"Per\u00fa | Dina Boluarte asiste a ceremonia de Acci\u00f3n de Gracias de las iglesias evang\u00e9licas","og_description":"La presidenta de Per\u00fa, Dina Boluarte, y otras autoridades de esta naci\u00f3n, asistieron a la vig\u00e9sima Ceremonia de Acci\u00f3n de Gracias, actividad organizada por las Iglesias evang\u00e9licas. El evento, informa Diario Cristiano,\u00a0se realiz\u00f3 dentro de las Fiestas Patrias, con motivo del 204 aniversario de la Independencia de Per\u00fa, y tuvo como sede el templo de [&hellip;]","og_url":"https:\/\/stereovisiondedios.com\/?p=7091","og_site_name":"Stereo Visi\u00f3n de Dios","article_publisher":"https:\/\/www.facebook.com\/visiondedios106.9fm","article_published_time":"2025-10-06T20:14:32+00:00","author":"NexoRadio","twitter_card":"summary_large_image","twitter_misc":{"Escrito por":"NexoRadio","Tiempo de lectura":"3 minutos"},"schema":{"@context":"https:\/\/schema.org","@graph":[{"@type":"Article","@id":"https:\/\/stereovisiondedios.com\/?p=7091#article","isPartOf":{"@id":"https:\/\/stereovisiondedios.com\/?p=7091"},"author":{"name":"NexoRadio","@id":"https:\/\/stereovisiondedios.com\/#\/schema\/person\/32b4d07d90fc8962809b81993562e343"},"headline":"Per\u00fa | Dina Boluarte asiste a ceremonia de Acci\u00f3n de Gracias de las iglesias evang\u00e9licas","datePublished":"2025-10-06T20:14:32+00:00","mainEntityOfPage":{"@id":"https:\/\/stereovisiondedios.com\/?p=7091"},"wordCount":614,"publisher":{"@id":"https:\/\/stereovisiondedios.com\/#organization"},"articleSection":["NexoPost"],"inLanguage":"es"},{"@type":"WebPage","@id":"https:\/\/stereovisiondedios.com\/?p=7091","url":"https:\/\/stereovisiondedios.com\/?p=7091","name":"Per\u00fa | Dina Boluarte asiste a ceremonia de Acci\u00f3n de Gracias de las iglesias evang\u00e9licas - Stereo Visi\u00f3n de Dios","isPartOf":{"@id":"https:\/\/stereovisiondedios.com\/#website"},"datePublished":"2025-10-06T20:14:32+00:00","breadcrumb":{"@id":"https:\/\/stereovisiondedios.com\/?p=7091#breadcrumb"},"inLanguage":"es","potentialAction":[{"@type":"ReadAction","target":["https:\/\/stereovisiondedios.com\/?p=7091"]}]},{"@type":"BreadcrumbList","@id":"https:\/\/stereovisiondedios.com\/?p=7091#breadcrumb","itemListElement":[{"@type":"ListItem","position":1,"name":"Home","item":"https:\/\/stereovisiondedios.com\/"},{"@type":"ListItem","position":2,"name":"Per\u00fa | Dina Boluarte asiste a ceremonia de Acci\u00f3n de Gracias de las iglesias evang\u00e9licas"}]},{"@type":"WebSite","@id":"https:\/\/stereovisiondedios.com\/#website","url":"https:\/\/stereovisiondedios.com\/","name":"Stereo Visi\u00f3n de Dios","description":"Conectate...","publisher":{"@id":"https:\/\/stereovisiondedios.com\/#organization"},"potentialAction":[{"@type":"SearchAction","target":{"@type":"EntryPoint","urlTemplate":"https:\/\/stereovisiondedios.com\/?s={search_term_string}"},"query-input":{"@type":"PropertyValueSpecification","valueRequired":true,"valueName":"search_term_string"}}],"inLanguage":"es"},{"@type":"Organization","@id":"https:\/\/stereovisiondedios.com\/#organization","name":"Radio Stereo Visi\u00f3n de Dios","url":"https:\/\/stereovisiondedios.com\/","logo":{"@type":"ImageObject","inLanguage":"es","@id":"https:\/\/stereovisiondedios.com\/#\/schema\/logo\/image\/","url":"https:\/\/stereovisiondedios.com\/wp-content\/uploads\/2024\/10\/www.fmhorizontesalta.com_.ar-5-1.png","contentUrl":"https:\/\/stereovisiondedios.com\/wp-content\/uploads\/2024\/10\/www.fmhorizontesalta.com_.ar-5-1.png","width":555,"height":114,"caption":"Radio Stereo Visi\u00f3n de Dios"},"image":{"@id":"https:\/\/stereovisiondedios.com\/#\/schema\/logo\/image\/"},"sameAs":["https:\/\/www.facebook.com\/visiondedios106.9fm","https:\/\/www.tiktok.com\/@vision_de_dios_106_9_fm","https:\/\/www.youtube.com\/@radiovisiondediosstereo106.9"]},{"@type":"Person","@id":"https:\/\/stereovisiondedios.com\/#\/schema\/person\/32b4d07d90fc8962809b81993562e343","name":"NexoRadio","image":{"@type":"ImageObject","inLanguage":"es","@id":"https:\/\/stereovisiondedios.com\/#\/schema\/person\/image\/","url":"https:\/\/secure.gravatar.com\/avatar\/5c8c3ec5af674c12295d543b84fe993caada4dedbc52804dace89aa6e7f89070?s=96&d=mm&r=g","contentUrl":"https:\/\/secure.gravatar.com\/avatar\/5c8c3ec5af674c12295d543b84fe993caada4dedbc52804dace89aa6e7f89070?s=96&d=mm&r=g","caption":"NexoRadio"},"url":"https:\/\/stereovisiondedios.com\/?author=2"}]}},"_links":{"self":[{"href":"https:\/\/stereovisiondedios.com\/index.php?rest_route=\/wp\/v2\/posts\/7091","targetHints":{"allow":["GET"]}}],"collection":[{"href":"https:\/\/stereovisiondedios.com\/index.php?rest_route=\/wp\/v2\/posts"}],"about":[{"href":"https:\/\/stereovisiondedios.com\/index.php?rest_route=\/wp\/v2\/types\/post"}],"author":[{"embeddable":true,"href":"https:\/\/stereovisiondedios.com\/index.php?rest_route=\/wp\/v2\/users\/2"}],"replies":[{"embeddable":true,"href":"https:\/\/stereovisiondedios.com\/index.php?rest_route=%2Fwp%2Fv2%2Fcomments&post=7091"}],"version-history":[{"count":0,"href":"https:\/\/stereovisiondedios.com\/index.php?rest_route=\/wp\/v2\/posts\/7091\/revisions"}],"wp:attachment":[{"href":"https:\/\/stereovisiondedios.com\/index.php?rest_route=%2Fwp%2Fv2%2Fmedia&parent=7091"}],"wp:term":[{"taxonomy":"category","embeddable":true,"href":"https:\/\/stereovisiondedios.com\/index.php?rest_route=%2Fwp%2Fv2%2Fcategories&post=7091"},{"taxonomy":"post_tag","embeddable":true,"href":"https:\/\/stereovisiondedios.com\/index.php?rest_route=%2Fwp%2Fv2%2Ftags&post=7091"}],"curies":[{"name":"wp","href":"https:\/\/api.w.org\/{rel}","templated":true}]}}