{"id":7092,"date":"2025-10-07T03:19:20","date_gmt":"2025-10-07T09:19:20","guid":{"rendered":"https:\/\/stereovisiondedios.com\/?p=7092"},"modified":"2025-10-07T03:19:20","modified_gmt":"2025-10-07T09:19:20","slug":"isis-celebra-haber-decapitado-mas-de-30-cristianos-en-mozambique","status":"publish","type":"post","link":"https:\/\/stereovisiondedios.com\/?p=7092","title":{"rendered":"ISIS celebra haber decapitado m\u00e1s de 30 cristianos en Mozambique"},"content":{"rendered":"<p><br \/>\n<\/p>\n<div>\n<p><strong>M\u00e1s de 30 cristianos fueron decapitados en una serie de ataques registrados al norte de Mozambique por terroristas afiliados al Estado Isl\u00e1mico, quienes tambi\u00e9n publicaron fotograf\u00edas que mostraban ejecuciones, tiroteos e incendios.<\/strong><\/p>\n<p>El grupo atac\u00f3 varias aldeas en las provincias de Cabo Delgado y Nampula, incinerando iglesias y viviendas en una campa\u00f1a de violencia contra la poblaci\u00f3n civil.<\/p>\n<p>En total, <strong>fueron publicadas 20 im\u00e1genes que documentan como agentes del Estado Isl\u00e1mico Provincia de Mozambique, o ISMP, ejecutaron a varias personas mediante decapitaciones y disparos<\/strong> a corta distancia, esto seg\u00fan <a href=\"https:\/\/www.memri.org\/reports\/warning%E2%80%94graphic-islamic-state-mozambique-province-ismp-documents-beheading-shooting\" target=\"_blank\">MEMRI<\/a>\u00a0(Instituto de Investigaci\u00f3n de Medios de Medio Oriente).<\/p>\n<p>Seg\u00fan <em>The Christian Post<\/em>, la insurgencia mozambique\u00f1a, activa <strong>desde 2017, ha provocado la muerte de al menos 6.200 personas<\/strong>.<\/p>\n<p>El conflicto en curso tambi\u00e9n detuvo el proyecto de gas natural de TotalEnergies, valorado en 20.000 millones de d\u00f3lares, cerca de Palma, en 2021, despu\u00e9s de que militantes atacaran la zona y mataran a m\u00e1s de 800 personas. En 2023, subcontratistas y familiares de las v\u00edctimas presentaron una demanda contra la compa\u00f1\u00eda energ\u00e9tica francesa.<\/p>\n<p><strong>La ONU estima que m\u00e1s de un mill\u00f3n de personas en el norte de Mozambique han sido desplazadas desde que comenz\u00f3 el conflicto<\/strong>, debido a una combinaci\u00f3n de violencia militante, sequ\u00eda prolongada y fen\u00f3menos clim\u00e1ticos extremos.<\/p>\n<p><img decoding=\"async\" alt=\"ISIS celebra haber decapitado m\u00e1s de 30 cristianos en Mozambique\" title=\"ISIS celebra haber decapitado m\u00e1s de 30 cristianos en Mozambique\" src=\"https:\/\/cms.evangelicodigital.com\/upload\/imagenes\/68e40e0dc8a22_PDyED640x320-2025-10-06T203049.243.jpg\"\/><\/p>\n<p>\u00a0<\/p>\n<p>El grupo se atribuy\u00f3 la responsabilidad de varios ataques ocurridos durante la \u00faltima semana de septiembre, incluida <strong>la decapitaci\u00f3n de dos cristianos <\/strong>el jueves pasado en Chiure-Velho, distrito de Chiure (Mozambique).<\/p>\n<p>Agentes del ISMP tambi\u00e9n se atribuyeron la responsabilidad del asalto del viernes pasado a la aldea de Nacocha, en el distrito de Chiure, donde <strong>un cristiano fue asesinado a tiros y dos iglesias <\/strong>fueron incendiadas. Ese mismo d\u00eda, atacaron la aldea de Nacussa, tambi\u00e9n en Chiure, e incendiaron otras dos iglesias.<\/p>\n<p>El domingo, los combatientes atacaron la ciudad de Macomia, mataron a cuatro cristianos y saquearon sus pertenencias antes de retirarse sin v\u00edctimas, seg\u00fan el comunicado del ISMP.<\/p>\n<p>El lunes, <strong>el ISMP inform\u00f3 que sus agentes hab\u00edan decapitado a un cristiano<\/strong> en el distrito de Macomia. Al d\u00eda siguiente, el grupo report\u00f3 el asalto a una aldea en la provincia de Nampula, quemando unas 100 casas de cristianos y una iglesia. En la cercana aldea de Minhanha, en el distrito de Memba, reportaron la presunta destrucci\u00f3n de una iglesia y 10 casas.<\/p>\n<p>El grupo afirm\u00f3 que sus militantes regresaron a sus bases tras incendiar las casas de los cristianos.\u00a0<strong>\u00abCon el \u00e9xito de Al\u00e1, los soldados del Califato atacaron la aldea, quemaron la iglesia y las casas, y regresaron sanos y salvos\u00bb<\/strong>, publicaron medios internacionales.\u00a0<\/p>\n<p>El informe de Defense Post cit\u00f3 a un residente que declar\u00f3 que hombres armados entraron al barrio en la noche asesinando a cuatro personas y secuestrando a otras cuatro, entre ellas una mujer y sus dos hijas. Otro residente afirm\u00f3 que un joven fue asesinado a tiros tras negarse a entregar las pertenencias de su padre.<\/p>\n<p><img decoding=\"async\" alt=\"ISIS celebra haber decapitado m\u00e1s de 30 cristianos en Mozambique\" title=\"ISIS celebra haber decapitado m\u00e1s de 30 cristianos en Mozambique\" src=\"https:\/\/cms.evangelicodigital.com\/upload\/imagenes\/68e40e0dc92df_PDyED640x320-2025-10-06T203127.580.jpg\"\/><\/p>\n<p>\u00a0<\/p>\n<p>El 27 de agosto, el Ministro de Defensa de Mozambique, Crist\u00f3v\u00e3o Artur Chume, y el Ministro de Defensa de Ruanda, Juvenal Marizamunda, firmaron un Acuerdo sobre el Estatuto de la Fuerza en Kigali para ampliar el despliegue de las Fuerzas de Defensa de Ruanda en Cabo Delgado.<\/p>\n<p>Seg\u00fan el Proyecto de Datos de Localizaci\u00f3n y Eventos de Conflictos Armados, el ISMP habr\u00eda llevado a cabo ataques en seis distritos en septiembre, desde Balama, en el suroeste, hasta Moc\u00edmboa da Praia, en el norte. En un asalto inusual a Moc\u00edmboa da Praia el 7 de septiembre, <strong>los combatientes habr\u00edan ido puerta por puerta identificando a las v\u00edctimas.<\/strong> Este fue apenas el segundo ataque de este tipo en la ciudad desde septiembre de 2021.<\/p>\n<p>L\u00edderes militares de Mozambique y Ruanda se reunieron en Pemba el 12 de septiembre para evaluar las operaciones conjuntas. Las autoridades de defensa de Ruanda declararon que la reuni\u00f3n ten\u00eda como objetivo evaluar los avances en la estabilizaci\u00f3n de las regiones m\u00e1s afectadas del norte y acordaron intensificar los esfuerzos coordinados para restablecer la paz. <strong>El ISM hab\u00eda lanzado previamente ataques simult\u00e1neos en el norte y el sur de Cabo Delgado en julio, con 60 combatientes entrando sin oposici\u00f3n en los distritos de Ancuabe y Chiure.<\/strong><\/p>\n<p>Una actualizaci\u00f3n de agosto de ACLED describi\u00f3 el avance del grupo hacia Chiure como una expansi\u00f3n t\u00e1ctica, m\u00e1s que una retirada. El informe se\u00f1al\u00f3 que la campa\u00f1a de propaganda de los militantes hab\u00eda logrado mantener su presencia en la percepci\u00f3n p\u00fablica, incluso cuando, a principios de a\u00f1o, las Naciones Unidas estimaron que el n\u00famero de combatientes del ISM se hab\u00eda reducido de 2500 a 280.<\/p>\n<p>Las tropas ruandesas, desplegadas por primera vez en Cabo Delgado en julio de 2021, han estado apoyando a Mozambique en operaciones de contrainsurgencia desde entonces.<\/p>\n<p>Seg\u00fan una actualizaci\u00f3n de agosto de Grey Dynamics , el Estado Isl\u00e1mico ha estado realizando operaciones desde los distritos centrales de Cabo Delgado y avanzando hacia el sur, encontrando poca resistencia en la carretera Macomia-Awasse. El ministro de Defensa de Mozambique admiti\u00f3 que las operaciones recientes no han logrado contener a los insurgentes.<\/p>\n<p><strong>La violencia ha obligado al desplazamiento de al menos 50.000 personas del distrito de Chiure en las \u00faltimas semanas, seg\u00fan el informe. Tambi\u00e9n se han reportado secuestros y reclutamiento forzoso durante redadas en aldeas remotas.<\/strong><\/p>\n<p>M\u00e9dicos Sin Fronteras suspendi\u00f3 sus operaciones en Moc\u00edmboa da Praia tras la violencia y lanz\u00f3 una respuesta de emergencia para ayudar a miles de personas desplazadas que se refugian en campamentos en Chiure, inform\u00f3 The Associated Press. La agencia de la ONU para la migraci\u00f3n afirm\u00f3 que m\u00e1s de 46.000 personas fueron desplazadas en tan solo ocho d\u00edas a finales de julio, de las cuales casi el 60% eran ni\u00f1os.<\/p>\n<\/p><\/div>\n<p>\n          Publicado en: <span class=\"text-turquoise\"> <a href=\"https:\/\/www.evangelicodigital.com\">EVANG\u00c9LICO DIGITAL<\/a> &#8211; <a href=\"https:\/\/www.evangelicodigital.com\/mundo\">MUNDO<\/a><\/span><br \/>\n          &#8211; ISIS celebra haber decapitado m\u00e1s de 30 cristianos en Mozambique\n        <\/p>\n<p><br \/>\n<br \/><a href=\"https:\/\/www.evangelicodigital.com\/mundo\/38435\/isis-celebra-que-decapito-mas-de-30-cristianos-en-mozambique\">Source link <\/a><\/p>\n","protected":false},"excerpt":{"rendered":"<p>M\u00e1s de 30 cristianos fueron decapitados en una serie de ataques registrados al norte de Mozambique por terroristas afiliados al Estado Isl\u00e1mico, quienes tambi\u00e9n publicaron fotograf\u00edas que mostraban ejecuciones, tiroteos e incendios. El grupo atac\u00f3 varias aldeas en las provincias de Cabo Delgado y Nampula, incinerando iglesias y viviendas en una campa\u00f1a de violencia contra [&hellip;]<\/p>\n","protected":false},"author":2,"featured_media":7093,"comment_status":"","ping_status":"open","sticky":false,"template":"","format":"standard","meta":{"fifu_image_url":"https:\/\/cms.evangelicodigital.com\/upload\/imagenes\/68e40e0dc8a22_PDyED640x320-2025-10-06T203049.243.jpg","fifu_image_alt":"","footnotes":""},"categories":[1],"tags":[],"class_list":["post-7092","post","type-post","status-publish","format-standard","has-post-thumbnail","hentry","category-nexopost"],"yoast_head":"<!-- This site is optimized with the Yoast SEO Premium plugin v25.7.1 (Yoast SEO v26.5) - https:\/\/yoast.com\/wordpress\/plugins\/seo\/ -->\n<title>ISIS celebra haber decapitado m\u00e1s de 30 cristianos en Mozambique - Stereo Visi\u00f3n de Dios<\/title>\n<meta name=\"robots\" content=\"index, follow, max-snippet:-1, max-image-preview:large, max-video-preview:-1\" \/>\n<link rel=\"canonical\" href=\"https:\/\/stereovisiondedios.com\/?p=7092\" \/>\n<meta property=\"og:locale\" content=\"es_ES\" \/>\n<meta property=\"og:type\" content=\"article\" \/>\n<meta property=\"og:title\" content=\"ISIS celebra haber decapitado m\u00e1s de 30 cristianos en Mozambique\" \/>\n<meta property=\"og:description\" content=\"M\u00e1s de 30 cristianos fueron decapitados en una serie de ataques registrados al norte de Mozambique por terroristas afiliados al Estado Isl\u00e1mico, quienes tambi\u00e9n publicaron fotograf\u00edas que mostraban ejecuciones, tiroteos e incendios. El grupo atac\u00f3 varias aldeas en las provincias de Cabo Delgado y Nampula, incinerando iglesias y viviendas en una campa\u00f1a de violencia contra [&hellip;]\" \/>\n<meta property=\"og:url\" content=\"https:\/\/stereovisiondedios.com\/?p=7092\" \/>\n<meta property=\"og:site_name\" content=\"Stereo Visi\u00f3n de Dios\" \/>\n<meta property=\"article:publisher\" content=\"https:\/\/www.facebook.com\/visiondedios106.9fm\" \/>\n<meta property=\"article:published_time\" content=\"2025-10-07T09:19:20+00:00\" \/>\n<meta property=\"og:image\" content=\"https:\/\/cms.evangelicodigital.com\/upload\/imagenes\/68e40e0dc8a22_PDyED640x320-2025-10-06T203049.243.jpg\" \/>\n<meta name=\"author\" content=\"NexoRadio\" \/>\n<meta name=\"twitter:card\" content=\"summary_large_image\" \/>\n<meta name=\"twitter:image\" content=\"https:\/\/cms.evangelicodigital.com\/upload\/imagenes\/68e40e0dc8a22_PDyED640x320-2025-10-06T203049.243.jpg\" \/>\n<meta name=\"twitter:label1\" content=\"Escrito por\" \/>\n\t<meta name=\"twitter:data1\" content=\"NexoRadio\" \/>\n\t<meta name=\"twitter:label2\" content=\"Tiempo de lectura\" \/>\n\t<meta name=\"twitter:data2\" content=\"5 minutos\" \/>\n<script type=\"application\/ld+json\" class=\"yoast-schema-graph\">{\"@context\":\"https:\/\/schema.org\",\"@graph\":[{\"@type\":\"Article\",\"@id\":\"https:\/\/stereovisiondedios.com\/?p=7092#article\",\"isPartOf\":{\"@id\":\"https:\/\/stereovisiondedios.com\/?p=7092\"},\"author\":{\"name\":\"NexoRadio\",\"@id\":\"https:\/\/stereovisiondedios.com\/#\/schema\/person\/32b4d07d90fc8962809b81993562e343\"},\"headline\":\"ISIS celebra haber decapitado m\u00e1s de 30 cristianos en Mozambique\",\"datePublished\":\"2025-10-07T09:19:20+00:00\",\"mainEntityOfPage\":{\"@id\":\"https:\/\/stereovisiondedios.com\/?p=7092\"},\"wordCount\":1019,\"publisher\":{\"@id\":\"https:\/\/stereovisiondedios.com\/#organization\"},\"image\":{\"@id\":\"https:\/\/stereovisiondedios.com\/?p=7092#primaryimage\"},\"thumbnailUrl\":\"https:\/\/cms.evangelicodigital.com\/upload\/imagenes\/68e40e0dc8a22_PDyED640x320-2025-10-06T203049.243.jpg\",\"articleSection\":[\"NexoPost\"],\"inLanguage\":\"es\"},{\"@type\":\"WebPage\",\"@id\":\"https:\/\/stereovisiondedios.com\/?p=7092\",\"url\":\"https:\/\/stereovisiondedios.com\/?p=7092\",\"name\":\"ISIS celebra haber decapitado m\u00e1s de 30 cristianos en Mozambique - Stereo Visi\u00f3n de Dios\",\"isPartOf\":{\"@id\":\"https:\/\/stereovisiondedios.com\/#website\"},\"primaryImageOfPage\":{\"@id\":\"https:\/\/stereovisiondedios.com\/?p=7092#primaryimage\"},\"image\":{\"@id\":\"https:\/\/stereovisiondedios.com\/?p=7092#primaryimage\"},\"thumbnailUrl\":\"https:\/\/cms.evangelicodigital.com\/upload\/imagenes\/68e40e0dc8a22_PDyED640x320-2025-10-06T203049.243.jpg\",\"datePublished\":\"2025-10-07T09:19:20+00:00\",\"breadcrumb\":{\"@id\":\"https:\/\/stereovisiondedios.com\/?p=7092#breadcrumb\"},\"inLanguage\":\"es\",\"potentialAction\":[{\"@type\":\"ReadAction\",\"target\":[\"https:\/\/stereovisiondedios.com\/?p=7092\"]}]},{\"@type\":\"ImageObject\",\"inLanguage\":\"es\",\"@id\":\"https:\/\/stereovisiondedios.com\/?p=7092#primaryimage\",\"url\":\"https:\/\/cms.evangelicodigital.com\/upload\/imagenes\/68e40e0dc8a22_PDyED640x320-2025-10-06T203049.243.jpg\",\"contentUrl\":\"https:\/\/cms.evangelicodigital.com\/upload\/imagenes\/68e40e0dc8a22_PDyED640x320-2025-10-06T203049.243.jpg\"},{\"@type\":\"BreadcrumbList\",\"@id\":\"https:\/\/stereovisiondedios.com\/?p=7092#breadcrumb\",\"itemListElement\":[{\"@type\":\"ListItem\",\"position\":1,\"name\":\"Home\",\"item\":\"https:\/\/stereovisiondedios.com\/\"},{\"@type\":\"ListItem\",\"position\":2,\"name\":\"ISIS celebra haber decapitado m\u00e1s de 30 cristianos en Mozambique\"}]},{\"@type\":\"WebSite\",\"@id\":\"https:\/\/stereovisiondedios.com\/#website\",\"url\":\"https:\/\/stereovisiondedios.com\/\",\"name\":\"Stereo Visi\u00f3n de Dios\",\"description\":\"Conectate...\",\"publisher\":{\"@id\":\"https:\/\/stereovisiondedios.com\/#organization\"},\"potentialAction\":[{\"@type\":\"SearchAction\",\"target\":{\"@type\":\"EntryPoint\",\"urlTemplate\":\"https:\/\/stereovisiondedios.com\/?s={search_term_string}\"},\"query-input\":{\"@type\":\"PropertyValueSpecification\",\"valueRequired\":true,\"valueName\":\"search_term_string\"}}],\"inLanguage\":\"es\"},{\"@type\":\"Organization\",\"@id\":\"https:\/\/stereovisiondedios.com\/#organization\",\"name\":\"Radio Stereo Visi\u00f3n de Dios\",\"url\":\"https:\/\/stereovisiondedios.com\/\",\"logo\":{\"@type\":\"ImageObject\",\"inLanguage\":\"es\",\"@id\":\"https:\/\/stereovisiondedios.com\/#\/schema\/logo\/image\/\",\"url\":\"https:\/\/stereovisiondedios.com\/wp-content\/uploads\/2024\/10\/www.fmhorizontesalta.com_.ar-5-1.png\",\"contentUrl\":\"https:\/\/stereovisiondedios.com\/wp-content\/uploads\/2024\/10\/www.fmhorizontesalta.com_.ar-5-1.png\",\"width\":555,\"height\":114,\"caption\":\"Radio Stereo Visi\u00f3n de Dios\"},\"image\":{\"@id\":\"https:\/\/stereovisiondedios.com\/#\/schema\/logo\/image\/\"},\"sameAs\":[\"https:\/\/www.facebook.com\/visiondedios106.9fm\",\"https:\/\/www.tiktok.com\/@vision_de_dios_106_9_fm\",\"https:\/\/www.youtube.com\/@radiovisiondediosstereo106.9\"]},{\"@type\":\"Person\",\"@id\":\"https:\/\/stereovisiondedios.com\/#\/schema\/person\/32b4d07d90fc8962809b81993562e343\",\"name\":\"NexoRadio\",\"image\":{\"@type\":\"ImageObject\",\"inLanguage\":\"es\",\"@id\":\"https:\/\/stereovisiondedios.com\/#\/schema\/person\/image\/\",\"url\":\"https:\/\/secure.gravatar.com\/avatar\/5c8c3ec5af674c12295d543b84fe993caada4dedbc52804dace89aa6e7f89070?s=96&d=mm&r=g\",\"contentUrl\":\"https:\/\/secure.gravatar.com\/avatar\/5c8c3ec5af674c12295d543b84fe993caada4dedbc52804dace89aa6e7f89070?s=96&d=mm&r=g\",\"caption\":\"NexoRadio\"},\"url\":\"https:\/\/stereovisiondedios.com\/?author=2\"}]}<\/script>\n<!-- \/ Yoast SEO Premium plugin. -->","yoast_head_json":{"title":"ISIS celebra haber decapitado m\u00e1s de 30 cristianos en Mozambique - Stereo Visi\u00f3n de Dios","robots":{"index":"index","follow":"follow","max-snippet":"max-snippet:-1","max-image-preview":"max-image-preview:large","max-video-preview":"max-video-preview:-1"},"canonical":"https:\/\/stereovisiondedios.com\/?p=7092","og_locale":"es_ES","og_type":"article","og_title":"ISIS celebra haber decapitado m\u00e1s de 30 cristianos en Mozambique","og_description":"M\u00e1s de 30 cristianos fueron decapitados en una serie de ataques registrados al norte de Mozambique por terroristas afiliados al Estado Isl\u00e1mico, quienes tambi\u00e9n publicaron fotograf\u00edas que mostraban ejecuciones, tiroteos e incendios. El grupo atac\u00f3 varias aldeas en las provincias de Cabo Delgado y Nampula, incinerando iglesias y viviendas en una campa\u00f1a de violencia contra [&hellip;]","og_url":"https:\/\/stereovisiondedios.com\/?p=7092","og_site_name":"Stereo Visi\u00f3n de Dios","article_publisher":"https:\/\/www.facebook.com\/visiondedios106.9fm","article_published_time":"2025-10-07T09:19:20+00:00","og_image":[{"url":"https:\/\/cms.evangelicodigital.com\/upload\/imagenes\/68e40e0dc8a22_PDyED640x320-2025-10-06T203049.243.jpg","type":"","width":"","height":""}],"author":"NexoRadio","twitter_card":"summary_large_image","twitter_image":"https:\/\/cms.evangelicodigital.com\/upload\/imagenes\/68e40e0dc8a22_PDyED640x320-2025-10-06T203049.243.jpg","twitter_misc":{"Escrito por":"NexoRadio","Tiempo de lectura":"5 minutos"},"schema":{"@context":"https:\/\/schema.org","@graph":[{"@type":"Article","@id":"https:\/\/stereovisiondedios.com\/?p=7092#article","isPartOf":{"@id":"https:\/\/stereovisiondedios.com\/?p=7092"},"author":{"name":"NexoRadio","@id":"https:\/\/stereovisiondedios.com\/#\/schema\/person\/32b4d07d90fc8962809b81993562e343"},"headline":"ISIS celebra haber decapitado m\u00e1s de 30 cristianos en Mozambique","datePublished":"2025-10-07T09:19:20+00:00","mainEntityOfPage":{"@id":"https:\/\/stereovisiondedios.com\/?p=7092"},"wordCount":1019,"publisher":{"@id":"https:\/\/stereovisiondedios.com\/#organization"},"image":{"@id":"https:\/\/stereovisiondedios.com\/?p=7092#primaryimage"},"thumbnailUrl":"https:\/\/cms.evangelicodigital.com\/upload\/imagenes\/68e40e0dc8a22_PDyED640x320-2025-10-06T203049.243.jpg","articleSection":["NexoPost"],"inLanguage":"es"},{"@type":"WebPage","@id":"https:\/\/stereovisiondedios.com\/?p=7092","url":"https:\/\/stereovisiondedios.com\/?p=7092","name":"ISIS celebra haber decapitado m\u00e1s de 30 cristianos en Mozambique - Stereo Visi\u00f3n de Dios","isPartOf":{"@id":"https:\/\/stereovisiondedios.com\/#website"},"primaryImageOfPage":{"@id":"https:\/\/stereovisiondedios.com\/?p=7092#primaryimage"},"image":{"@id":"https:\/\/stereovisiondedios.com\/?p=7092#primaryimage"},"thumbnailUrl":"https:\/\/cms.evangelicodigital.com\/upload\/imagenes\/68e40e0dc8a22_PDyED640x320-2025-10-06T203049.243.jpg","datePublished":"2025-10-07T09:19:20+00:00","breadcrumb":{"@id":"https:\/\/stereovisiondedios.com\/?p=7092#breadcrumb"},"inLanguage":"es","potentialAction":[{"@type":"ReadAction","target":["https:\/\/stereovisiondedios.com\/?p=7092"]}]},{"@type":"ImageObject","inLanguage":"es","@id":"https:\/\/stereovisiondedios.com\/?p=7092#primaryimage","url":"https:\/\/cms.evangelicodigital.com\/upload\/imagenes\/68e40e0dc8a22_PDyED640x320-2025-10-06T203049.243.jpg","contentUrl":"https:\/\/cms.evangelicodigital.com\/upload\/imagenes\/68e40e0dc8a22_PDyED640x320-2025-10-06T203049.243.jpg"},{"@type":"BreadcrumbList","@id":"https:\/\/stereovisiondedios.com\/?p=7092#breadcrumb","itemListElement":[{"@type":"ListItem","position":1,"name":"Home","item":"https:\/\/stereovisiondedios.com\/"},{"@type":"ListItem","position":2,"name":"ISIS celebra haber decapitado m\u00e1s de 30 cristianos en Mozambique"}]},{"@type":"WebSite","@id":"https:\/\/stereovisiondedios.com\/#website","url":"https:\/\/stereovisiondedios.com\/","name":"Stereo Visi\u00f3n de Dios","description":"Conectate...","publisher":{"@id":"https:\/\/stereovisiondedios.com\/#organization"},"potentialAction":[{"@type":"SearchAction","target":{"@type":"EntryPoint","urlTemplate":"https:\/\/stereovisiondedios.com\/?s={search_term_string}"},"query-input":{"@type":"PropertyValueSpecification","valueRequired":true,"valueName":"search_term_string"}}],"inLanguage":"es"},{"@type":"Organization","@id":"https:\/\/stereovisiondedios.com\/#organization","name":"Radio Stereo Visi\u00f3n de Dios","url":"https:\/\/stereovisiondedios.com\/","logo":{"@type":"ImageObject","inLanguage":"es","@id":"https:\/\/stereovisiondedios.com\/#\/schema\/logo\/image\/","url":"https:\/\/stereovisiondedios.com\/wp-content\/uploads\/2024\/10\/www.fmhorizontesalta.com_.ar-5-1.png","contentUrl":"https:\/\/stereovisiondedios.com\/wp-content\/uploads\/2024\/10\/www.fmhorizontesalta.com_.ar-5-1.png","width":555,"height":114,"caption":"Radio Stereo Visi\u00f3n de Dios"},"image":{"@id":"https:\/\/stereovisiondedios.com\/#\/schema\/logo\/image\/"},"sameAs":["https:\/\/www.facebook.com\/visiondedios106.9fm","https:\/\/www.tiktok.com\/@vision_de_dios_106_9_fm","https:\/\/www.youtube.com\/@radiovisiondediosstereo106.9"]},{"@type":"Person","@id":"https:\/\/stereovisiondedios.com\/#\/schema\/person\/32b4d07d90fc8962809b81993562e343","name":"NexoRadio","image":{"@type":"ImageObject","inLanguage":"es","@id":"https:\/\/stereovisiondedios.com\/#\/schema\/person\/image\/","url":"https:\/\/secure.gravatar.com\/avatar\/5c8c3ec5af674c12295d543b84fe993caada4dedbc52804dace89aa6e7f89070?s=96&d=mm&r=g","contentUrl":"https:\/\/secure.gravatar.com\/avatar\/5c8c3ec5af674c12295d543b84fe993caada4dedbc52804dace89aa6e7f89070?s=96&d=mm&r=g","caption":"NexoRadio"},"url":"https:\/\/stereovisiondedios.com\/?author=2"}]}},"_links":{"self":[{"href":"https:\/\/stereovisiondedios.com\/index.php?rest_route=\/wp\/v2\/posts\/7092","targetHints":{"allow":["GET"]}}],"collection":[{"href":"https:\/\/stereovisiondedios.com\/index.php?rest_route=\/wp\/v2\/posts"}],"about":[{"href":"https:\/\/stereovisiondedios.com\/index.php?rest_route=\/wp\/v2\/types\/post"}],"author":[{"embeddable":true,"href":"https:\/\/stereovisiondedios.com\/index.php?rest_route=\/wp\/v2\/users\/2"}],"replies":[{"embeddable":true,"href":"https:\/\/stereovisiondedios.com\/index.php?rest_route=%2Fwp%2Fv2%2Fcomments&post=7092"}],"version-history":[{"count":0,"href":"https:\/\/stereovisiondedios.com\/index.php?rest_route=\/wp\/v2\/posts\/7092\/revisions"}],"wp:featuredmedia":[{"embeddable":true,"href":"https:\/\/stereovisiondedios.com\/index.php?rest_route=\/wp\/v2\/media\/7093"}],"wp:attachment":[{"href":"https:\/\/stereovisiondedios.com\/index.php?rest_route=%2Fwp%2Fv2%2Fmedia&parent=7092"}],"wp:term":[{"taxonomy":"category","embeddable":true,"href":"https:\/\/stereovisiondedios.com\/index.php?rest_route=%2Fwp%2Fv2%2Fcategories&post=7092"},{"taxonomy":"post_tag","embeddable":true,"href":"https:\/\/stereovisiondedios.com\/index.php?rest_route=%2Fwp%2Fv2%2Ftags&post=7092"}],"curies":[{"name":"wp","href":"https:\/\/api.w.org\/{rel}","templated":true}]}}