{"id":7094,"date":"2025-10-07T16:22:00","date_gmt":"2025-10-07T22:22:00","guid":{"rendered":"https:\/\/stereovisiondedios.com\/?p=7094"},"modified":"2025-10-07T16:22:00","modified_gmt":"2025-10-07T22:22:00","slug":"espana-la-federacion-evangelica-lamenta-el-dano-y-dolor-ocasionado-a-todas-las-mujeres-que-hayan-podido-ser-afectadas-por-alex-sampedro","status":"publish","type":"post","link":"https:\/\/stereovisiondedios.com\/?p=7094","title":{"rendered":"Espa\u00f1a | La Federaci\u00f3n Evang\u00e9lica lamenta \u2018el da\u00f1o y dolor ocasionado a todas las mujeres que hayan podido ser afectadas\u2019 por \u00c1lex Sampedro"},"content":{"rendered":"<p><br \/>\n<\/p>\n<div>\n<p>La Comisi\u00f3n Permanente de la FEREDE (Federaci\u00f3n de Entidades Religiosas Evang\u00e9licas de Espa\u00f1a) que representa a las iglesias evang\u00e9licas espa\u00f1olas ante el Estado ha enviado este lunes 6 de octubre una <strong>carta dirigida a las iglesias evang\u00e9licas de la Comunidad Valenciana<\/strong> en la que aborda \u201clo sucedido en los \u00faltimos meses en la Comunidad Cristiana Valentia de Alboraia\u201d para \u201cdar informaci\u00f3n sobre la actuaci\u00f3n de FEREDE (\u2026) en el dif\u00edcil proceso que esta comunidad est\u00e1 atravesando\u201d.<\/p>\n<p>La Comisi\u00f3n Permanente explica que \u201cha trabajado y se ha reunido en varias ocasiones para afrontar las <strong>preocupantes informaciones<\/strong> recibidas durante el verano de este mismo a\u00f1o\u201d en relaci\u00f3n a <strong>la situaci\u00f3n de Alex Sampedro<\/strong>,\u00a0<strong>reconocido artista, maestro y predicador\u00a0<\/strong>que sirvi\u00f3 como pastor en la iglesia Valentia entre 2022 y 2024.\u00a0La carta recuerda que<strong> tanto \u201cla Comunidad Valentia como FIAPE son las entidades responsables y competentes de adoptar las medidas correspondientes\u201d,<\/strong> subrayando que FEREDE \u201cno tiene competencia para intervenir en los asuntos internos de las mismas\u201d.<\/p>\n<p>La Comisi\u00f3n Permanente dice<strong> lamentar \u201cprofundamente el da\u00f1o y el dolor ocasionado a todas las mujeres que hayan podido ser afectadas\u201d<\/strong>, as\u00ed como \u201ca las personas (ni\u00f1os, j\u00f3venes y mayores) que consideraban al mencionado pastor como un referente y ejemplo espiritual, y a todos los miembros y asistentes de la comunidad cristiana que pastoreaba\u201d.<\/p>\n<p>En esta carta, FEREDE tambi\u00e9n confirma su disposici\u00f3n a colaborar con la iglesia afectada, e\u00a0informa de que FIAPE le ha comunicado la puesta en marcha \u201cde una Comisi\u00f3n formada \u00edntegramente por mujeres profesionales con el fin de recibir, escuchar y atender a las mujeres que lo deseen y que hayan sido afectadas\u201d.<\/p>\n<p>Finalmente, la Comisi\u00f3n permanente ruega \u201ca todas las iglesias evang\u00e9licas <strong>que se unan en oraci\u00f3n <\/strong>por todo lo expuesto, y entre todos, <strong>apoyemos, en la medida de nuestras posibilidades, a las mujeres afectadas, a la congregaci\u00f3n que ha sufrido y sigue sufriendo y al conjunto de la Comunidad Cristiana Valentia de Alboraia y la FIAPE<\/strong>\u201d.<\/p>\n<div style=\"font-size:16px;color:#83979d;\" class=\"text-right photo-info-content\"><span class=\"photo-info\"><strong><span>&gt;&gt;&gt;&gt;&gt;\u00a0<\/span><\/strong><em>Sigue el <a href=\"https:\/\/whatsapp.com\/channel\/0029VbBbpCrGpLHHil73qg0r\" target=\"_blank\"><strong>Canal de Evang\u00e9lico Digital en WhatsApp<\/strong><\/a>, actualizado al minuto con los art\u00edculos y noticias publicados<\/em><\/span> <\/div>\n<p><strong>Esta carta se produce tras lo ocurrido en los \u00faltimos meses en torno a la situaci\u00f3n de<\/strong> <strong>Alex Sampedro<\/strong>. El 5 de agosto de 2025, la FIAPE (Federaci\u00f3n de Iglesias Apost\u00f3licas Pentecostales de Espa\u00f1a) <a href=\"https:\/\/www.evangelicodigital.com\/sociedad\/37559\/iglesia-y-denominacion-de-alex-sampedro-confirman-cese-como-pastor\" target=\"_blank\">public\u00f3 un comunicado sobre el cese de Alex Sampedro<\/a> como pastor principal de la iglesia trece meses antes, en julio de 2024. Aunque no se explicaban los motivos de este cese, se especificaba que desde entonces las actividades ministeriales realizadas por Sampedro -que retom\u00f3 parte de su ministerio musical y de ense\u00f1anza en 2025- no contaban con el respaldo ni la cobertura de FiAPE y agrupaci\u00f3n denominacional a la que pertenece la iglesia Comunidad Valentia, en la que Alex Sampedro fue pastor desde 2022 hasta junio de 2024.<\/p>\n<p>Por su parte, el <strong>Consejo Evang\u00e9lico de la Comunidad Valenciana (CECVA)<\/strong> public\u00f3 el 12 de agosto <a href=\"https:\/\/media.protestantedigital.com\/2025-08-26-10:27_COMUNICADO_OFICIAL_DEL_CECVA.pdf\" target=\"_blank\">un comunicado<\/a> en el que se expresaba su \u201cfirme\u00a0<strong>condena de cualquier tipo de abuso o comportamiento deshonesto, falto de \u00e9tica, inadecuado y\/o delictivo<\/strong>\u00a0que se pueda producir en el seno de las iglesias\u201d.<\/p>\n<p>El 18 de septiembre, Protestante Digital <a href=\"https:\/\/protestantedigital.com\/espana\/70748\/entidades-evangelicas-en-valencia-esperan-la-accion-de-fiape-y-ferede-ante-el-caso-alex-sampedro\" target=\"_blank\">public\u00f3<\/a> las respuestas recibidas por parte de la <strong>Fraternidad de Pastores de Valencia<\/strong> que manifest\u00f3 su deseo de que \u201ceste lamentable acontecimiento se resuelva y se lleve con mucha sabidur\u00eda y con total transparencia por las entidades correspondientes\u201d.<\/p>\n<p>\u00a0<\/p>\n<p>La Comisi\u00f3n informa que <strong>FIAPE<\/strong> (Federaci\u00f3n y agrupaci\u00f3n denominacional a la que pertenece la Comunidad Valentia) ha \u201casumido <strong>la direcci\u00f3n y responsabilidad de la iglesia desde el pasado 14 de septiembre,<\/strong> nombrando a un <strong>nuevo Consejo<\/strong> en la misma cuya presidencia asume el mismo presidente de FIAPE de manera temporal\u201d.<\/p>\n<p>Este nuevo Consejo est\u00e1 trabajando en \u201cla puesta en marcha de una <strong>Comisi\u00f3n formada \u00edntegramente por mujeres profesionales<\/strong> con el fin de <strong>recibir, escuchar y atender a las mujeres <\/strong>que lo deseen y que <strong>hayan sido afectadas<\/strong>\u201d.<\/p>\n<p>Adem\u00e1s, est\u00e1 trabajando en \u201cla direcci\u00f3n, atenci\u00f3n pastoral y espiritual de la Comunidad Valentia en estos dif\u00edciles momentos que est\u00e1 atravesando esta congregaci\u00f3n\u201d. Tambi\u00e9n trabajan\u00a0en \u201cla b\u00fasqueda de una v\u00eda para que pueda desarrollarse el correspondiente proceso de <strong>disciplina<\/strong> y <strong>restauraci\u00f3n<\/strong> personal del anterior Pastor y su familia, en la medida en que esto sea posible, ahora o en un futuro\u201d.<\/p>\n<\/p><\/div>\n<p>\n          Publicado en: <span class=\"text-turquoise\"> <a href=\"https:\/\/www.evangelicodigital.com\">EVANG\u00c9LICO DIGITAL<\/a> &#8211; <a href=\"https:\/\/www.evangelicodigital.com\/mundo\">MUNDO<\/a><\/span><br \/>\n          &#8211; Espa\u00f1a | La Federaci\u00f3n Evang\u00e9lica lamenta \u2018el da\u00f1o y dolor ocasionado a todas las mujeres que hayan podido ser afectadas\u2019 por \u00c1lex Sampedro\n        <\/p>\n<p><br \/>\n<br \/><a href=\"https:\/\/www.evangelicodigital.com\/mundo\/38443\/espana-federacion-evangelica-lamenta-dano-y-dolor-ocasionado-a-todas-las-mujeres-afectadas-por-alex-sampedro\">Source link <\/a><\/p>\n","protected":false},"excerpt":{"rendered":"<p>La Comisi\u00f3n Permanente de la FEREDE (Federaci\u00f3n de Entidades Religiosas Evang\u00e9licas de Espa\u00f1a) que representa a las iglesias evang\u00e9licas espa\u00f1olas ante el Estado ha enviado este lunes 6 de octubre una carta dirigida a las iglesias evang\u00e9licas de la Comunidad Valenciana en la que aborda \u201clo sucedido en los \u00faltimos meses en la Comunidad Cristiana [&hellip;]<\/p>\n","protected":false},"author":2,"featured_media":0,"comment_status":"","ping_status":"open","sticky":false,"template":"","format":"standard","meta":{"fifu_image_url":"","fifu_image_alt":"","footnotes":""},"categories":[1],"tags":[],"class_list":["post-7094","post","type-post","status-publish","format-standard","hentry","category-nexopost"],"yoast_head":"<!-- This site is optimized with the Yoast SEO Premium plugin v25.7.1 (Yoast SEO v26.5) - https:\/\/yoast.com\/wordpress\/plugins\/seo\/ -->\n<title>Espa\u00f1a | La Federaci\u00f3n Evang\u00e9lica lamenta \u2018el da\u00f1o y dolor ocasionado a todas las mujeres que hayan podido ser afectadas\u2019 por \u00c1lex Sampedro - Stereo Visi\u00f3n de Dios<\/title>\n<meta name=\"robots\" content=\"index, follow, max-snippet:-1, max-image-preview:large, max-video-preview:-1\" \/>\n<link rel=\"canonical\" href=\"https:\/\/stereovisiondedios.com\/?p=7094\" \/>\n<meta property=\"og:locale\" content=\"es_ES\" \/>\n<meta property=\"og:type\" content=\"article\" \/>\n<meta property=\"og:title\" content=\"Espa\u00f1a | La Federaci\u00f3n Evang\u00e9lica lamenta \u2018el da\u00f1o y dolor ocasionado a todas las mujeres que hayan podido ser afectadas\u2019 por \u00c1lex Sampedro\" \/>\n<meta property=\"og:description\" content=\"La Comisi\u00f3n Permanente de la FEREDE (Federaci\u00f3n de Entidades Religiosas Evang\u00e9licas de Espa\u00f1a) que representa a las iglesias evang\u00e9licas espa\u00f1olas ante el Estado ha enviado este lunes 6 de octubre una carta dirigida a las iglesias evang\u00e9licas de la Comunidad Valenciana en la que aborda \u201clo sucedido en los \u00faltimos meses en la Comunidad Cristiana [&hellip;]\" \/>\n<meta property=\"og:url\" content=\"https:\/\/stereovisiondedios.com\/?p=7094\" \/>\n<meta property=\"og:site_name\" content=\"Stereo Visi\u00f3n de Dios\" \/>\n<meta property=\"article:publisher\" content=\"https:\/\/www.facebook.com\/visiondedios106.9fm\" \/>\n<meta property=\"article:published_time\" content=\"2025-10-07T22:22:00+00:00\" \/>\n<meta name=\"author\" content=\"NexoRadio\" \/>\n<meta name=\"twitter:card\" content=\"summary_large_image\" \/>\n<meta name=\"twitter:label1\" content=\"Escrito por\" \/>\n\t<meta name=\"twitter:data1\" content=\"NexoRadio\" \/>\n\t<meta name=\"twitter:label2\" content=\"Tiempo de lectura\" \/>\n\t<meta name=\"twitter:data2\" content=\"4 minutos\" \/>\n<script type=\"application\/ld+json\" class=\"yoast-schema-graph\">{\"@context\":\"https:\/\/schema.org\",\"@graph\":[{\"@type\":\"Article\",\"@id\":\"https:\/\/stereovisiondedios.com\/?p=7094#article\",\"isPartOf\":{\"@id\":\"https:\/\/stereovisiondedios.com\/?p=7094\"},\"author\":{\"name\":\"NexoRadio\",\"@id\":\"https:\/\/stereovisiondedios.com\/#\/schema\/person\/32b4d07d90fc8962809b81993562e343\"},\"headline\":\"Espa\u00f1a | La Federaci\u00f3n Evang\u00e9lica lamenta \u2018el da\u00f1o y dolor ocasionado a todas las mujeres que hayan podido ser afectadas\u2019 por \u00c1lex Sampedro\",\"datePublished\":\"2025-10-07T22:22:00+00:00\",\"mainEntityOfPage\":{\"@id\":\"https:\/\/stereovisiondedios.com\/?p=7094\"},\"wordCount\":815,\"publisher\":{\"@id\":\"https:\/\/stereovisiondedios.com\/#organization\"},\"articleSection\":[\"NexoPost\"],\"inLanguage\":\"es\"},{\"@type\":\"WebPage\",\"@id\":\"https:\/\/stereovisiondedios.com\/?p=7094\",\"url\":\"https:\/\/stereovisiondedios.com\/?p=7094\",\"name\":\"Espa\u00f1a | La Federaci\u00f3n Evang\u00e9lica lamenta \u2018el da\u00f1o y dolor ocasionado a todas las mujeres que hayan podido ser afectadas\u2019 por \u00c1lex Sampedro - Stereo Visi\u00f3n de Dios\",\"isPartOf\":{\"@id\":\"https:\/\/stereovisiondedios.com\/#website\"},\"datePublished\":\"2025-10-07T22:22:00+00:00\",\"breadcrumb\":{\"@id\":\"https:\/\/stereovisiondedios.com\/?p=7094#breadcrumb\"},\"inLanguage\":\"es\",\"potentialAction\":[{\"@type\":\"ReadAction\",\"target\":[\"https:\/\/stereovisiondedios.com\/?p=7094\"]}]},{\"@type\":\"BreadcrumbList\",\"@id\":\"https:\/\/stereovisiondedios.com\/?p=7094#breadcrumb\",\"itemListElement\":[{\"@type\":\"ListItem\",\"position\":1,\"name\":\"Home\",\"item\":\"https:\/\/stereovisiondedios.com\/\"},{\"@type\":\"ListItem\",\"position\":2,\"name\":\"Espa\u00f1a | La Federaci\u00f3n Evang\u00e9lica lamenta \u2018el da\u00f1o y dolor ocasionado a todas las mujeres que hayan podido ser afectadas\u2019 por \u00c1lex Sampedro\"}]},{\"@type\":\"WebSite\",\"@id\":\"https:\/\/stereovisiondedios.com\/#website\",\"url\":\"https:\/\/stereovisiondedios.com\/\",\"name\":\"Stereo Visi\u00f3n de Dios\",\"description\":\"Conectate...\",\"publisher\":{\"@id\":\"https:\/\/stereovisiondedios.com\/#organization\"},\"potentialAction\":[{\"@type\":\"SearchAction\",\"target\":{\"@type\":\"EntryPoint\",\"urlTemplate\":\"https:\/\/stereovisiondedios.com\/?s={search_term_string}\"},\"query-input\":{\"@type\":\"PropertyValueSpecification\",\"valueRequired\":true,\"valueName\":\"search_term_string\"}}],\"inLanguage\":\"es\"},{\"@type\":\"Organization\",\"@id\":\"https:\/\/stereovisiondedios.com\/#organization\",\"name\":\"Radio Stereo Visi\u00f3n de Dios\",\"url\":\"https:\/\/stereovisiondedios.com\/\",\"logo\":{\"@type\":\"ImageObject\",\"inLanguage\":\"es\",\"@id\":\"https:\/\/stereovisiondedios.com\/#\/schema\/logo\/image\/\",\"url\":\"https:\/\/stereovisiondedios.com\/wp-content\/uploads\/2024\/10\/www.fmhorizontesalta.com_.ar-5-1.png\",\"contentUrl\":\"https:\/\/stereovisiondedios.com\/wp-content\/uploads\/2024\/10\/www.fmhorizontesalta.com_.ar-5-1.png\",\"width\":555,\"height\":114,\"caption\":\"Radio Stereo Visi\u00f3n de Dios\"},\"image\":{\"@id\":\"https:\/\/stereovisiondedios.com\/#\/schema\/logo\/image\/\"},\"sameAs\":[\"https:\/\/www.facebook.com\/visiondedios106.9fm\",\"https:\/\/www.tiktok.com\/@vision_de_dios_106_9_fm\",\"https:\/\/www.youtube.com\/@radiovisiondediosstereo106.9\"]},{\"@type\":\"Person\",\"@id\":\"https:\/\/stereovisiondedios.com\/#\/schema\/person\/32b4d07d90fc8962809b81993562e343\",\"name\":\"NexoRadio\",\"image\":{\"@type\":\"ImageObject\",\"inLanguage\":\"es\",\"@id\":\"https:\/\/stereovisiondedios.com\/#\/schema\/person\/image\/\",\"url\":\"https:\/\/secure.gravatar.com\/avatar\/5c8c3ec5af674c12295d543b84fe993caada4dedbc52804dace89aa6e7f89070?s=96&d=mm&r=g\",\"contentUrl\":\"https:\/\/secure.gravatar.com\/avatar\/5c8c3ec5af674c12295d543b84fe993caada4dedbc52804dace89aa6e7f89070?s=96&d=mm&r=g\",\"caption\":\"NexoRadio\"},\"url\":\"https:\/\/stereovisiondedios.com\/?author=2\"}]}<\/script>\n<!-- \/ Yoast SEO Premium plugin. -->","yoast_head_json":{"title":"Espa\u00f1a | La Federaci\u00f3n Evang\u00e9lica lamenta \u2018el da\u00f1o y dolor ocasionado a todas las mujeres que hayan podido ser afectadas\u2019 por \u00c1lex Sampedro - Stereo Visi\u00f3n de Dios","robots":{"index":"index","follow":"follow","max-snippet":"max-snippet:-1","max-image-preview":"max-image-preview:large","max-video-preview":"max-video-preview:-1"},"canonical":"https:\/\/stereovisiondedios.com\/?p=7094","og_locale":"es_ES","og_type":"article","og_title":"Espa\u00f1a | La Federaci\u00f3n Evang\u00e9lica lamenta \u2018el da\u00f1o y dolor ocasionado a todas las mujeres que hayan podido ser afectadas\u2019 por \u00c1lex Sampedro","og_description":"La Comisi\u00f3n Permanente de la FEREDE (Federaci\u00f3n de Entidades Religiosas Evang\u00e9licas de Espa\u00f1a) que representa a las iglesias evang\u00e9licas espa\u00f1olas ante el Estado ha enviado este lunes 6 de octubre una carta dirigida a las iglesias evang\u00e9licas de la Comunidad Valenciana en la que aborda \u201clo sucedido en los \u00faltimos meses en la Comunidad Cristiana [&hellip;]","og_url":"https:\/\/stereovisiondedios.com\/?p=7094","og_site_name":"Stereo Visi\u00f3n de Dios","article_publisher":"https:\/\/www.facebook.com\/visiondedios106.9fm","article_published_time":"2025-10-07T22:22:00+00:00","author":"NexoRadio","twitter_card":"summary_large_image","twitter_misc":{"Escrito por":"NexoRadio","Tiempo de lectura":"4 minutos"},"schema":{"@context":"https:\/\/schema.org","@graph":[{"@type":"Article","@id":"https:\/\/stereovisiondedios.com\/?p=7094#article","isPartOf":{"@id":"https:\/\/stereovisiondedios.com\/?p=7094"},"author":{"name":"NexoRadio","@id":"https:\/\/stereovisiondedios.com\/#\/schema\/person\/32b4d07d90fc8962809b81993562e343"},"headline":"Espa\u00f1a | La Federaci\u00f3n Evang\u00e9lica lamenta \u2018el da\u00f1o y dolor ocasionado a todas las mujeres que hayan podido ser afectadas\u2019 por \u00c1lex Sampedro","datePublished":"2025-10-07T22:22:00+00:00","mainEntityOfPage":{"@id":"https:\/\/stereovisiondedios.com\/?p=7094"},"wordCount":815,"publisher":{"@id":"https:\/\/stereovisiondedios.com\/#organization"},"articleSection":["NexoPost"],"inLanguage":"es"},{"@type":"WebPage","@id":"https:\/\/stereovisiondedios.com\/?p=7094","url":"https:\/\/stereovisiondedios.com\/?p=7094","name":"Espa\u00f1a | La Federaci\u00f3n Evang\u00e9lica lamenta \u2018el da\u00f1o y dolor ocasionado a todas las mujeres que hayan podido ser afectadas\u2019 por \u00c1lex Sampedro - Stereo Visi\u00f3n de Dios","isPartOf":{"@id":"https:\/\/stereovisiondedios.com\/#website"},"datePublished":"2025-10-07T22:22:00+00:00","breadcrumb":{"@id":"https:\/\/stereovisiondedios.com\/?p=7094#breadcrumb"},"inLanguage":"es","potentialAction":[{"@type":"ReadAction","target":["https:\/\/stereovisiondedios.com\/?p=7094"]}]},{"@type":"BreadcrumbList","@id":"https:\/\/stereovisiondedios.com\/?p=7094#breadcrumb","itemListElement":[{"@type":"ListItem","position":1,"name":"Home","item":"https:\/\/stereovisiondedios.com\/"},{"@type":"ListItem","position":2,"name":"Espa\u00f1a | La Federaci\u00f3n Evang\u00e9lica lamenta \u2018el da\u00f1o y dolor ocasionado a todas las mujeres que hayan podido ser afectadas\u2019 por \u00c1lex Sampedro"}]},{"@type":"WebSite","@id":"https:\/\/stereovisiondedios.com\/#website","url":"https:\/\/stereovisiondedios.com\/","name":"Stereo Visi\u00f3n de Dios","description":"Conectate...","publisher":{"@id":"https:\/\/stereovisiondedios.com\/#organization"},"potentialAction":[{"@type":"SearchAction","target":{"@type":"EntryPoint","urlTemplate":"https:\/\/stereovisiondedios.com\/?s={search_term_string}"},"query-input":{"@type":"PropertyValueSpecification","valueRequired":true,"valueName":"search_term_string"}}],"inLanguage":"es"},{"@type":"Organization","@id":"https:\/\/stereovisiondedios.com\/#organization","name":"Radio Stereo Visi\u00f3n de Dios","url":"https:\/\/stereovisiondedios.com\/","logo":{"@type":"ImageObject","inLanguage":"es","@id":"https:\/\/stereovisiondedios.com\/#\/schema\/logo\/image\/","url":"https:\/\/stereovisiondedios.com\/wp-content\/uploads\/2024\/10\/www.fmhorizontesalta.com_.ar-5-1.png","contentUrl":"https:\/\/stereovisiondedios.com\/wp-content\/uploads\/2024\/10\/www.fmhorizontesalta.com_.ar-5-1.png","width":555,"height":114,"caption":"Radio Stereo Visi\u00f3n de Dios"},"image":{"@id":"https:\/\/stereovisiondedios.com\/#\/schema\/logo\/image\/"},"sameAs":["https:\/\/www.facebook.com\/visiondedios106.9fm","https:\/\/www.tiktok.com\/@vision_de_dios_106_9_fm","https:\/\/www.youtube.com\/@radiovisiondediosstereo106.9"]},{"@type":"Person","@id":"https:\/\/stereovisiondedios.com\/#\/schema\/person\/32b4d07d90fc8962809b81993562e343","name":"NexoRadio","image":{"@type":"ImageObject","inLanguage":"es","@id":"https:\/\/stereovisiondedios.com\/#\/schema\/person\/image\/","url":"https:\/\/secure.gravatar.com\/avatar\/5c8c3ec5af674c12295d543b84fe993caada4dedbc52804dace89aa6e7f89070?s=96&d=mm&r=g","contentUrl":"https:\/\/secure.gravatar.com\/avatar\/5c8c3ec5af674c12295d543b84fe993caada4dedbc52804dace89aa6e7f89070?s=96&d=mm&r=g","caption":"NexoRadio"},"url":"https:\/\/stereovisiondedios.com\/?author=2"}]}},"_links":{"self":[{"href":"https:\/\/stereovisiondedios.com\/index.php?rest_route=\/wp\/v2\/posts\/7094","targetHints":{"allow":["GET"]}}],"collection":[{"href":"https:\/\/stereovisiondedios.com\/index.php?rest_route=\/wp\/v2\/posts"}],"about":[{"href":"https:\/\/stereovisiondedios.com\/index.php?rest_route=\/wp\/v2\/types\/post"}],"author":[{"embeddable":true,"href":"https:\/\/stereovisiondedios.com\/index.php?rest_route=\/wp\/v2\/users\/2"}],"replies":[{"embeddable":true,"href":"https:\/\/stereovisiondedios.com\/index.php?rest_route=%2Fwp%2Fv2%2Fcomments&post=7094"}],"version-history":[{"count":0,"href":"https:\/\/stereovisiondedios.com\/index.php?rest_route=\/wp\/v2\/posts\/7094\/revisions"}],"wp:attachment":[{"href":"https:\/\/stereovisiondedios.com\/index.php?rest_route=%2Fwp%2Fv2%2Fmedia&parent=7094"}],"wp:term":[{"taxonomy":"category","embeddable":true,"href":"https:\/\/stereovisiondedios.com\/index.php?rest_route=%2Fwp%2Fv2%2Fcategories&post=7094"},{"taxonomy":"post_tag","embeddable":true,"href":"https:\/\/stereovisiondedios.com\/index.php?rest_route=%2Fwp%2Fv2%2Ftags&post=7094"}],"curies":[{"name":"wp","href":"https:\/\/api.w.org\/{rel}","templated":true}]}}