{"id":7095,"date":"2025-10-08T05:27:47","date_gmt":"2025-10-08T11:27:47","guid":{"rendered":"https:\/\/stereovisiondedios.com\/?p=7095"},"modified":"2025-10-08T05:27:47","modified_gmt":"2025-10-08T11:27:47","slug":"lideres-y-politicos-evangelicos-rinden-homenaje-postumo-a-charlie-kirk-en-todo-latinoamerica","status":"publish","type":"post","link":"https:\/\/stereovisiondedios.com\/?p=7095","title":{"rendered":"L\u00edderes y pol\u00edticos evang\u00e9licos rinden homenaje p\u00f3stumo a Charlie Kirk en todo Latinoam\u00e9rica"},"content":{"rendered":"<p><br \/>\n<\/p>\n<div>\n<p><strong>En todo Latinoam\u00e9rica se han celebrado actos de homenaje a Charlie Kirk, cristiano evang\u00e9lico <a href=\"https:\/\/www.evangelicodigital.com\/eeuu\/38110\/asesinan-a-charlie-kirk-cristiano-activista-conservador-y-aliado-de-trump\" target=\"_blank\">asesinado el pasado 10 de septiembre<\/a>. <\/strong>El conocido activista conservador estadounidense falleci\u00f3 tiroteado mientras participaba en un encuentro en la Universidad del Valle de Utah.\u00a0Ten\u00eda 31 a\u00f1os.<\/p>\n<p>Estos actos se enmarcan en un contexto de preocupaci\u00f3n global por el deterioro del debate p\u00fablico y la creciente persecuci\u00f3n a voces disidentes, as\u00ed como a la polarizaci\u00f3n y enfrentamiento en la arena p\u00fablica, siendo Kirk un ejemplo de di\u00e1logo respetuoso sin ceder en sus posicionamientos e ideales.<\/p>\n<p>Destacamos tres de ellos, realizados en Per\u00fa, Chile y Rep\u00fablica Dominicana.<\/p>\n<div style=\"font-size:16px;color:#83979d;\" class=\"text-right photo-info-content\"><span class=\"photo-info\"><strong><span>&gt;&gt;&gt;&gt;&gt;\u00a0<\/span><\/strong><em>Sigue el <a href=\"https:\/\/whatsapp.com\/channel\/0029VbBbpCrGpLHHil73qg0r\" target=\"_blank\"><strong>Canal de Evang\u00e9lico Digital en WhatsApp<\/strong><\/a>, actualizado al minuto con los art\u00edculos y noticias publicados<\/em><\/span> <\/div>\n<p><img decoding=\"async\" alt=\"L\u00edderes y pol\u00edticos evang\u00e9licos rinden homenaje p\u00f3stumo a Charlie Kirk en todo Latinoam\u00e9rica\" title=\"L\u00edderes y pol\u00edticos evang\u00e9licos rinden homenaje p\u00f3stumo a Charlie Kirk en todo Latinoam\u00e9rica\" src=\"https:\/\/cms.evangelicodigital.com\/upload\/imagenes\/68e6398d304c8_charliekirkW1.jpg\"\/><\/p>\n<p><strong>La alcald\u00eda de Lima celebr\u00f3 este pasado s\u00e1bado 4 de octubre un encuentro en el c\u00e9ntrico parque llamado Circuito M\u00e1gico del Agua, donde muchos cientos de personas, entre ellos numerosos evang\u00e9licos y cat\u00f3licos, recordaron la figura de Kirk<\/strong>, con la participaci\u00f3n de algunos congresistas peruanos y funcionarios del municipio capitalino. <strong>Entre ellos destacamos a Milagros J\u00e1uregui de Aguayo y Alejandro Mu\u00f1ante (ambos de fe evang\u00e9lica).<\/strong><\/p>\n<p>El alcalde <strong>L\u00f3pez Aliaga<\/strong> destac\u00f3 que \u00abCharlie Kirk es una s\u00edntesis importante en Per\u00fa, \u00e9l es cristiano evang\u00e9lico y su esposa es cat\u00f3lica\u00bb y por ese motivo consider\u00f3 que en esta jornada se han \u00abunido fuerzas todos los que tenemos el mismo Dios y el mismo Cristo para combatir a esta izquierda del mal\u00bb.<\/p>\n<p>La parlamentaria y pastora evang\u00e9lica <strong>Milagros J\u00e1uregui<\/strong> manifest\u00f3 que <strong>Kirk fue \u00abun pionero, un precursor de su generaci\u00f3n\u00bb que camin\u00f3 hablando la verdad y que estuvo dispuesto a responder \u00aba la cantidad de mentiras que se est\u00e1n diciendo en las universidades y eso le cost\u00f3 la vida\u00bb.<\/strong><\/p>\n<p>\u00abNecesitamos preservar la vida, a la familia, porque es el lugar m\u00e1s seguro para preservar al ser humano\u00bb, remarc\u00f3 la tambi\u00e9n militante del partido Renovaci\u00f3n Popular.<\/p>\n<p>AL acabar expres\u00f3 que \u201c<strong>Fue un momento hist\u00f3rico y profundamente significativo, donde rendimos homenaje a un l\u00edder que inspir\u00f3 a miles alrededor del mundo a defender con valent\u00eda los valores y principios que sostienen a nuestras naciones<\/strong>. Me llena de esperanza ver a autoridades, l\u00edderes y pastores unidos en esta causa, record\u00e1ndonos que la vida y la libertad son tesoros que debemos cuidar y transmitir a las futuras generaciones\u201d.<\/p>\n<p><img decoding=\"async\" alt=\"L\u00edderes y pol\u00edticos evang\u00e9licos rinden homenaje p\u00f3stumo a Charlie Kirk en todo Latinoam\u00e9rica\" title=\"L\u00edderes y pol\u00edticos evang\u00e9licos rinden homenaje p\u00f3stumo a Charlie Kirk en todo Latinoam\u00e9rica\" src=\"https:\/\/cms.evangelicodigital.com\/upload\/imagenes\/68e6398d30cf4_charliekirkW2.jpg\"\/><\/p>\n<div style=\"font-size:16px;color:#83979d;\" class=\"text-right photo-info-content\"><span class=\"photo-info\"><em>En el centro\u00a0Milagros J\u00e1uregui y Alejandro Mu\u00f1ante durante el acto<\/em><\/span> <\/div>\n<p>Por su parte, el congresista <strong>Alejandro Mu\u00f1ante<\/strong>, del partido Renovaci\u00f3n Popular, dijo al momento de dirigirse a los presentes que \u00abesta foto de hoy dar\u00e1 la vuelta al mundo porque es hist\u00f3rico que hoy Lima, la capital de un pa\u00eds que se ha levantado firme en la defensa de la vida, le rinda homenaje a un gran hombre que entreg\u00f3 su vida haciendo lo que m\u00e1s quer\u00eda: hablar la verdad\u00bb.<\/p>\n<p>\u00abCharlie Kirk demostr\u00f3 que la luz tiene que brillar en la oscuridad y ese es el gran legado que nos dej\u00f3\u00bb, declar\u00f3 el legislador peruano con una gorra de MAGA, el lema de Trump &#8216;Make America Great Again&#8217;.<\/p>\n<p>Mu\u00f1ante subray\u00f3 que \u00abPer\u00fa es un pa\u00eds que se ha mantenido invicto de esas arremetidas ideol\u00f3gicas, el comunismo no ha podido con los peruanos, el progresismo no ha podido con los peruanos y con la ayuda de Dios jam\u00e1s podr\u00e1n contra nosotros\u00bb.<\/p>\n<p>\u00a0<\/p>\n<p><img decoding=\"async\" alt=\"L\u00edderes y pol\u00edticos evang\u00e9licos rinden homenaje p\u00f3stumo a Charlie Kirk en todo Latinoam\u00e9rica\" title=\"L\u00edderes y pol\u00edticos evang\u00e9licos rinden homenaje p\u00f3stumo a Charlie Kirk en todo Latinoam\u00e9rica\" src=\"https:\/\/cms.evangelicodigital.com\/upload\/imagenes\/68e6398d313a0_charliekirkW3.jpg\"\/><\/p>\n<div style=\"font-size:16px;color:#83979d;\" class=\"text-right photo-info-content\"><span class=\"photo-info\"><em>Schubert durante su intervenci\u00f3n en la C\u00e1mara de Diputados chilena<\/em><\/span> <\/div>\n<p><strong>En una emotiva jornada en la C\u00e1mara de Diputados, el Diputado de fe evang\u00e9lica Stephan Schubert, junto al Partido Republicano, solicit\u00f3 un minuto de silencio <\/strong><\/p>\n<p>Durante la sesi\u00f3n celebrada el 30 de septiembre <strong>Schubert pronunci\u00f3 un discurso en el que resalt\u00f3 la importancia de la libertad de expresi\u00f3n, de ideas y religiosa como elementos esenciales para el fortalecimiento de la democracia y el respeto al disenso<\/strong>.<\/p>\n<p>\u201cEl crimen de Charlie Kirk no fue un hecho aislado. Es el s\u00edntoma m\u00e1s agudo de una era en que la mentira, la censura y el odio pretenden desplazar al di\u00e1logo c\u00edvico, al respeto con el que piensa distinto. Su m\u00e9todo no era la imposici\u00f3n, sino el di\u00e1logo. Y su lucha, colegas, estaba arraigada en algo mucho m\u00e1s grande: una fe inquebrantable en la Verdad. Era, como lo describe el texto sagrado, un moderno Esteban, el primer m\u00e1rtir cristiano. Al igual que Esteban entr\u00f3 en las sinagogas a debatir con los fariseos, Charlie entr\u00f3 en los coliseos intelectuales de nuestro tiempo, los campus universitarios, a desmantelar los dogmas progresistas. Y como a Esteban, cuando no pudieron rebatirlo con argumentos, lo acusaron falsamente y lo ejecutaron para silenciar su testimonio.\u201d<\/p>\n<p>\u00a0<\/p>\n<p><img decoding=\"async\" alt=\"L\u00edderes y pol\u00edticos evang\u00e9licos rinden homenaje p\u00f3stumo a Charlie Kirk en todo Latinoam\u00e9rica\" title=\"L\u00edderes y pol\u00edticos evang\u00e9licos rinden homenaje p\u00f3stumo a Charlie Kirk en todo Latinoam\u00e9rica\" src=\"https:\/\/cms.evangelicodigital.com\/upload\/imagenes\/68e6398d317f5_charliekirkW4.jpg\"\/><\/p>\n<div style=\"font-size:16px;color:#83979d;\" class=\"text-right photo-info-content\"><span class=\"photo-info\"><em>El discurso de Alm\u00e1nzar\u00a0solicitando el minuto de silencio<\/em><\/span> <\/div>\n<p>La diputada dominicana Maribel Alm\u00e1nzar propuso en nombre del Bloque Provida -y su moci\u00f3n fue aprobada por unanimidad- que <strong>en la C\u00e1mara de Diputados de Rep\u00fablica Dominicana se realizara un minuto de silencio por el asesinato de Charlie Kirk.<\/strong><\/p>\n<p>Almanzar describi\u00f3 la gran hoja de servicio de Charlie Kirk en pro de las nuevas generaciones y en la promoci\u00f3n de principios cristianos y libertarios.<\/p>\n<\/p><\/div>\n<p>\n          Publicado en: <span class=\"text-turquoise\"> <a href=\"https:\/\/www.evangelicodigital.com\">EVANG\u00c9LICO DIGITAL<\/a> &#8211; <a href=\"https:\/\/www.evangelicodigital.com\/latinoamerica\">LATINOAM\u00c9RICA<\/a><\/span><br \/>\n          &#8211; L\u00edderes y pol\u00edticos evang\u00e9licos rinden homenaje p\u00f3stumo a Charlie Kirk en todo Latinoam\u00e9rica\n        <\/p>\n<p><br \/>\n<br \/><a href=\"https:\/\/www.evangelicodigital.com\/latinoamerica\/38450\/lideres-y-politicos-evangelicos-rinden-homenaje-postumo-a-charlie-kirk-en-latinoamerica\">Source link <\/a><\/p>\n","protected":false},"excerpt":{"rendered":"<p>En todo Latinoam\u00e9rica se han celebrado actos de homenaje a Charlie Kirk, cristiano evang\u00e9lico asesinado el pasado 10 de septiembre. El conocido activista conservador estadounidense falleci\u00f3 tiroteado mientras participaba en un encuentro en la Universidad del Valle de Utah.\u00a0Ten\u00eda 31 a\u00f1os. Estos actos se enmarcan en un contexto de preocupaci\u00f3n global por el deterioro del [&hellip;]<\/p>\n","protected":false},"author":2,"featured_media":7096,"comment_status":"","ping_status":"open","sticky":false,"template":"","format":"standard","meta":{"fifu_image_url":"https:\/\/cms.evangelicodigital.com\/upload\/imagenes\/68e6398d304c8_charliekirkW1.jpg","fifu_image_alt":"","footnotes":""},"categories":[1],"tags":[],"class_list":["post-7095","post","type-post","status-publish","format-standard","has-post-thumbnail","hentry","category-nexopost"],"yoast_head":"<!-- This site is optimized with the Yoast SEO Premium plugin v25.7.1 (Yoast SEO v26.5) - https:\/\/yoast.com\/wordpress\/plugins\/seo\/ -->\n<title>L\u00edderes y pol\u00edticos evang\u00e9licos rinden homenaje p\u00f3stumo a Charlie Kirk en todo Latinoam\u00e9rica - Stereo Visi\u00f3n de Dios<\/title>\n<meta name=\"robots\" content=\"index, follow, max-snippet:-1, max-image-preview:large, max-video-preview:-1\" \/>\n<link rel=\"canonical\" href=\"https:\/\/stereovisiondedios.com\/?p=7095\" \/>\n<meta property=\"og:locale\" content=\"es_ES\" \/>\n<meta property=\"og:type\" content=\"article\" \/>\n<meta property=\"og:title\" content=\"L\u00edderes y pol\u00edticos evang\u00e9licos rinden homenaje p\u00f3stumo a Charlie Kirk en todo Latinoam\u00e9rica\" \/>\n<meta property=\"og:description\" content=\"En todo Latinoam\u00e9rica se han celebrado actos de homenaje a Charlie Kirk, cristiano evang\u00e9lico asesinado el pasado 10 de septiembre. El conocido activista conservador estadounidense falleci\u00f3 tiroteado mientras participaba en un encuentro en la Universidad del Valle de Utah.\u00a0Ten\u00eda 31 a\u00f1os. Estos actos se enmarcan en un contexto de preocupaci\u00f3n global por el deterioro del [&hellip;]\" \/>\n<meta property=\"og:url\" content=\"https:\/\/stereovisiondedios.com\/?p=7095\" \/>\n<meta property=\"og:site_name\" content=\"Stereo Visi\u00f3n de Dios\" \/>\n<meta property=\"article:publisher\" content=\"https:\/\/www.facebook.com\/visiondedios106.9fm\" \/>\n<meta property=\"article:published_time\" content=\"2025-10-08T11:27:47+00:00\" \/>\n<meta property=\"og:image\" content=\"https:\/\/cms.evangelicodigital.com\/upload\/imagenes\/68e6398d304c8_charliekirkW1.jpg\" \/>\n<meta name=\"author\" content=\"NexoRadio\" \/>\n<meta name=\"twitter:card\" content=\"summary_large_image\" \/>\n<meta name=\"twitter:image\" content=\"https:\/\/cms.evangelicodigital.com\/upload\/imagenes\/68e6398d304c8_charliekirkW1.jpg\" \/>\n<meta name=\"twitter:label1\" content=\"Escrito por\" \/>\n\t<meta name=\"twitter:data1\" content=\"NexoRadio\" \/>\n\t<meta name=\"twitter:label2\" content=\"Tiempo de lectura\" \/>\n\t<meta name=\"twitter:data2\" content=\"5 minutos\" \/>\n<script type=\"application\/ld+json\" class=\"yoast-schema-graph\">{\"@context\":\"https:\/\/schema.org\",\"@graph\":[{\"@type\":\"Article\",\"@id\":\"https:\/\/stereovisiondedios.com\/?p=7095#article\",\"isPartOf\":{\"@id\":\"https:\/\/stereovisiondedios.com\/?p=7095\"},\"author\":{\"name\":\"NexoRadio\",\"@id\":\"https:\/\/stereovisiondedios.com\/#\/schema\/person\/32b4d07d90fc8962809b81993562e343\"},\"headline\":\"L\u00edderes y pol\u00edticos evang\u00e9licos rinden homenaje p\u00f3stumo a Charlie Kirk en todo Latinoam\u00e9rica\",\"datePublished\":\"2025-10-08T11:27:47+00:00\",\"mainEntityOfPage\":{\"@id\":\"https:\/\/stereovisiondedios.com\/?p=7095\"},\"wordCount\":941,\"publisher\":{\"@id\":\"https:\/\/stereovisiondedios.com\/#organization\"},\"image\":{\"@id\":\"https:\/\/stereovisiondedios.com\/?p=7095#primaryimage\"},\"thumbnailUrl\":\"https:\/\/cms.evangelicodigital.com\/upload\/imagenes\/68e6398d304c8_charliekirkW1.jpg\",\"articleSection\":[\"NexoPost\"],\"inLanguage\":\"es\"},{\"@type\":\"WebPage\",\"@id\":\"https:\/\/stereovisiondedios.com\/?p=7095\",\"url\":\"https:\/\/stereovisiondedios.com\/?p=7095\",\"name\":\"L\u00edderes y pol\u00edticos evang\u00e9licos rinden homenaje p\u00f3stumo a Charlie Kirk en todo Latinoam\u00e9rica - Stereo Visi\u00f3n de Dios\",\"isPartOf\":{\"@id\":\"https:\/\/stereovisiondedios.com\/#website\"},\"primaryImageOfPage\":{\"@id\":\"https:\/\/stereovisiondedios.com\/?p=7095#primaryimage\"},\"image\":{\"@id\":\"https:\/\/stereovisiondedios.com\/?p=7095#primaryimage\"},\"thumbnailUrl\":\"https:\/\/cms.evangelicodigital.com\/upload\/imagenes\/68e6398d304c8_charliekirkW1.jpg\",\"datePublished\":\"2025-10-08T11:27:47+00:00\",\"breadcrumb\":{\"@id\":\"https:\/\/stereovisiondedios.com\/?p=7095#breadcrumb\"},\"inLanguage\":\"es\",\"potentialAction\":[{\"@type\":\"ReadAction\",\"target\":[\"https:\/\/stereovisiondedios.com\/?p=7095\"]}]},{\"@type\":\"ImageObject\",\"inLanguage\":\"es\",\"@id\":\"https:\/\/stereovisiondedios.com\/?p=7095#primaryimage\",\"url\":\"https:\/\/cms.evangelicodigital.com\/upload\/imagenes\/68e6398d304c8_charliekirkW1.jpg\",\"contentUrl\":\"https:\/\/cms.evangelicodigital.com\/upload\/imagenes\/68e6398d304c8_charliekirkW1.jpg\"},{\"@type\":\"BreadcrumbList\",\"@id\":\"https:\/\/stereovisiondedios.com\/?p=7095#breadcrumb\",\"itemListElement\":[{\"@type\":\"ListItem\",\"position\":1,\"name\":\"Home\",\"item\":\"https:\/\/stereovisiondedios.com\/\"},{\"@type\":\"ListItem\",\"position\":2,\"name\":\"L\u00edderes y pol\u00edticos evang\u00e9licos rinden homenaje p\u00f3stumo a Charlie Kirk en todo Latinoam\u00e9rica\"}]},{\"@type\":\"WebSite\",\"@id\":\"https:\/\/stereovisiondedios.com\/#website\",\"url\":\"https:\/\/stereovisiondedios.com\/\",\"name\":\"Stereo Visi\u00f3n de Dios\",\"description\":\"Conectate...\",\"publisher\":{\"@id\":\"https:\/\/stereovisiondedios.com\/#organization\"},\"potentialAction\":[{\"@type\":\"SearchAction\",\"target\":{\"@type\":\"EntryPoint\",\"urlTemplate\":\"https:\/\/stereovisiondedios.com\/?s={search_term_string}\"},\"query-input\":{\"@type\":\"PropertyValueSpecification\",\"valueRequired\":true,\"valueName\":\"search_term_string\"}}],\"inLanguage\":\"es\"},{\"@type\":\"Organization\",\"@id\":\"https:\/\/stereovisiondedios.com\/#organization\",\"name\":\"Radio Stereo Visi\u00f3n de Dios\",\"url\":\"https:\/\/stereovisiondedios.com\/\",\"logo\":{\"@type\":\"ImageObject\",\"inLanguage\":\"es\",\"@id\":\"https:\/\/stereovisiondedios.com\/#\/schema\/logo\/image\/\",\"url\":\"https:\/\/stereovisiondedios.com\/wp-content\/uploads\/2024\/10\/www.fmhorizontesalta.com_.ar-5-1.png\",\"contentUrl\":\"https:\/\/stereovisiondedios.com\/wp-content\/uploads\/2024\/10\/www.fmhorizontesalta.com_.ar-5-1.png\",\"width\":555,\"height\":114,\"caption\":\"Radio Stereo Visi\u00f3n de Dios\"},\"image\":{\"@id\":\"https:\/\/stereovisiondedios.com\/#\/schema\/logo\/image\/\"},\"sameAs\":[\"https:\/\/www.facebook.com\/visiondedios106.9fm\",\"https:\/\/www.tiktok.com\/@vision_de_dios_106_9_fm\",\"https:\/\/www.youtube.com\/@radiovisiondediosstereo106.9\"]},{\"@type\":\"Person\",\"@id\":\"https:\/\/stereovisiondedios.com\/#\/schema\/person\/32b4d07d90fc8962809b81993562e343\",\"name\":\"NexoRadio\",\"image\":{\"@type\":\"ImageObject\",\"inLanguage\":\"es\",\"@id\":\"https:\/\/stereovisiondedios.com\/#\/schema\/person\/image\/\",\"url\":\"https:\/\/secure.gravatar.com\/avatar\/5c8c3ec5af674c12295d543b84fe993caada4dedbc52804dace89aa6e7f89070?s=96&d=mm&r=g\",\"contentUrl\":\"https:\/\/secure.gravatar.com\/avatar\/5c8c3ec5af674c12295d543b84fe993caada4dedbc52804dace89aa6e7f89070?s=96&d=mm&r=g\",\"caption\":\"NexoRadio\"},\"url\":\"https:\/\/stereovisiondedios.com\/?author=2\"}]}<\/script>\n<!-- \/ Yoast SEO Premium plugin. -->","yoast_head_json":{"title":"L\u00edderes y pol\u00edticos evang\u00e9licos rinden homenaje p\u00f3stumo a Charlie Kirk en todo Latinoam\u00e9rica - Stereo Visi\u00f3n de Dios","robots":{"index":"index","follow":"follow","max-snippet":"max-snippet:-1","max-image-preview":"max-image-preview:large","max-video-preview":"max-video-preview:-1"},"canonical":"https:\/\/stereovisiondedios.com\/?p=7095","og_locale":"es_ES","og_type":"article","og_title":"L\u00edderes y pol\u00edticos evang\u00e9licos rinden homenaje p\u00f3stumo a Charlie Kirk en todo Latinoam\u00e9rica","og_description":"En todo Latinoam\u00e9rica se han celebrado actos de homenaje a Charlie Kirk, cristiano evang\u00e9lico asesinado el pasado 10 de septiembre. El conocido activista conservador estadounidense falleci\u00f3 tiroteado mientras participaba en un encuentro en la Universidad del Valle de Utah.\u00a0Ten\u00eda 31 a\u00f1os. Estos actos se enmarcan en un contexto de preocupaci\u00f3n global por el deterioro del [&hellip;]","og_url":"https:\/\/stereovisiondedios.com\/?p=7095","og_site_name":"Stereo Visi\u00f3n de Dios","article_publisher":"https:\/\/www.facebook.com\/visiondedios106.9fm","article_published_time":"2025-10-08T11:27:47+00:00","og_image":[{"url":"https:\/\/cms.evangelicodigital.com\/upload\/imagenes\/68e6398d304c8_charliekirkW1.jpg","type":"","width":"","height":""}],"author":"NexoRadio","twitter_card":"summary_large_image","twitter_image":"https:\/\/cms.evangelicodigital.com\/upload\/imagenes\/68e6398d304c8_charliekirkW1.jpg","twitter_misc":{"Escrito por":"NexoRadio","Tiempo de lectura":"5 minutos"},"schema":{"@context":"https:\/\/schema.org","@graph":[{"@type":"Article","@id":"https:\/\/stereovisiondedios.com\/?p=7095#article","isPartOf":{"@id":"https:\/\/stereovisiondedios.com\/?p=7095"},"author":{"name":"NexoRadio","@id":"https:\/\/stereovisiondedios.com\/#\/schema\/person\/32b4d07d90fc8962809b81993562e343"},"headline":"L\u00edderes y pol\u00edticos evang\u00e9licos rinden homenaje p\u00f3stumo a Charlie Kirk en todo Latinoam\u00e9rica","datePublished":"2025-10-08T11:27:47+00:00","mainEntityOfPage":{"@id":"https:\/\/stereovisiondedios.com\/?p=7095"},"wordCount":941,"publisher":{"@id":"https:\/\/stereovisiondedios.com\/#organization"},"image":{"@id":"https:\/\/stereovisiondedios.com\/?p=7095#primaryimage"},"thumbnailUrl":"https:\/\/cms.evangelicodigital.com\/upload\/imagenes\/68e6398d304c8_charliekirkW1.jpg","articleSection":["NexoPost"],"inLanguage":"es"},{"@type":"WebPage","@id":"https:\/\/stereovisiondedios.com\/?p=7095","url":"https:\/\/stereovisiondedios.com\/?p=7095","name":"L\u00edderes y pol\u00edticos evang\u00e9licos rinden homenaje p\u00f3stumo a Charlie Kirk en todo Latinoam\u00e9rica - Stereo Visi\u00f3n de Dios","isPartOf":{"@id":"https:\/\/stereovisiondedios.com\/#website"},"primaryImageOfPage":{"@id":"https:\/\/stereovisiondedios.com\/?p=7095#primaryimage"},"image":{"@id":"https:\/\/stereovisiondedios.com\/?p=7095#primaryimage"},"thumbnailUrl":"https:\/\/cms.evangelicodigital.com\/upload\/imagenes\/68e6398d304c8_charliekirkW1.jpg","datePublished":"2025-10-08T11:27:47+00:00","breadcrumb":{"@id":"https:\/\/stereovisiondedios.com\/?p=7095#breadcrumb"},"inLanguage":"es","potentialAction":[{"@type":"ReadAction","target":["https:\/\/stereovisiondedios.com\/?p=7095"]}]},{"@type":"ImageObject","inLanguage":"es","@id":"https:\/\/stereovisiondedios.com\/?p=7095#primaryimage","url":"https:\/\/cms.evangelicodigital.com\/upload\/imagenes\/68e6398d304c8_charliekirkW1.jpg","contentUrl":"https:\/\/cms.evangelicodigital.com\/upload\/imagenes\/68e6398d304c8_charliekirkW1.jpg"},{"@type":"BreadcrumbList","@id":"https:\/\/stereovisiondedios.com\/?p=7095#breadcrumb","itemListElement":[{"@type":"ListItem","position":1,"name":"Home","item":"https:\/\/stereovisiondedios.com\/"},{"@type":"ListItem","position":2,"name":"L\u00edderes y pol\u00edticos evang\u00e9licos rinden homenaje p\u00f3stumo a Charlie Kirk en todo Latinoam\u00e9rica"}]},{"@type":"WebSite","@id":"https:\/\/stereovisiondedios.com\/#website","url":"https:\/\/stereovisiondedios.com\/","name":"Stereo Visi\u00f3n de Dios","description":"Conectate...","publisher":{"@id":"https:\/\/stereovisiondedios.com\/#organization"},"potentialAction":[{"@type":"SearchAction","target":{"@type":"EntryPoint","urlTemplate":"https:\/\/stereovisiondedios.com\/?s={search_term_string}"},"query-input":{"@type":"PropertyValueSpecification","valueRequired":true,"valueName":"search_term_string"}}],"inLanguage":"es"},{"@type":"Organization","@id":"https:\/\/stereovisiondedios.com\/#organization","name":"Radio Stereo Visi\u00f3n de Dios","url":"https:\/\/stereovisiondedios.com\/","logo":{"@type":"ImageObject","inLanguage":"es","@id":"https:\/\/stereovisiondedios.com\/#\/schema\/logo\/image\/","url":"https:\/\/stereovisiondedios.com\/wp-content\/uploads\/2024\/10\/www.fmhorizontesalta.com_.ar-5-1.png","contentUrl":"https:\/\/stereovisiondedios.com\/wp-content\/uploads\/2024\/10\/www.fmhorizontesalta.com_.ar-5-1.png","width":555,"height":114,"caption":"Radio Stereo Visi\u00f3n de Dios"},"image":{"@id":"https:\/\/stereovisiondedios.com\/#\/schema\/logo\/image\/"},"sameAs":["https:\/\/www.facebook.com\/visiondedios106.9fm","https:\/\/www.tiktok.com\/@vision_de_dios_106_9_fm","https:\/\/www.youtube.com\/@radiovisiondediosstereo106.9"]},{"@type":"Person","@id":"https:\/\/stereovisiondedios.com\/#\/schema\/person\/32b4d07d90fc8962809b81993562e343","name":"NexoRadio","image":{"@type":"ImageObject","inLanguage":"es","@id":"https:\/\/stereovisiondedios.com\/#\/schema\/person\/image\/","url":"https:\/\/secure.gravatar.com\/avatar\/5c8c3ec5af674c12295d543b84fe993caada4dedbc52804dace89aa6e7f89070?s=96&d=mm&r=g","contentUrl":"https:\/\/secure.gravatar.com\/avatar\/5c8c3ec5af674c12295d543b84fe993caada4dedbc52804dace89aa6e7f89070?s=96&d=mm&r=g","caption":"NexoRadio"},"url":"https:\/\/stereovisiondedios.com\/?author=2"}]}},"_links":{"self":[{"href":"https:\/\/stereovisiondedios.com\/index.php?rest_route=\/wp\/v2\/posts\/7095","targetHints":{"allow":["GET"]}}],"collection":[{"href":"https:\/\/stereovisiondedios.com\/index.php?rest_route=\/wp\/v2\/posts"}],"about":[{"href":"https:\/\/stereovisiondedios.com\/index.php?rest_route=\/wp\/v2\/types\/post"}],"author":[{"embeddable":true,"href":"https:\/\/stereovisiondedios.com\/index.php?rest_route=\/wp\/v2\/users\/2"}],"replies":[{"embeddable":true,"href":"https:\/\/stereovisiondedios.com\/index.php?rest_route=%2Fwp%2Fv2%2Fcomments&post=7095"}],"version-history":[{"count":0,"href":"https:\/\/stereovisiondedios.com\/index.php?rest_route=\/wp\/v2\/posts\/7095\/revisions"}],"wp:featuredmedia":[{"embeddable":true,"href":"https:\/\/stereovisiondedios.com\/index.php?rest_route=\/wp\/v2\/media\/7096"}],"wp:attachment":[{"href":"https:\/\/stereovisiondedios.com\/index.php?rest_route=%2Fwp%2Fv2%2Fmedia&parent=7095"}],"wp:term":[{"taxonomy":"category","embeddable":true,"href":"https:\/\/stereovisiondedios.com\/index.php?rest_route=%2Fwp%2Fv2%2Fcategories&post=7095"},{"taxonomy":"post_tag","embeddable":true,"href":"https:\/\/stereovisiondedios.com\/index.php?rest_route=%2Fwp%2Fv2%2Ftags&post=7095"}],"curies":[{"name":"wp","href":"https:\/\/api.w.org\/{rel}","templated":true}]}}