{"id":7099,"date":"2025-10-09T20:42:10","date_gmt":"2025-10-10T02:42:10","guid":{"rendered":"https:\/\/stereovisiondedios.com\/?p=7099"},"modified":"2025-10-09T20:42:10","modified_gmt":"2025-10-10T02:42:10","slug":"celebran-el-8o-aniversario-del-unico-sello-alusivo-a-los-evangelicos-en-r-dominicana","status":"publish","type":"post","link":"https:\/\/stereovisiondedios.com\/?p=7099","title":{"rendered":"Celebran el 8\u00ba aniversario del \u00fanico sello alusivo a los evang\u00e9licos en R. Dominicana"},"content":{"rendered":"<p><br \/>\n<\/p>\n<div>\n<p><strong>La Universidad Nacional Evang\u00e9lica<\/strong> (UNEV) <strong>y el Consejo Nacional de Confraternidades de Pastores Evang\u00e9licos<\/strong> (CONACOPE) <strong>celebraron este pasado 5 de octubre el octavo aniversario de la emisi\u00f3n del primer y \u00fanico sello postal alusivo a los evang\u00e9licos <\/strong>en Rep\u00fablica Dominicana.<\/p>\n<p>Aquella emisi\u00f3n postal, aprobada por el Poder Ejecutivo mediante el decreto 258-17 del 31 de julio de 2017, correspondi\u00f3 al n\u00famero 11-17 del INPOSDOM. Const\u00f3 de 20,000 unidades, tiene un formato de 30 x 40 mm y un valor facial de RD$100.00.H<\/p>\n<p>El acto, por tanto, se enmarca en torno a la celebraci\u00f3n del aniversario de la Reforma que anualmente se celebra en torno al 31 de octubre.<\/p>\n<div style=\"font-size:16px;color:#83979d;\" class=\"text-right photo-info-content\"><span class=\"photo-info\"><strong><span>&gt;&gt;&gt;&gt;&gt;\u00a0<\/span><\/strong><em>Sigue el <a href=\"https:\/\/whatsapp.com\/channel\/0029VbBbpCrGpLHHil73qg0r\" target=\"_blank\"><strong>Canal de Evang\u00e9lico Digital en WhatsApp<\/strong><\/a>, actualizado al minuto con los art\u00edculos y noticias publicados<\/em><\/span> <\/div>\n<p><strong>Fue con ocasi\u00f3n del 500 aniversario de la Reforma Protestante cuando el Instituto Postal Dominicano (INPOSDOM) puso en circulaci\u00f3n un sello postal conmemorativo<\/strong> durante un acto celebrado en el auditorio de la Facultad de Ciencias Empresariales y Econ\u00f3micas de dicha academia.El proyecto se realiz\u00f3 <strong>en coordinaci\u00f3n con el Consejo Nacional de Confraternidades de Pastores Evang\u00e9licos (CONACOPE) y la Universidad Nacional Evang\u00e9lica (UNEV), <\/strong><\/p>\n<p>La <strong>mesa de honor<\/strong> del acto estuvo integrada por el doctor <strong>Modesto Guzm\u00e1n<\/strong>, el reverendo <strong>Adolfo Mateo<\/strong>, el doctor <strong>Wilfredo Ma\u00f1\u00f3n Rossi<\/strong> y la embajadora alemana <strong>Sabine Bloch<\/strong>, acompa\u00f1ados por personalidades como <strong>Tel\u00e9sforo Isaac<\/strong>, obispo em\u00e9rito de la Iglesia Episcopal Dominicana; <strong>Alejandro Vignieri<\/strong>, presidente de la Sociedad Filat\u00e9lica Dominicana; <strong>Salustiano Mojica<\/strong>, presidente de la Fundaci\u00f3n Evang\u00e9lica Universitaria; y <strong>Tom\u00e1s G\u00f3mez Bueno<\/strong>, vicepresidente de la FEU.<\/p>\n<p><strong>La ceremonia tuvo lugar en el marco de las celebraciones del 31 de octubre de 2017, fecha en que se cumplieron cinco siglos del surgimiento de la Reforma Protestante<\/strong>, movimiento que transform\u00f3 la vida religiosa, social y pol\u00edtica de Europa y dio origen al protestantismo moderno.<\/p>\n<p>El evento reuni\u00f3 a representantes de instituciones religiosas, acad\u00e9micas y diplom\u00e1ticas, quienes resaltaron la trascendencia hist\u00f3rica y espiritual del movimiento reformador iniciado por Mart\u00edn Lutero en el siglo XVI.<\/p>\n<p><iframe allow=\"autoplay; clipboard-write; encrypted-media; picture-in-picture; web-share\" allowfullscreen=\"true\" frameborder=\"0\" height=\"703\" scrolling=\"no\" src=\"https:\/\/www.facebook.com\/plugins\/post.php?href=https%3A%2F%2Fwww.facebook.com%2FEvangelicoDigital%2Fposts%2Fpfbid0LiRCVhBsryrz3Q7VpkHG6mPmKKRLWEitei6Bin2zv58BpHUqspe9HgFrXxigJyFbl&amp;show_text=true&amp;width=500\" style=\"border:none;overflow:hidden\" width=\"500\"><\/iframe><\/p>\n<p>El director general del INPOSDOM, doctor <strong>Modesto Guzm\u00e1n<\/strong>, destac\u00f3 que la instituci\u00f3n busca, a trav\u00e9s de sus emisiones postales, \u201cdifundir la cultura e inmortalizar en nuestros sellos aquellos acontecimientos de inter\u00e9s general que han marcado la historia de la humanidad\u201d.<\/p>\n<p>Por su parte, el rector de la UNEV, doctor <strong>Wilfredo Ma\u00f1\u00f3n Rossi<\/strong>, expres\u00f3 que la comunidad evang\u00e9lica dominicana se sent\u00eda honrada con la emisi\u00f3n del sello postal, calificando el acto como \u201cun reconocimiento a la influencia espiritual y cultural de la Reforma en el mundo contempor\u00e1neo\u201d. Agradeci\u00f3 adem\u00e1s al INPOSDOM y a CONACOPE por hacer posible este homenaje hist\u00f3rico.<\/p>\n<p>La invocaci\u00f3n inicial estuvo a cargo del reverendo <strong>Adolfo Mateo<\/strong>, presidente de CONACOPE, quien resalt\u00f3 que \u201cel pensamiento reformador represent\u00f3 un gran aporte a la liberaci\u00f3n de la conciencia humana\u201d, al afirmar que cada creyente es un sacerdote en virtud de su relaci\u00f3n personal con Dios y su acceso directo a las Sagradas Escrituras.<\/p>\n<p>Mateo subray\u00f3 que \u201csin comprender este pensamiento es imposible entender los principios democr\u00e1ticos modernos\u201d, al tiempo que record\u00f3 que la Reforma fue \u201cuna insurrecci\u00f3n del esp\u00edritu humano contra el poder absoluto en el orden espiritual, una liberaci\u00f3n a trav\u00e9s del conocimiento de la Palabra de Dios\u201d.<\/p>\n<p>Como invitada especial, la embajadora de Alemania en el pa\u00eds, <strong>Sabine Bloch<\/strong>, destac\u00f3 la figura de Mart\u00edn Lutero como uno de los grandes reformadores de la cultura occidental. Subray\u00f3 su aporte a la consolidaci\u00f3n del idioma alem\u00e1n mediante la traducci\u00f3n de la Biblia, \u201cuna obra que enriqueci\u00f3 la lengua y acerc\u00f3 la fe a la comprensi\u00f3n del pueblo\u201d.<\/p>\n<p>El cierre del acto estuvo a cargo del periodista y pastor <strong>Tom\u00e1s G\u00f3mez Bueno<\/strong>, quien elev\u00f3 una oraci\u00f3n de gratitud y expres\u00f3, en nombre de la comunidad evang\u00e9lica, su reconocimiento al doctor Guzm\u00e1n, a la embajadora Bloch y a todos los que contribuyeron a la realizaci\u00f3n del evento, calific\u00e1ndolo como \u201cel cumplimiento de un sue\u00f1o largamente anhelado por el pueblo protestante dominicano\u201d.<\/p>\n<\/p><\/div>\n<p>\n          Publicado en: <span class=\"text-turquoise\"> <a href=\"https:\/\/www.evangelicodigital.com\">EVANG\u00c9LICO DIGITAL<\/a> &#8211; <a href=\"https:\/\/www.evangelicodigital.com\/latinoamerica\">LATINOAM\u00c9RICA<\/a><\/span><br \/>\n          &#8211; Celebran el 8\u00ba aniversario del \u00fanico sello alusivo a los evang\u00e9licos en R. Dominicana\n        <\/p>\n<p><br \/>\n<br \/><a href=\"https:\/\/www.evangelicodigital.com\/latinoamerica\/38436\/celebran-octavo-aniversario-de-unico-sello-alusivo-a-evangelicos-en-republica-dominicana\">Source link <\/a><\/p>\n","protected":false},"excerpt":{"rendered":"<p>La Universidad Nacional Evang\u00e9lica (UNEV) y el Consejo Nacional de Confraternidades de Pastores Evang\u00e9licos (CONACOPE) celebraron este pasado 5 de octubre el octavo aniversario de la emisi\u00f3n del primer y \u00fanico sello postal alusivo a los evang\u00e9licos en Rep\u00fablica Dominicana. Aquella emisi\u00f3n postal, aprobada por el Poder Ejecutivo mediante el decreto 258-17 del 31 de [&hellip;]<\/p>\n","protected":false},"author":2,"featured_media":0,"comment_status":"","ping_status":"open","sticky":false,"template":"","format":"standard","meta":{"fifu_image_url":"","fifu_image_alt":"","footnotes":""},"categories":[1],"tags":[],"class_list":["post-7099","post","type-post","status-publish","format-standard","hentry","category-nexopost"],"yoast_head":"<!-- This site is optimized with the Yoast SEO Premium plugin v25.7.1 (Yoast SEO v26.5) - https:\/\/yoast.com\/wordpress\/plugins\/seo\/ -->\n<title>Celebran el 8\u00ba aniversario del \u00fanico sello alusivo a los evang\u00e9licos en R. Dominicana - Stereo Visi\u00f3n de Dios<\/title>\n<meta name=\"robots\" content=\"index, follow, max-snippet:-1, max-image-preview:large, max-video-preview:-1\" \/>\n<link rel=\"canonical\" href=\"https:\/\/stereovisiondedios.com\/?p=7099\" \/>\n<meta property=\"og:locale\" content=\"es_ES\" \/>\n<meta property=\"og:type\" content=\"article\" \/>\n<meta property=\"og:title\" content=\"Celebran el 8\u00ba aniversario del \u00fanico sello alusivo a los evang\u00e9licos en R. Dominicana\" \/>\n<meta property=\"og:description\" content=\"La Universidad Nacional Evang\u00e9lica (UNEV) y el Consejo Nacional de Confraternidades de Pastores Evang\u00e9licos (CONACOPE) celebraron este pasado 5 de octubre el octavo aniversario de la emisi\u00f3n del primer y \u00fanico sello postal alusivo a los evang\u00e9licos en Rep\u00fablica Dominicana. Aquella emisi\u00f3n postal, aprobada por el Poder Ejecutivo mediante el decreto 258-17 del 31 de [&hellip;]\" \/>\n<meta property=\"og:url\" content=\"https:\/\/stereovisiondedios.com\/?p=7099\" \/>\n<meta property=\"og:site_name\" content=\"Stereo Visi\u00f3n de Dios\" \/>\n<meta property=\"article:publisher\" content=\"https:\/\/www.facebook.com\/visiondedios106.9fm\" \/>\n<meta property=\"article:published_time\" content=\"2025-10-10T02:42:10+00:00\" \/>\n<meta name=\"author\" content=\"NexoRadio\" \/>\n<meta name=\"twitter:card\" content=\"summary_large_image\" \/>\n<meta name=\"twitter:label1\" content=\"Escrito por\" \/>\n\t<meta name=\"twitter:data1\" content=\"NexoRadio\" \/>\n\t<meta name=\"twitter:label2\" content=\"Tiempo de lectura\" \/>\n\t<meta name=\"twitter:data2\" content=\"4 minutos\" \/>\n<script type=\"application\/ld+json\" class=\"yoast-schema-graph\">{\"@context\":\"https:\/\/schema.org\",\"@graph\":[{\"@type\":\"Article\",\"@id\":\"https:\/\/stereovisiondedios.com\/?p=7099#article\",\"isPartOf\":{\"@id\":\"https:\/\/stereovisiondedios.com\/?p=7099\"},\"author\":{\"name\":\"NexoRadio\",\"@id\":\"https:\/\/stereovisiondedios.com\/#\/schema\/person\/32b4d07d90fc8962809b81993562e343\"},\"headline\":\"Celebran el 8\u00ba aniversario del \u00fanico sello alusivo a los evang\u00e9licos en R. Dominicana\",\"datePublished\":\"2025-10-10T02:42:10+00:00\",\"mainEntityOfPage\":{\"@id\":\"https:\/\/stereovisiondedios.com\/?p=7099\"},\"wordCount\":748,\"publisher\":{\"@id\":\"https:\/\/stereovisiondedios.com\/#organization\"},\"articleSection\":[\"NexoPost\"],\"inLanguage\":\"es\"},{\"@type\":\"WebPage\",\"@id\":\"https:\/\/stereovisiondedios.com\/?p=7099\",\"url\":\"https:\/\/stereovisiondedios.com\/?p=7099\",\"name\":\"Celebran el 8\u00ba aniversario del \u00fanico sello alusivo a los evang\u00e9licos en R. Dominicana - Stereo Visi\u00f3n de Dios\",\"isPartOf\":{\"@id\":\"https:\/\/stereovisiondedios.com\/#website\"},\"datePublished\":\"2025-10-10T02:42:10+00:00\",\"breadcrumb\":{\"@id\":\"https:\/\/stereovisiondedios.com\/?p=7099#breadcrumb\"},\"inLanguage\":\"es\",\"potentialAction\":[{\"@type\":\"ReadAction\",\"target\":[\"https:\/\/stereovisiondedios.com\/?p=7099\"]}]},{\"@type\":\"BreadcrumbList\",\"@id\":\"https:\/\/stereovisiondedios.com\/?p=7099#breadcrumb\",\"itemListElement\":[{\"@type\":\"ListItem\",\"position\":1,\"name\":\"Home\",\"item\":\"https:\/\/stereovisiondedios.com\/\"},{\"@type\":\"ListItem\",\"position\":2,\"name\":\"Celebran el 8\u00ba aniversario del \u00fanico sello alusivo a los evang\u00e9licos en R. Dominicana\"}]},{\"@type\":\"WebSite\",\"@id\":\"https:\/\/stereovisiondedios.com\/#website\",\"url\":\"https:\/\/stereovisiondedios.com\/\",\"name\":\"Stereo Visi\u00f3n de Dios\",\"description\":\"Conectate...\",\"publisher\":{\"@id\":\"https:\/\/stereovisiondedios.com\/#organization\"},\"potentialAction\":[{\"@type\":\"SearchAction\",\"target\":{\"@type\":\"EntryPoint\",\"urlTemplate\":\"https:\/\/stereovisiondedios.com\/?s={search_term_string}\"},\"query-input\":{\"@type\":\"PropertyValueSpecification\",\"valueRequired\":true,\"valueName\":\"search_term_string\"}}],\"inLanguage\":\"es\"},{\"@type\":\"Organization\",\"@id\":\"https:\/\/stereovisiondedios.com\/#organization\",\"name\":\"Radio Stereo Visi\u00f3n de Dios\",\"url\":\"https:\/\/stereovisiondedios.com\/\",\"logo\":{\"@type\":\"ImageObject\",\"inLanguage\":\"es\",\"@id\":\"https:\/\/stereovisiondedios.com\/#\/schema\/logo\/image\/\",\"url\":\"https:\/\/stereovisiondedios.com\/wp-content\/uploads\/2024\/10\/www.fmhorizontesalta.com_.ar-5-1.png\",\"contentUrl\":\"https:\/\/stereovisiondedios.com\/wp-content\/uploads\/2024\/10\/www.fmhorizontesalta.com_.ar-5-1.png\",\"width\":555,\"height\":114,\"caption\":\"Radio Stereo Visi\u00f3n de Dios\"},\"image\":{\"@id\":\"https:\/\/stereovisiondedios.com\/#\/schema\/logo\/image\/\"},\"sameAs\":[\"https:\/\/www.facebook.com\/visiondedios106.9fm\",\"https:\/\/www.tiktok.com\/@vision_de_dios_106_9_fm\",\"https:\/\/www.youtube.com\/@radiovisiondediosstereo106.9\"]},{\"@type\":\"Person\",\"@id\":\"https:\/\/stereovisiondedios.com\/#\/schema\/person\/32b4d07d90fc8962809b81993562e343\",\"name\":\"NexoRadio\",\"image\":{\"@type\":\"ImageObject\",\"inLanguage\":\"es\",\"@id\":\"https:\/\/stereovisiondedios.com\/#\/schema\/person\/image\/\",\"url\":\"https:\/\/secure.gravatar.com\/avatar\/5c8c3ec5af674c12295d543b84fe993caada4dedbc52804dace89aa6e7f89070?s=96&d=mm&r=g\",\"contentUrl\":\"https:\/\/secure.gravatar.com\/avatar\/5c8c3ec5af674c12295d543b84fe993caada4dedbc52804dace89aa6e7f89070?s=96&d=mm&r=g\",\"caption\":\"NexoRadio\"},\"url\":\"https:\/\/stereovisiondedios.com\/?author=2\"}]}<\/script>\n<!-- \/ Yoast SEO Premium plugin. -->","yoast_head_json":{"title":"Celebran el 8\u00ba aniversario del \u00fanico sello alusivo a los evang\u00e9licos en R. Dominicana - Stereo Visi\u00f3n de Dios","robots":{"index":"index","follow":"follow","max-snippet":"max-snippet:-1","max-image-preview":"max-image-preview:large","max-video-preview":"max-video-preview:-1"},"canonical":"https:\/\/stereovisiondedios.com\/?p=7099","og_locale":"es_ES","og_type":"article","og_title":"Celebran el 8\u00ba aniversario del \u00fanico sello alusivo a los evang\u00e9licos en R. Dominicana","og_description":"La Universidad Nacional Evang\u00e9lica (UNEV) y el Consejo Nacional de Confraternidades de Pastores Evang\u00e9licos (CONACOPE) celebraron este pasado 5 de octubre el octavo aniversario de la emisi\u00f3n del primer y \u00fanico sello postal alusivo a los evang\u00e9licos en Rep\u00fablica Dominicana. Aquella emisi\u00f3n postal, aprobada por el Poder Ejecutivo mediante el decreto 258-17 del 31 de [&hellip;]","og_url":"https:\/\/stereovisiondedios.com\/?p=7099","og_site_name":"Stereo Visi\u00f3n de Dios","article_publisher":"https:\/\/www.facebook.com\/visiondedios106.9fm","article_published_time":"2025-10-10T02:42:10+00:00","author":"NexoRadio","twitter_card":"summary_large_image","twitter_misc":{"Escrito por":"NexoRadio","Tiempo de lectura":"4 minutos"},"schema":{"@context":"https:\/\/schema.org","@graph":[{"@type":"Article","@id":"https:\/\/stereovisiondedios.com\/?p=7099#article","isPartOf":{"@id":"https:\/\/stereovisiondedios.com\/?p=7099"},"author":{"name":"NexoRadio","@id":"https:\/\/stereovisiondedios.com\/#\/schema\/person\/32b4d07d90fc8962809b81993562e343"},"headline":"Celebran el 8\u00ba aniversario del \u00fanico sello alusivo a los evang\u00e9licos en R. Dominicana","datePublished":"2025-10-10T02:42:10+00:00","mainEntityOfPage":{"@id":"https:\/\/stereovisiondedios.com\/?p=7099"},"wordCount":748,"publisher":{"@id":"https:\/\/stereovisiondedios.com\/#organization"},"articleSection":["NexoPost"],"inLanguage":"es"},{"@type":"WebPage","@id":"https:\/\/stereovisiondedios.com\/?p=7099","url":"https:\/\/stereovisiondedios.com\/?p=7099","name":"Celebran el 8\u00ba aniversario del \u00fanico sello alusivo a los evang\u00e9licos en R. Dominicana - Stereo Visi\u00f3n de Dios","isPartOf":{"@id":"https:\/\/stereovisiondedios.com\/#website"},"datePublished":"2025-10-10T02:42:10+00:00","breadcrumb":{"@id":"https:\/\/stereovisiondedios.com\/?p=7099#breadcrumb"},"inLanguage":"es","potentialAction":[{"@type":"ReadAction","target":["https:\/\/stereovisiondedios.com\/?p=7099"]}]},{"@type":"BreadcrumbList","@id":"https:\/\/stereovisiondedios.com\/?p=7099#breadcrumb","itemListElement":[{"@type":"ListItem","position":1,"name":"Home","item":"https:\/\/stereovisiondedios.com\/"},{"@type":"ListItem","position":2,"name":"Celebran el 8\u00ba aniversario del \u00fanico sello alusivo a los evang\u00e9licos en R. Dominicana"}]},{"@type":"WebSite","@id":"https:\/\/stereovisiondedios.com\/#website","url":"https:\/\/stereovisiondedios.com\/","name":"Stereo Visi\u00f3n de Dios","description":"Conectate...","publisher":{"@id":"https:\/\/stereovisiondedios.com\/#organization"},"potentialAction":[{"@type":"SearchAction","target":{"@type":"EntryPoint","urlTemplate":"https:\/\/stereovisiondedios.com\/?s={search_term_string}"},"query-input":{"@type":"PropertyValueSpecification","valueRequired":true,"valueName":"search_term_string"}}],"inLanguage":"es"},{"@type":"Organization","@id":"https:\/\/stereovisiondedios.com\/#organization","name":"Radio Stereo Visi\u00f3n de Dios","url":"https:\/\/stereovisiondedios.com\/","logo":{"@type":"ImageObject","inLanguage":"es","@id":"https:\/\/stereovisiondedios.com\/#\/schema\/logo\/image\/","url":"https:\/\/stereovisiondedios.com\/wp-content\/uploads\/2024\/10\/www.fmhorizontesalta.com_.ar-5-1.png","contentUrl":"https:\/\/stereovisiondedios.com\/wp-content\/uploads\/2024\/10\/www.fmhorizontesalta.com_.ar-5-1.png","width":555,"height":114,"caption":"Radio Stereo Visi\u00f3n de Dios"},"image":{"@id":"https:\/\/stereovisiondedios.com\/#\/schema\/logo\/image\/"},"sameAs":["https:\/\/www.facebook.com\/visiondedios106.9fm","https:\/\/www.tiktok.com\/@vision_de_dios_106_9_fm","https:\/\/www.youtube.com\/@radiovisiondediosstereo106.9"]},{"@type":"Person","@id":"https:\/\/stereovisiondedios.com\/#\/schema\/person\/32b4d07d90fc8962809b81993562e343","name":"NexoRadio","image":{"@type":"ImageObject","inLanguage":"es","@id":"https:\/\/stereovisiondedios.com\/#\/schema\/person\/image\/","url":"https:\/\/secure.gravatar.com\/avatar\/5c8c3ec5af674c12295d543b84fe993caada4dedbc52804dace89aa6e7f89070?s=96&d=mm&r=g","contentUrl":"https:\/\/secure.gravatar.com\/avatar\/5c8c3ec5af674c12295d543b84fe993caada4dedbc52804dace89aa6e7f89070?s=96&d=mm&r=g","caption":"NexoRadio"},"url":"https:\/\/stereovisiondedios.com\/?author=2"}]}},"_links":{"self":[{"href":"https:\/\/stereovisiondedios.com\/index.php?rest_route=\/wp\/v2\/posts\/7099","targetHints":{"allow":["GET"]}}],"collection":[{"href":"https:\/\/stereovisiondedios.com\/index.php?rest_route=\/wp\/v2\/posts"}],"about":[{"href":"https:\/\/stereovisiondedios.com\/index.php?rest_route=\/wp\/v2\/types\/post"}],"author":[{"embeddable":true,"href":"https:\/\/stereovisiondedios.com\/index.php?rest_route=\/wp\/v2\/users\/2"}],"replies":[{"embeddable":true,"href":"https:\/\/stereovisiondedios.com\/index.php?rest_route=%2Fwp%2Fv2%2Fcomments&post=7099"}],"version-history":[{"count":0,"href":"https:\/\/stereovisiondedios.com\/index.php?rest_route=\/wp\/v2\/posts\/7099\/revisions"}],"wp:attachment":[{"href":"https:\/\/stereovisiondedios.com\/index.php?rest_route=%2Fwp%2Fv2%2Fmedia&parent=7099"}],"wp:term":[{"taxonomy":"category","embeddable":true,"href":"https:\/\/stereovisiondedios.com\/index.php?rest_route=%2Fwp%2Fv2%2Fcategories&post=7099"},{"taxonomy":"post_tag","embeddable":true,"href":"https:\/\/stereovisiondedios.com\/index.php?rest_route=%2Fwp%2Fv2%2Ftags&post=7099"}],"curies":[{"name":"wp","href":"https:\/\/api.w.org\/{rel}","templated":true}]}}