{"id":7101,"date":"2025-10-10T22:54:04","date_gmt":"2025-10-11T04:54:04","guid":{"rendered":"https:\/\/stereovisiondedios.com\/?p=7101"},"modified":"2025-10-10T22:54:04","modified_gmt":"2025-10-11T04:54:04","slug":"paises-bajos-rechaza-reconocer-el-aborto-como-un-derecho-humano","status":"publish","type":"post","link":"https:\/\/stereovisiondedios.com\/?p=7101","title":{"rendered":"Pa\u00edses Bajos rechaza reconocer el aborto como un derecho humano"},"content":{"rendered":"<p><br \/>\n<\/p>\n<div>\n<p><strong>La C\u00e1mara de Representantes de los Pa\u00edses Bajos rechaz\u00f3 recientemente una moci\u00f3n para reconocer el aborto como parte de los derechos humanos.<\/strong><\/p>\n<p>El\u00a0<strong>partido liberal\u00a0<em>Dem\u00f3cratas 66<\/em><\/strong>\u00a0(D66) present\u00f3 la iniciativa parlamentaria, que animaba al gobierno a alinearse con \u201cel grupo l\u00edder de pa\u00edses con ideas afines para<strong>\u00a0incluir el derecho al aborto en la Carta de los Derechos Fundamentales de la Uni\u00f3n Europea y en el Pacto Internacional de Derechos Civiles y Pol\u00edticos<\/strong>\u201d.<\/p>\n<p>Seg\u00fan D66, esa era la soluci\u00f3n para \u201cmiles de mujeres en todo el mundo que mueren como consecuencia de abortos inseguros\u201d.<\/p>\n<p>A pesar del apoyo de los partidos Animalista, European Volt, SP (socialista), VVD (liberal) y GroenLinks-PvdA (socialdem\u00f3crata), esta primera moci\u00f3n\u00a0<strong>solo obtuvo 68 de los 150 votos posibles y no fue aprobada.<\/strong><\/p>\n<div style=\"font-size:16px;color:#83979d;\" class=\"text-right photo-info-content\"><span class=\"photo-info\"><strong><span>&gt;&gt;&gt;&gt;&gt;\u00a0<\/span><\/strong><em>Sigue el <a href=\"https:\/\/whatsapp.com\/channel\/0029VbBbpCrGpLHHil73qg0r\" target=\"_blank\"><strong>Canal de Evang\u00e9lico Digital en WhatsApp<\/strong><\/a>, actualizado al minuto con los art\u00edculos y noticias publicados<\/em><\/span> <\/div>\n<p>D\u00edas m\u00e1s tarde, el partido cristiano reformado SGP (Staatkundig Gereformeerde), la Uni\u00f3n Cristiana (CU ChristenUnie) y el Foro por la Democracia (FvD, Forum voor Democratie) presentaron otra moci\u00f3n, que fue\u00a0<strong>aprobada por 77 votos a favor y 73 en contra<\/strong>.<\/p>\n<p>En ella se\u00a0<strong>insta al Gobierno a \u201coponerse activamente a los intentos dentro de la Uni\u00f3n Europea de incluir el aborto como un derecho humano en los tratados europeos<\/strong>\u201d.<\/p>\n<p>\u201cLos Pa\u00edses Bajos deben oponerse activamente a los intentos dentro de la UE de convertir el aborto en un derecho humano, escribi\u00f3\u00a0<strong>Chris Stoffer, l\u00edder del partido SGP<\/strong>, en las redes sociales, justo despu\u00e9s de la votaci\u00f3n. \u201cEste es\u00a0<strong>un resultado muy importante<\/strong>\u00a0en las \u00faltimas votaciones antes del receso electoral\u201d, a\u00f1adi\u00f3.<\/p>\n<p><iframe allowfullscreen=\"true\" allowtransparency=\"true\" data-tweet-id=\"1974001458967200173\" frameborder=\"0\" id=\"twitter-widget-0\" scrolling=\"no\" src=\"https:\/\/platform.twitter.com\/embed\/Tweet.html?dnt=false&amp;embedId=twitter-widget-0&amp;features=eyJ0ZndfdGltZWxpbmVfbGlzdCI6eyJidWNrZXQiOltdLCJ2ZXJzaW9uIjpudWxsfSwidGZ3X2ZvbGxvd2VyX2NvdW50X3N1bnNldCI6eyJidWNrZXQiOnRydWUsInZlcnNpb24iOm51bGx9LCJ0ZndfdHdlZXRfZWRpdF9iYWNrZW5kIjp7ImJ1Y2tldCI6Im9uIiwidmVyc2lvbiI6bnVsbH0sInRmd19yZWZzcmNfc2Vzc2lvbiI6eyJidWNrZXQiOiJvbiIsInZlcnNpb24iOm51bGx9LCJ0ZndfZm9zbnJfc29mdF9pbnRlcnZlbnRpb25zX2VuYWJsZWQiOnsiYnVja2V0Ijoib24iLCJ2ZXJzaW9uIjpudWxsfSwidGZ3X21peGVkX21lZGlhXzE1ODk3Ijp7ImJ1Y2tldCI6InRyZWF0bWVudCIsInZlcnNpb24iOm51bGx9LCJ0ZndfZXhwZXJpbWVudHNfY29va2llX2V4cGlyYXRpb24iOnsiYnVja2V0IjoxMjA5NjAwLCJ2ZXJzaW9uIjpudWxsfSwidGZ3X3Nob3dfYmlyZHdhdGNoX3Bpdm90c19lbmFibGVkIjp7ImJ1Y2tldCI6Im9uIiwidmVyc2lvbiI6bnVsbH0sInRmd19kdXBsaWNhdGVfc2NyaWJlc190b19zZXR0aW5ncyI6eyJidWNrZXQiOiJvbiIsInZlcnNpb24iOm51bGx9LCJ0ZndfdXNlX3Byb2ZpbGVfaW1hZ2Vfc2hhcGVfZW5hYmxlZCI6eyJidWNrZXQiOiJvbiIsInZlcnNpb24iOm51bGx9LCJ0ZndfdmlkZW9faGxzX2R5bmFtaWNfbWFuaWZlc3RzXzE1MDgyIjp7ImJ1Y2tldCI6InRydWVfYml0cmF0ZSIsInZlcnNpb24iOm51bGx9LCJ0ZndfbGVnYWN5X3RpbWVsaW5lX3N1bnNldCI6eyJidWNrZXQiOnRydWUsInZlcnNpb24iOm51bGx9LCJ0ZndfdHdlZXRfZWRpdF9mcm9udGVuZCI6eyJidWNrZXQiOiJvbiIsInZlcnNpb24iOm51bGx9fQ%3D%3D&amp;frame=false&amp;hideCard=false&amp;hideThread=false&amp;id=1974001458967200173&amp;lang=es&amp;origin=https%3A%2F%2Fprotestantedigital.com%2Finternacional%2F70859%2Flos-paises-bajos-rechazan-reconocer-el-aborto-como-parte-de-los-derechos-humanos&amp;sessionId=66b88cd71964c80b7b364dda3a9485ea1cbebafc&amp;siteScreenName=protestanted&amp;theme=light&amp;widgetsVersion=2615f7e52b7e0%3A1702314776716&amp;width=550px\" title=\"X Post\"><\/iframe><\/p>\n<p>\u00a0<\/p>\n<p>La C\u00e1mara de Representantes tambi\u00e9n aprob\u00f3 una moci\u00f3n presentada por el SP, el D66 y el GL-PvdA, en la que se ped\u00eda al gobierno que garantizara que la atenci\u00f3n a las v\u00edctimas de violencia sexual se incluyera como parte de la asistencia de emergencia b\u00e1sica , incluyendo, entre otras cosas, la \u201catenci\u00f3n al aborto\u201d.<\/p>\n<p>Tambi\u00e9n se aprob\u00f3 una moci\u00f3n sobre las pruebas prenatales presentada por el SGP, en la que se solicitaba al gobierno que estudiara qu\u00e9 medidas se pod\u00edan adoptar para contrarrestar \u201cel efecto potencialmente estigmatizante\u201d de las pruebas prenatales.<\/p>\n<p>\u00a0<\/p>\n<p>En 2024,\u00a0<strong>Francia se convirti\u00f3 en el primer pa\u00eds europeo en incluir el aborto en su Constituci\u00f3n<\/strong>.<\/p>\n<p>Hace unos d\u00edas, el presidente del Gobierno espa\u00f1ol,\u00a0<strong>Pedro S\u00e1nchez, anunci\u00f3 su intenci\u00f3n de\u00a0<a href=\"https:\/\/protestantedigital.com\/espana\/70838\/El_debate_del_aborto_se_aviva_con_el_Gobierno_negando_sus_consecuencias_para_la_mujer\" target=\"_blank\">hacer lo mismo<\/a>\u00a0en Espa\u00f1a<\/strong>.<\/p>\n<\/p><\/div>\n<p>\n          Publicado en: <span class=\"text-turquoise\"> <a href=\"https:\/\/www.evangelicodigital.com\">EVANG\u00c9LICO DIGITAL<\/a> &#8211; <a href=\"https:\/\/www.evangelicodigital.com\/mundo\">MUNDO<\/a><\/span><br \/>\n          &#8211; Pa\u00edses Bajos rechaza reconocer el aborto como un derecho humano\n        <\/p>\n<p><br \/>\n<br \/><a href=\"https:\/\/www.evangelicodigital.com\/mundo\/38514\/paises-bajos-rechaza-reconocer-el-aborto-como-un-derecho-humano\">Source link <\/a><\/p>\n","protected":false},"excerpt":{"rendered":"<p>La C\u00e1mara de Representantes de los Pa\u00edses Bajos rechaz\u00f3 recientemente una moci\u00f3n para reconocer el aborto como parte de los derechos humanos. El\u00a0partido liberal\u00a0Dem\u00f3cratas 66\u00a0(D66) present\u00f3 la iniciativa parlamentaria, que animaba al gobierno a alinearse con \u201cel grupo l\u00edder de pa\u00edses con ideas afines para\u00a0incluir el derecho al aborto en la Carta de los Derechos [&hellip;]<\/p>\n","protected":false},"author":2,"featured_media":0,"comment_status":"","ping_status":"open","sticky":false,"template":"","format":"standard","meta":{"fifu_image_url":"","fifu_image_alt":"","footnotes":""},"categories":[1],"tags":[],"class_list":["post-7101","post","type-post","status-publish","format-standard","hentry","category-nexopost"],"yoast_head":"<!-- This site is optimized with the Yoast SEO Premium plugin v25.7.1 (Yoast SEO v26.5) - https:\/\/yoast.com\/wordpress\/plugins\/seo\/ -->\n<title>Pa\u00edses Bajos rechaza reconocer el aborto como un derecho humano - Stereo Visi\u00f3n de Dios<\/title>\n<meta name=\"robots\" content=\"index, follow, max-snippet:-1, max-image-preview:large, max-video-preview:-1\" \/>\n<link rel=\"canonical\" href=\"https:\/\/stereovisiondedios.com\/?p=7101\" \/>\n<meta property=\"og:locale\" content=\"es_ES\" \/>\n<meta property=\"og:type\" content=\"article\" \/>\n<meta property=\"og:title\" content=\"Pa\u00edses Bajos rechaza reconocer el aborto como un derecho humano\" \/>\n<meta property=\"og:description\" content=\"La C\u00e1mara de Representantes de los Pa\u00edses Bajos rechaz\u00f3 recientemente una moci\u00f3n para reconocer el aborto como parte de los derechos humanos. El\u00a0partido liberal\u00a0Dem\u00f3cratas 66\u00a0(D66) present\u00f3 la iniciativa parlamentaria, que animaba al gobierno a alinearse con \u201cel grupo l\u00edder de pa\u00edses con ideas afines para\u00a0incluir el derecho al aborto en la Carta de los Derechos [&hellip;]\" \/>\n<meta property=\"og:url\" content=\"https:\/\/stereovisiondedios.com\/?p=7101\" \/>\n<meta property=\"og:site_name\" content=\"Stereo Visi\u00f3n de Dios\" \/>\n<meta property=\"article:publisher\" content=\"https:\/\/www.facebook.com\/visiondedios106.9fm\" \/>\n<meta property=\"article:published_time\" content=\"2025-10-11T04:54:04+00:00\" \/>\n<meta name=\"author\" content=\"NexoRadio\" \/>\n<meta name=\"twitter:card\" content=\"summary_large_image\" \/>\n<meta name=\"twitter:label1\" content=\"Escrito por\" \/>\n\t<meta name=\"twitter:data1\" content=\"NexoRadio\" \/>\n\t<meta name=\"twitter:label2\" content=\"Tiempo de lectura\" \/>\n\t<meta name=\"twitter:data2\" content=\"2 minutos\" \/>\n<script type=\"application\/ld+json\" class=\"yoast-schema-graph\">{\"@context\":\"https:\/\/schema.org\",\"@graph\":[{\"@type\":\"Article\",\"@id\":\"https:\/\/stereovisiondedios.com\/?p=7101#article\",\"isPartOf\":{\"@id\":\"https:\/\/stereovisiondedios.com\/?p=7101\"},\"author\":{\"name\":\"NexoRadio\",\"@id\":\"https:\/\/stereovisiondedios.com\/#\/schema\/person\/32b4d07d90fc8962809b81993562e343\"},\"headline\":\"Pa\u00edses Bajos rechaza reconocer el aborto como un derecho humano\",\"datePublished\":\"2025-10-11T04:54:04+00:00\",\"mainEntityOfPage\":{\"@id\":\"https:\/\/stereovisiondedios.com\/?p=7101\"},\"wordCount\":466,\"publisher\":{\"@id\":\"https:\/\/stereovisiondedios.com\/#organization\"},\"articleSection\":[\"NexoPost\"],\"inLanguage\":\"es\"},{\"@type\":\"WebPage\",\"@id\":\"https:\/\/stereovisiondedios.com\/?p=7101\",\"url\":\"https:\/\/stereovisiondedios.com\/?p=7101\",\"name\":\"Pa\u00edses Bajos rechaza reconocer el aborto como un derecho humano - Stereo Visi\u00f3n de Dios\",\"isPartOf\":{\"@id\":\"https:\/\/stereovisiondedios.com\/#website\"},\"datePublished\":\"2025-10-11T04:54:04+00:00\",\"breadcrumb\":{\"@id\":\"https:\/\/stereovisiondedios.com\/?p=7101#breadcrumb\"},\"inLanguage\":\"es\",\"potentialAction\":[{\"@type\":\"ReadAction\",\"target\":[\"https:\/\/stereovisiondedios.com\/?p=7101\"]}]},{\"@type\":\"BreadcrumbList\",\"@id\":\"https:\/\/stereovisiondedios.com\/?p=7101#breadcrumb\",\"itemListElement\":[{\"@type\":\"ListItem\",\"position\":1,\"name\":\"Home\",\"item\":\"https:\/\/stereovisiondedios.com\/\"},{\"@type\":\"ListItem\",\"position\":2,\"name\":\"Pa\u00edses Bajos rechaza reconocer el aborto como un derecho humano\"}]},{\"@type\":\"WebSite\",\"@id\":\"https:\/\/stereovisiondedios.com\/#website\",\"url\":\"https:\/\/stereovisiondedios.com\/\",\"name\":\"Stereo Visi\u00f3n de Dios\",\"description\":\"Conectate...\",\"publisher\":{\"@id\":\"https:\/\/stereovisiondedios.com\/#organization\"},\"potentialAction\":[{\"@type\":\"SearchAction\",\"target\":{\"@type\":\"EntryPoint\",\"urlTemplate\":\"https:\/\/stereovisiondedios.com\/?s={search_term_string}\"},\"query-input\":{\"@type\":\"PropertyValueSpecification\",\"valueRequired\":true,\"valueName\":\"search_term_string\"}}],\"inLanguage\":\"es\"},{\"@type\":\"Organization\",\"@id\":\"https:\/\/stereovisiondedios.com\/#organization\",\"name\":\"Radio Stereo Visi\u00f3n de Dios\",\"url\":\"https:\/\/stereovisiondedios.com\/\",\"logo\":{\"@type\":\"ImageObject\",\"inLanguage\":\"es\",\"@id\":\"https:\/\/stereovisiondedios.com\/#\/schema\/logo\/image\/\",\"url\":\"https:\/\/stereovisiondedios.com\/wp-content\/uploads\/2024\/10\/www.fmhorizontesalta.com_.ar-5-1.png\",\"contentUrl\":\"https:\/\/stereovisiondedios.com\/wp-content\/uploads\/2024\/10\/www.fmhorizontesalta.com_.ar-5-1.png\",\"width\":555,\"height\":114,\"caption\":\"Radio Stereo Visi\u00f3n de Dios\"},\"image\":{\"@id\":\"https:\/\/stereovisiondedios.com\/#\/schema\/logo\/image\/\"},\"sameAs\":[\"https:\/\/www.facebook.com\/visiondedios106.9fm\",\"https:\/\/www.tiktok.com\/@vision_de_dios_106_9_fm\",\"https:\/\/www.youtube.com\/@radiovisiondediosstereo106.9\"]},{\"@type\":\"Person\",\"@id\":\"https:\/\/stereovisiondedios.com\/#\/schema\/person\/32b4d07d90fc8962809b81993562e343\",\"name\":\"NexoRadio\",\"image\":{\"@type\":\"ImageObject\",\"inLanguage\":\"es\",\"@id\":\"https:\/\/stereovisiondedios.com\/#\/schema\/person\/image\/\",\"url\":\"https:\/\/secure.gravatar.com\/avatar\/5c8c3ec5af674c12295d543b84fe993caada4dedbc52804dace89aa6e7f89070?s=96&d=mm&r=g\",\"contentUrl\":\"https:\/\/secure.gravatar.com\/avatar\/5c8c3ec5af674c12295d543b84fe993caada4dedbc52804dace89aa6e7f89070?s=96&d=mm&r=g\",\"caption\":\"NexoRadio\"},\"url\":\"https:\/\/stereovisiondedios.com\/?author=2\"}]}<\/script>\n<!-- \/ Yoast SEO Premium plugin. -->","yoast_head_json":{"title":"Pa\u00edses Bajos rechaza reconocer el aborto como un derecho humano - Stereo Visi\u00f3n de Dios","robots":{"index":"index","follow":"follow","max-snippet":"max-snippet:-1","max-image-preview":"max-image-preview:large","max-video-preview":"max-video-preview:-1"},"canonical":"https:\/\/stereovisiondedios.com\/?p=7101","og_locale":"es_ES","og_type":"article","og_title":"Pa\u00edses Bajos rechaza reconocer el aborto como un derecho humano","og_description":"La C\u00e1mara de Representantes de los Pa\u00edses Bajos rechaz\u00f3 recientemente una moci\u00f3n para reconocer el aborto como parte de los derechos humanos. El\u00a0partido liberal\u00a0Dem\u00f3cratas 66\u00a0(D66) present\u00f3 la iniciativa parlamentaria, que animaba al gobierno a alinearse con \u201cel grupo l\u00edder de pa\u00edses con ideas afines para\u00a0incluir el derecho al aborto en la Carta de los Derechos [&hellip;]","og_url":"https:\/\/stereovisiondedios.com\/?p=7101","og_site_name":"Stereo Visi\u00f3n de Dios","article_publisher":"https:\/\/www.facebook.com\/visiondedios106.9fm","article_published_time":"2025-10-11T04:54:04+00:00","author":"NexoRadio","twitter_card":"summary_large_image","twitter_misc":{"Escrito por":"NexoRadio","Tiempo de lectura":"2 minutos"},"schema":{"@context":"https:\/\/schema.org","@graph":[{"@type":"Article","@id":"https:\/\/stereovisiondedios.com\/?p=7101#article","isPartOf":{"@id":"https:\/\/stereovisiondedios.com\/?p=7101"},"author":{"name":"NexoRadio","@id":"https:\/\/stereovisiondedios.com\/#\/schema\/person\/32b4d07d90fc8962809b81993562e343"},"headline":"Pa\u00edses Bajos rechaza reconocer el aborto como un derecho humano","datePublished":"2025-10-11T04:54:04+00:00","mainEntityOfPage":{"@id":"https:\/\/stereovisiondedios.com\/?p=7101"},"wordCount":466,"publisher":{"@id":"https:\/\/stereovisiondedios.com\/#organization"},"articleSection":["NexoPost"],"inLanguage":"es"},{"@type":"WebPage","@id":"https:\/\/stereovisiondedios.com\/?p=7101","url":"https:\/\/stereovisiondedios.com\/?p=7101","name":"Pa\u00edses Bajos rechaza reconocer el aborto como un derecho humano - Stereo Visi\u00f3n de Dios","isPartOf":{"@id":"https:\/\/stereovisiondedios.com\/#website"},"datePublished":"2025-10-11T04:54:04+00:00","breadcrumb":{"@id":"https:\/\/stereovisiondedios.com\/?p=7101#breadcrumb"},"inLanguage":"es","potentialAction":[{"@type":"ReadAction","target":["https:\/\/stereovisiondedios.com\/?p=7101"]}]},{"@type":"BreadcrumbList","@id":"https:\/\/stereovisiondedios.com\/?p=7101#breadcrumb","itemListElement":[{"@type":"ListItem","position":1,"name":"Home","item":"https:\/\/stereovisiondedios.com\/"},{"@type":"ListItem","position":2,"name":"Pa\u00edses Bajos rechaza reconocer el aborto como un derecho humano"}]},{"@type":"WebSite","@id":"https:\/\/stereovisiondedios.com\/#website","url":"https:\/\/stereovisiondedios.com\/","name":"Stereo Visi\u00f3n de Dios","description":"Conectate...","publisher":{"@id":"https:\/\/stereovisiondedios.com\/#organization"},"potentialAction":[{"@type":"SearchAction","target":{"@type":"EntryPoint","urlTemplate":"https:\/\/stereovisiondedios.com\/?s={search_term_string}"},"query-input":{"@type":"PropertyValueSpecification","valueRequired":true,"valueName":"search_term_string"}}],"inLanguage":"es"},{"@type":"Organization","@id":"https:\/\/stereovisiondedios.com\/#organization","name":"Radio Stereo Visi\u00f3n de Dios","url":"https:\/\/stereovisiondedios.com\/","logo":{"@type":"ImageObject","inLanguage":"es","@id":"https:\/\/stereovisiondedios.com\/#\/schema\/logo\/image\/","url":"https:\/\/stereovisiondedios.com\/wp-content\/uploads\/2024\/10\/www.fmhorizontesalta.com_.ar-5-1.png","contentUrl":"https:\/\/stereovisiondedios.com\/wp-content\/uploads\/2024\/10\/www.fmhorizontesalta.com_.ar-5-1.png","width":555,"height":114,"caption":"Radio Stereo Visi\u00f3n de Dios"},"image":{"@id":"https:\/\/stereovisiondedios.com\/#\/schema\/logo\/image\/"},"sameAs":["https:\/\/www.facebook.com\/visiondedios106.9fm","https:\/\/www.tiktok.com\/@vision_de_dios_106_9_fm","https:\/\/www.youtube.com\/@radiovisiondediosstereo106.9"]},{"@type":"Person","@id":"https:\/\/stereovisiondedios.com\/#\/schema\/person\/32b4d07d90fc8962809b81993562e343","name":"NexoRadio","image":{"@type":"ImageObject","inLanguage":"es","@id":"https:\/\/stereovisiondedios.com\/#\/schema\/person\/image\/","url":"https:\/\/secure.gravatar.com\/avatar\/5c8c3ec5af674c12295d543b84fe993caada4dedbc52804dace89aa6e7f89070?s=96&d=mm&r=g","contentUrl":"https:\/\/secure.gravatar.com\/avatar\/5c8c3ec5af674c12295d543b84fe993caada4dedbc52804dace89aa6e7f89070?s=96&d=mm&r=g","caption":"NexoRadio"},"url":"https:\/\/stereovisiondedios.com\/?author=2"}]}},"_links":{"self":[{"href":"https:\/\/stereovisiondedios.com\/index.php?rest_route=\/wp\/v2\/posts\/7101","targetHints":{"allow":["GET"]}}],"collection":[{"href":"https:\/\/stereovisiondedios.com\/index.php?rest_route=\/wp\/v2\/posts"}],"about":[{"href":"https:\/\/stereovisiondedios.com\/index.php?rest_route=\/wp\/v2\/types\/post"}],"author":[{"embeddable":true,"href":"https:\/\/stereovisiondedios.com\/index.php?rest_route=\/wp\/v2\/users\/2"}],"replies":[{"embeddable":true,"href":"https:\/\/stereovisiondedios.com\/index.php?rest_route=%2Fwp%2Fv2%2Fcomments&post=7101"}],"version-history":[{"count":0,"href":"https:\/\/stereovisiondedios.com\/index.php?rest_route=\/wp\/v2\/posts\/7101\/revisions"}],"wp:attachment":[{"href":"https:\/\/stereovisiondedios.com\/index.php?rest_route=%2Fwp%2Fv2%2Fmedia&parent=7101"}],"wp:term":[{"taxonomy":"category","embeddable":true,"href":"https:\/\/stereovisiondedios.com\/index.php?rest_route=%2Fwp%2Fv2%2Fcategories&post=7101"},{"taxonomy":"post_tag","embeddable":true,"href":"https:\/\/stereovisiondedios.com\/index.php?rest_route=%2Fwp%2Fv2%2Ftags&post=7101"}],"curies":[{"name":"wp","href":"https:\/\/api.w.org\/{rel}","templated":true}]}}