{"id":7109,"date":"2025-10-14T18:17:17","date_gmt":"2025-10-15T00:17:17","guid":{"rendered":"https:\/\/stereovisiondedios.com\/?p=7109"},"modified":"2025-10-14T18:17:17","modified_gmt":"2025-10-15T00:17:17","slug":"espana-la-alianza-evangelica-rechaza-la-propuesta-del-aborto-como-derecho-constitucional","status":"publish","type":"post","link":"https:\/\/stereovisiondedios.com\/?p=7109","title":{"rendered":"Espa\u00f1a | La Alianza Evang\u00e9lica rechaza la propuesta del aborto como derecho constitucional"},"content":{"rendered":"<p><br \/>\n<\/p>\n<div>\n<p>La\u00a0<a href=\"http:\/\/alianzaevangelica.es\/\" target=\"_blank\">Alianza Evang\u00e9lica Espa\u00f1ola<\/a>\u00a0(AEE) ha hecho p\u00fablica su posici\u00f3n ante el debate abierto por la\u00a0<a href=\"https:\/\/protestantedigital.com\/espana\/70838\/el-debate-del-aborto-se-aviva-con-el-gobierno-negando-sus-consecuencias-para-la-mujer\" target=\"_blank\">propuesta<\/a>\u00a0de incluir el aborto como un derecho en la Constituci\u00f3n espa\u00f1ola. En un\u00a0<a href=\"https:\/\/alianzaevangelica.es\/la-alianza-evangelica-espanola-y-el-aborto-como-derecho-constitucional\/\" target=\"_blank\">comunicado<\/a>\u00a0difundido este lunes, la entidad afirma que la iniciativa es \u201cdemag\u00f3gica\u201d y \u201cun contrasentido\u201d, y reitera su convicci\u00f3n de que \u201cexiste una vida humana desde el momento de la fecundaci\u00f3n\u201d.<\/p>\n<p>\u201cPensar que es un derecho fundamental acabar con una vida humana es propio de culturas b\u00e1rbaras m\u00e1s propias de la antig\u00fcedad\u201d, se\u00f1ala la AEE. \u201cTodo aborto es un\u00a0<strong>fracaso<\/strong>\u00a0de la sociedad,\u00a0<strong>un hecho doloroso<\/strong>\u00a0para la mujer y quienes est\u00e1n cerca de ella\u201d, a\u00f1ade el texto firmado por la Junta Directiva.<\/p>\n<p>La entidad evang\u00e9lica recuerda que su postura sobre el aborto\u00a0<a href=\"https:\/\/alianzaevangelica.es\/sobre-la-reforma-de-la-ley-del-aborto-en-espana\/\" target=\"_blank\">\u201cya ha sido previamente expuesta\u201d<\/a>\u00a0y que no ha cambiado. Considera que solo puede contemplarse la interrupci\u00f3n del embarazo \u201cen caso de claro peligro de vida de la madre o de malformaciones graves que impliquen la inviabilidad del feto\u201d.<\/p>\n<p>\u00a0<\/p>\n<p>En su comunicado, <strong>la AEE denuncia que\u00a0la legislaci\u00f3n actual, \u201campliamente permisiva\u201d, no ofrece alternativas adecuadas a las mujeres con embarazos no deseados.<\/strong>\u00a0\u201cSe da por hecho que el aborto es una salida sencilla y sin consecuencias\u201d, advierte la entidad, se\u00f1alando la ausencia de apoyo para resolver conflictos laborales, de pareja o familiares, as\u00ed como de informaci\u00f3n sobre opciones como la adopci\u00f3n.<\/p>\n<p>Asimismo, critica que \u201cno se ofrezca una informaci\u00f3n adecuada sobre los riesgos y efectos secundarios de la pr\u00e1ctica del aborto para la madre\u201d, lo que a su juicio impide una decisi\u00f3n verdaderamente libre. La AEE cita estudios que \u201cdemuestran la existencia de\u00a0<strong>depresi\u00f3n y otros s\u00edntomas psicol\u00f3gicos post-aborto inducido<\/strong>\u201d.<\/p>\n<p><em><\/p>\n<div style=\"font-size:16px;color:#83979d;\" class=\"text-right photo-info-content\"><span class=\"photo-info\"><strong><span>&gt;&gt;&gt;&gt;&gt;\u00a0<\/span><\/strong><em>Sigue el <a href=\"https:\/\/whatsapp.com\/channel\/0029VbBbpCrGpLHHil73qg0r\" target=\"_blank\"><strong>Canal de Evang\u00e9lico Digital en WhatsApp<\/strong><\/a>, actualizado al minuto con los art\u00edculos y noticias publicados<\/em><\/span> <\/div>\n<p><\/em><\/p>\n<p>El texto califica como \u201cabsurdo e inquietante\u201d que\u00a0<strong>en el debate sobre el aborto \u201cjam\u00e1s se consideren los derechos de la vida humana que va a ser eliminada\u201d<\/strong>. En este sentido, compara la sensibilidad social hacia las v\u00edctimas de guerras con la falta de atenci\u00f3n a \u201clas a\u00fan m\u00e1s indefensas que se desarrollan en el \u00fatero materno\u201d.<\/p>\n<p>La Alianza critica adem\u00e1s la terminolog\u00eda empleada en el debate p\u00fablico: \u201cIntroducirlo como uno de los derechos sexuales y reproductivos es una paradoja, ya que en realidad se trata de evitar la reproducci\u00f3n. Hablar de interrupci\u00f3n voluntaria del embarazo es obviar que no se desconecta un interruptor, sino que\u00a0<strong>se elimina una vida<\/strong>\u201d.<\/p>\n<p>\u00a0<\/p>\n<p>La AEE tambi\u00e9n expresa\u00a0<strong>su oposici\u00f3n a la posibilidad de elaborar un listado de profesionales sanitarios objetores del aborto<\/strong>, coincidiendo con la postura del Colegio Oficial de M\u00e9dicos de Madrid. \u201cSupone un control no justificado sobre los m\u00e9dicos que deciden libremente objetar\u201d, advierte, calificando tal registro como \u201cuna lista negra a evitar\u201d.<\/p>\n<p>La entidad recuerda que<strong>\u00a0la objeci\u00f3n de conciencia \u201ces un derecho fundamental que protege de declarar sobre las propias creencias\u201d\u00a0<\/strong>y que puede ser \u201csobrevenida en ambas direcciones\u201d.<\/p>\n<p>\u00a0<\/p>\n<p>En su conclusi\u00f3n, la Alianza Evang\u00e9lica rechaza que la liberalizaci\u00f3n del aborto se identifique con el progreso social. \u201cUna sociedad como la espa\u00f1ola, donde se acaba con m\u00e1s de 100.000 vidas humanas cada a\u00f1o, no es en absoluto progresista por ello\u201d, afirma. Para la organizaci\u00f3n, esta situaci\u00f3n refleja \u201cel fallo de pilares de justicia social, \u00e9tica, valores y sentido de futuro\u201d, y una sociedad \u201cdestinada a un porvenir incierto\u201d.<\/p>\n<p>Seg\u00fan las estad\u00edsticas oficiales presentadas por el Gobierno este mes de octubre,\u00a0<a href=\"https:\/\/protestantedigital.com\/espana\/70872\/espana-registra-106172-abortos-la-cifra-mas-alta-en-mas-de-una-decada\" target=\"_blank\">en 2024 se practicaron\u00a0106.172 abortos<\/a>, la cifra m\u00e1s alta en m\u00e1s de una d\u00e9cada.<\/p>\n<p>En\u00a0<a href=\"https:\/\/protestantedigital.com\/internacional\/67928\/francia-se-convierte-en-el-primer-pais-en-consagrar-el-aborto-en-la-constitucion-y-los-activistas-dicen-que-inspira-medidas-similares-en-toda-europa\" target=\"_blank\">Francia<\/a>, el aborto se incluy\u00f3 en la Constituci\u00f3n tras un debate social en el que los\u00a0<a href=\"https:\/\/protestantedigital.com\/internacional\/63182\/francia-aprueba-finalmente-una-ley-de-bioetica-de-amplio-alcance\" target=\"_blank\">evang\u00e9licos<\/a>\u00a0se posicionaron en contra. En Pa\u00edses Bajos, una iniciativa similar fue\u00a0<a href=\"https:\/\/www.evangelicodigital.com\/mundo\/38514\/paises-bajos-rechaza-reconocer-el-aborto-como-un-derecho-humano\" target=\"_blank\">rechazada<\/a>.<\/p>\n<p>El comunicado de la AEE se puede\u00a0<a href=\"https:\/\/media.protestantedigital.com\/2025-10-14-11:39_AEEanteeldebatesobreelabortoenEspan%CC%83a.pdf\" target=\"_blank\">descargar aqu\u00ed en PDF.<\/a><\/p>\n<\/p><\/div>\n<p>\n          Publicado en: <span class=\"text-turquoise\"> <a href=\"https:\/\/www.evangelicodigital.com\">EVANG\u00c9LICO DIGITAL<\/a> &#8211; <a href=\"https:\/\/www.evangelicodigital.com\/mundo\">MUNDO<\/a><\/span><br \/>\n          &#8211; Espa\u00f1a | La Alianza Evang\u00e9lica rechaza la propuesta del aborto como derecho constitucional\n        <\/p>\n<p><br \/>\n<br \/><a href=\"https:\/\/www.evangelicodigital.com\/mundo\/38556\/espana-alianza-evangelica-rechaza-propuesta-del-aborto-como-derecho-constitucional\">Source link <\/a><\/p>\n","protected":false},"excerpt":{"rendered":"<p>La\u00a0Alianza Evang\u00e9lica Espa\u00f1ola\u00a0(AEE) ha hecho p\u00fablica su posici\u00f3n ante el debate abierto por la\u00a0propuesta\u00a0de incluir el aborto como un derecho en la Constituci\u00f3n espa\u00f1ola. En un\u00a0comunicado\u00a0difundido este lunes, la entidad afirma que la iniciativa es \u201cdemag\u00f3gica\u201d y \u201cun contrasentido\u201d, y reitera su convicci\u00f3n de que \u201cexiste una vida humana desde el momento de la fecundaci\u00f3n\u201d. [&hellip;]<\/p>\n","protected":false},"author":2,"featured_media":0,"comment_status":"","ping_status":"open","sticky":false,"template":"","format":"standard","meta":{"fifu_image_url":"","fifu_image_alt":"","footnotes":""},"categories":[1],"tags":[],"class_list":["post-7109","post","type-post","status-publish","format-standard","hentry","category-nexopost"],"yoast_head":"<!-- This site is optimized with the Yoast SEO Premium plugin v25.7.1 (Yoast SEO v26.5) - https:\/\/yoast.com\/wordpress\/plugins\/seo\/ -->\n<title>Espa\u00f1a | La Alianza Evang\u00e9lica rechaza la propuesta del aborto como derecho constitucional - Stereo Visi\u00f3n de Dios<\/title>\n<meta name=\"robots\" content=\"index, follow, max-snippet:-1, max-image-preview:large, max-video-preview:-1\" \/>\n<link rel=\"canonical\" href=\"https:\/\/stereovisiondedios.com\/?p=7109\" \/>\n<meta property=\"og:locale\" content=\"es_ES\" \/>\n<meta property=\"og:type\" content=\"article\" \/>\n<meta property=\"og:title\" content=\"Espa\u00f1a | La Alianza Evang\u00e9lica rechaza la propuesta del aborto como derecho constitucional\" \/>\n<meta property=\"og:description\" content=\"La\u00a0Alianza Evang\u00e9lica Espa\u00f1ola\u00a0(AEE) ha hecho p\u00fablica su posici\u00f3n ante el debate abierto por la\u00a0propuesta\u00a0de incluir el aborto como un derecho en la Constituci\u00f3n espa\u00f1ola. En un\u00a0comunicado\u00a0difundido este lunes, la entidad afirma que la iniciativa es \u201cdemag\u00f3gica\u201d y \u201cun contrasentido\u201d, y reitera su convicci\u00f3n de que \u201cexiste una vida humana desde el momento de la fecundaci\u00f3n\u201d. [&hellip;]\" \/>\n<meta property=\"og:url\" content=\"https:\/\/stereovisiondedios.com\/?p=7109\" \/>\n<meta property=\"og:site_name\" content=\"Stereo Visi\u00f3n de Dios\" \/>\n<meta property=\"article:publisher\" content=\"https:\/\/www.facebook.com\/visiondedios106.9fm\" \/>\n<meta property=\"article:published_time\" content=\"2025-10-15T00:17:17+00:00\" \/>\n<meta name=\"author\" content=\"NexoRadio\" \/>\n<meta name=\"twitter:card\" content=\"summary_large_image\" \/>\n<meta name=\"twitter:label1\" content=\"Escrito por\" \/>\n\t<meta name=\"twitter:data1\" content=\"NexoRadio\" \/>\n\t<meta name=\"twitter:label2\" content=\"Tiempo de lectura\" \/>\n\t<meta name=\"twitter:data2\" content=\"4 minutos\" \/>\n<script type=\"application\/ld+json\" class=\"yoast-schema-graph\">{\"@context\":\"https:\/\/schema.org\",\"@graph\":[{\"@type\":\"Article\",\"@id\":\"https:\/\/stereovisiondedios.com\/?p=7109#article\",\"isPartOf\":{\"@id\":\"https:\/\/stereovisiondedios.com\/?p=7109\"},\"author\":{\"name\":\"NexoRadio\",\"@id\":\"https:\/\/stereovisiondedios.com\/#\/schema\/person\/32b4d07d90fc8962809b81993562e343\"},\"headline\":\"Espa\u00f1a | La Alianza Evang\u00e9lica rechaza la propuesta del aborto como derecho constitucional\",\"datePublished\":\"2025-10-15T00:17:17+00:00\",\"mainEntityOfPage\":{\"@id\":\"https:\/\/stereovisiondedios.com\/?p=7109\"},\"wordCount\":719,\"publisher\":{\"@id\":\"https:\/\/stereovisiondedios.com\/#organization\"},\"articleSection\":[\"NexoPost\"],\"inLanguage\":\"es\"},{\"@type\":\"WebPage\",\"@id\":\"https:\/\/stereovisiondedios.com\/?p=7109\",\"url\":\"https:\/\/stereovisiondedios.com\/?p=7109\",\"name\":\"Espa\u00f1a | La Alianza Evang\u00e9lica rechaza la propuesta del aborto como derecho constitucional - Stereo Visi\u00f3n de Dios\",\"isPartOf\":{\"@id\":\"https:\/\/stereovisiondedios.com\/#website\"},\"datePublished\":\"2025-10-15T00:17:17+00:00\",\"breadcrumb\":{\"@id\":\"https:\/\/stereovisiondedios.com\/?p=7109#breadcrumb\"},\"inLanguage\":\"es\",\"potentialAction\":[{\"@type\":\"ReadAction\",\"target\":[\"https:\/\/stereovisiondedios.com\/?p=7109\"]}]},{\"@type\":\"BreadcrumbList\",\"@id\":\"https:\/\/stereovisiondedios.com\/?p=7109#breadcrumb\",\"itemListElement\":[{\"@type\":\"ListItem\",\"position\":1,\"name\":\"Home\",\"item\":\"https:\/\/stereovisiondedios.com\/\"},{\"@type\":\"ListItem\",\"position\":2,\"name\":\"Espa\u00f1a | La Alianza Evang\u00e9lica rechaza la propuesta del aborto como derecho constitucional\"}]},{\"@type\":\"WebSite\",\"@id\":\"https:\/\/stereovisiondedios.com\/#website\",\"url\":\"https:\/\/stereovisiondedios.com\/\",\"name\":\"Stereo Visi\u00f3n de Dios\",\"description\":\"Conectate...\",\"publisher\":{\"@id\":\"https:\/\/stereovisiondedios.com\/#organization\"},\"potentialAction\":[{\"@type\":\"SearchAction\",\"target\":{\"@type\":\"EntryPoint\",\"urlTemplate\":\"https:\/\/stereovisiondedios.com\/?s={search_term_string}\"},\"query-input\":{\"@type\":\"PropertyValueSpecification\",\"valueRequired\":true,\"valueName\":\"search_term_string\"}}],\"inLanguage\":\"es\"},{\"@type\":\"Organization\",\"@id\":\"https:\/\/stereovisiondedios.com\/#organization\",\"name\":\"Radio Stereo Visi\u00f3n de Dios\",\"url\":\"https:\/\/stereovisiondedios.com\/\",\"logo\":{\"@type\":\"ImageObject\",\"inLanguage\":\"es\",\"@id\":\"https:\/\/stereovisiondedios.com\/#\/schema\/logo\/image\/\",\"url\":\"https:\/\/stereovisiondedios.com\/wp-content\/uploads\/2024\/10\/www.fmhorizontesalta.com_.ar-5-1.png\",\"contentUrl\":\"https:\/\/stereovisiondedios.com\/wp-content\/uploads\/2024\/10\/www.fmhorizontesalta.com_.ar-5-1.png\",\"width\":555,\"height\":114,\"caption\":\"Radio Stereo Visi\u00f3n de Dios\"},\"image\":{\"@id\":\"https:\/\/stereovisiondedios.com\/#\/schema\/logo\/image\/\"},\"sameAs\":[\"https:\/\/www.facebook.com\/visiondedios106.9fm\",\"https:\/\/www.tiktok.com\/@vision_de_dios_106_9_fm\",\"https:\/\/www.youtube.com\/@radiovisiondediosstereo106.9\"]},{\"@type\":\"Person\",\"@id\":\"https:\/\/stereovisiondedios.com\/#\/schema\/person\/32b4d07d90fc8962809b81993562e343\",\"name\":\"NexoRadio\",\"image\":{\"@type\":\"ImageObject\",\"inLanguage\":\"es\",\"@id\":\"https:\/\/stereovisiondedios.com\/#\/schema\/person\/image\/\",\"url\":\"https:\/\/secure.gravatar.com\/avatar\/5c8c3ec5af674c12295d543b84fe993caada4dedbc52804dace89aa6e7f89070?s=96&d=mm&r=g\",\"contentUrl\":\"https:\/\/secure.gravatar.com\/avatar\/5c8c3ec5af674c12295d543b84fe993caada4dedbc52804dace89aa6e7f89070?s=96&d=mm&r=g\",\"caption\":\"NexoRadio\"},\"url\":\"https:\/\/stereovisiondedios.com\/?author=2\"}]}<\/script>\n<!-- \/ Yoast SEO Premium plugin. -->","yoast_head_json":{"title":"Espa\u00f1a | La Alianza Evang\u00e9lica rechaza la propuesta del aborto como derecho constitucional - Stereo Visi\u00f3n de Dios","robots":{"index":"index","follow":"follow","max-snippet":"max-snippet:-1","max-image-preview":"max-image-preview:large","max-video-preview":"max-video-preview:-1"},"canonical":"https:\/\/stereovisiondedios.com\/?p=7109","og_locale":"es_ES","og_type":"article","og_title":"Espa\u00f1a | La Alianza Evang\u00e9lica rechaza la propuesta del aborto como derecho constitucional","og_description":"La\u00a0Alianza Evang\u00e9lica Espa\u00f1ola\u00a0(AEE) ha hecho p\u00fablica su posici\u00f3n ante el debate abierto por la\u00a0propuesta\u00a0de incluir el aborto como un derecho en la Constituci\u00f3n espa\u00f1ola. En un\u00a0comunicado\u00a0difundido este lunes, la entidad afirma que la iniciativa es \u201cdemag\u00f3gica\u201d y \u201cun contrasentido\u201d, y reitera su convicci\u00f3n de que \u201cexiste una vida humana desde el momento de la fecundaci\u00f3n\u201d. [&hellip;]","og_url":"https:\/\/stereovisiondedios.com\/?p=7109","og_site_name":"Stereo Visi\u00f3n de Dios","article_publisher":"https:\/\/www.facebook.com\/visiondedios106.9fm","article_published_time":"2025-10-15T00:17:17+00:00","author":"NexoRadio","twitter_card":"summary_large_image","twitter_misc":{"Escrito por":"NexoRadio","Tiempo de lectura":"4 minutos"},"schema":{"@context":"https:\/\/schema.org","@graph":[{"@type":"Article","@id":"https:\/\/stereovisiondedios.com\/?p=7109#article","isPartOf":{"@id":"https:\/\/stereovisiondedios.com\/?p=7109"},"author":{"name":"NexoRadio","@id":"https:\/\/stereovisiondedios.com\/#\/schema\/person\/32b4d07d90fc8962809b81993562e343"},"headline":"Espa\u00f1a | La Alianza Evang\u00e9lica rechaza la propuesta del aborto como derecho constitucional","datePublished":"2025-10-15T00:17:17+00:00","mainEntityOfPage":{"@id":"https:\/\/stereovisiondedios.com\/?p=7109"},"wordCount":719,"publisher":{"@id":"https:\/\/stereovisiondedios.com\/#organization"},"articleSection":["NexoPost"],"inLanguage":"es"},{"@type":"WebPage","@id":"https:\/\/stereovisiondedios.com\/?p=7109","url":"https:\/\/stereovisiondedios.com\/?p=7109","name":"Espa\u00f1a | La Alianza Evang\u00e9lica rechaza la propuesta del aborto como derecho constitucional - Stereo Visi\u00f3n de Dios","isPartOf":{"@id":"https:\/\/stereovisiondedios.com\/#website"},"datePublished":"2025-10-15T00:17:17+00:00","breadcrumb":{"@id":"https:\/\/stereovisiondedios.com\/?p=7109#breadcrumb"},"inLanguage":"es","potentialAction":[{"@type":"ReadAction","target":["https:\/\/stereovisiondedios.com\/?p=7109"]}]},{"@type":"BreadcrumbList","@id":"https:\/\/stereovisiondedios.com\/?p=7109#breadcrumb","itemListElement":[{"@type":"ListItem","position":1,"name":"Home","item":"https:\/\/stereovisiondedios.com\/"},{"@type":"ListItem","position":2,"name":"Espa\u00f1a | La Alianza Evang\u00e9lica rechaza la propuesta del aborto como derecho constitucional"}]},{"@type":"WebSite","@id":"https:\/\/stereovisiondedios.com\/#website","url":"https:\/\/stereovisiondedios.com\/","name":"Stereo Visi\u00f3n de Dios","description":"Conectate...","publisher":{"@id":"https:\/\/stereovisiondedios.com\/#organization"},"potentialAction":[{"@type":"SearchAction","target":{"@type":"EntryPoint","urlTemplate":"https:\/\/stereovisiondedios.com\/?s={search_term_string}"},"query-input":{"@type":"PropertyValueSpecification","valueRequired":true,"valueName":"search_term_string"}}],"inLanguage":"es"},{"@type":"Organization","@id":"https:\/\/stereovisiondedios.com\/#organization","name":"Radio Stereo Visi\u00f3n de Dios","url":"https:\/\/stereovisiondedios.com\/","logo":{"@type":"ImageObject","inLanguage":"es","@id":"https:\/\/stereovisiondedios.com\/#\/schema\/logo\/image\/","url":"https:\/\/stereovisiondedios.com\/wp-content\/uploads\/2024\/10\/www.fmhorizontesalta.com_.ar-5-1.png","contentUrl":"https:\/\/stereovisiondedios.com\/wp-content\/uploads\/2024\/10\/www.fmhorizontesalta.com_.ar-5-1.png","width":555,"height":114,"caption":"Radio Stereo Visi\u00f3n de Dios"},"image":{"@id":"https:\/\/stereovisiondedios.com\/#\/schema\/logo\/image\/"},"sameAs":["https:\/\/www.facebook.com\/visiondedios106.9fm","https:\/\/www.tiktok.com\/@vision_de_dios_106_9_fm","https:\/\/www.youtube.com\/@radiovisiondediosstereo106.9"]},{"@type":"Person","@id":"https:\/\/stereovisiondedios.com\/#\/schema\/person\/32b4d07d90fc8962809b81993562e343","name":"NexoRadio","image":{"@type":"ImageObject","inLanguage":"es","@id":"https:\/\/stereovisiondedios.com\/#\/schema\/person\/image\/","url":"https:\/\/secure.gravatar.com\/avatar\/5c8c3ec5af674c12295d543b84fe993caada4dedbc52804dace89aa6e7f89070?s=96&d=mm&r=g","contentUrl":"https:\/\/secure.gravatar.com\/avatar\/5c8c3ec5af674c12295d543b84fe993caada4dedbc52804dace89aa6e7f89070?s=96&d=mm&r=g","caption":"NexoRadio"},"url":"https:\/\/stereovisiondedios.com\/?author=2"}]}},"_links":{"self":[{"href":"https:\/\/stereovisiondedios.com\/index.php?rest_route=\/wp\/v2\/posts\/7109","targetHints":{"allow":["GET"]}}],"collection":[{"href":"https:\/\/stereovisiondedios.com\/index.php?rest_route=\/wp\/v2\/posts"}],"about":[{"href":"https:\/\/stereovisiondedios.com\/index.php?rest_route=\/wp\/v2\/types\/post"}],"author":[{"embeddable":true,"href":"https:\/\/stereovisiondedios.com\/index.php?rest_route=\/wp\/v2\/users\/2"}],"replies":[{"embeddable":true,"href":"https:\/\/stereovisiondedios.com\/index.php?rest_route=%2Fwp%2Fv2%2Fcomments&post=7109"}],"version-history":[{"count":0,"href":"https:\/\/stereovisiondedios.com\/index.php?rest_route=\/wp\/v2\/posts\/7109\/revisions"}],"wp:attachment":[{"href":"https:\/\/stereovisiondedios.com\/index.php?rest_route=%2Fwp%2Fv2%2Fmedia&parent=7109"}],"wp:term":[{"taxonomy":"category","embeddable":true,"href":"https:\/\/stereovisiondedios.com\/index.php?rest_route=%2Fwp%2Fv2%2Fcategories&post=7109"},{"taxonomy":"post_tag","embeddable":true,"href":"https:\/\/stereovisiondedios.com\/index.php?rest_route=%2Fwp%2Fv2%2Ftags&post=7109"}],"curies":[{"name":"wp","href":"https:\/\/api.w.org\/{rel}","templated":true}]}}