{"id":7110,"date":"2025-10-15T07:20:00","date_gmt":"2025-10-15T13:20:00","guid":{"rendered":"https:\/\/stereovisiondedios.com\/?p=7110"},"modified":"2025-10-15T07:20:00","modified_gmt":"2025-10-15T13:20:00","slug":"turquia-considera-a-los-cristianos-una-amenaza-a-la-seguridad-nacional","status":"publish","type":"post","link":"https:\/\/stereovisiondedios.com\/?p=7110","title":{"rendered":"Turqu\u00eda considera a los cristianos una \u2018amenaza a la seguridad nacional\u2019"},"content":{"rendered":"<p><br \/>\n<\/p>\n<div>\n<p><strong>Representantes de la organizaci\u00f3n <em>ADF internacional <\/em> denunciaron como las autoridades de Turqu\u00eda han estado deportando a cientos de cristianos extranjeros y bloqueando su regreso, etiquet\u00e1ndolos como amenazas a la seguridad nacional.<\/strong><\/p>\n<p>Lidia Rieder, oficial jur\u00eddica de esta ONG, dijo en una reuni\u00f3n de la Conferencia de la Dimensi\u00f3n Humana de la Organizaci\u00f3n para la Seguridad y la Cooperaci\u00f3n en Europa en Varsovia, Polonia, que <strong>dichas acciones se emiten a trav\u00e9s de c\u00f3digos de seguridad internos y han dejado a las comunidades protestantes locales sin liderazgo.<\/strong><\/p>\n<p><strong>ADF International inform\u00f3 que desde 2020, al menos 200 trabajadores cristianos extranjeros y sus familias, un total de alrededor de 350 personas, han sido excluidos del pa\u00eds bajo los c\u00f3digos de seguridad interna N-82 y G-87.<\/strong><\/p>\n<p>Solo entre diciembre de 2024 y enero de 2025, se asignaron al menos 35 c\u00f3digos nuevos, incluidos a personas que hab\u00edan vivido en el pa\u00eds durante d\u00e9cadas.<\/p>\n<p>Seg\u00fan este grupo, el Ministerio del Interior de Turqu\u00eda utiliza esos c\u00f3digos para impedir el reingreso o denegar permisos de residencia, a menudo sin cargos ni pruebas de irregularidades penales.<\/p>\n<p>Agregaron que <strong>en los \u00faltimos a\u00f1os, a cristianos extranjeros procedentes de pa\u00edses como Estados Unidos, el Reino Unido, Alemania, Corea del Sur, Latinoam\u00e9rica y otras partes de Europa se les han negado visas o han sido deportados<\/strong>. Muchos hab\u00edan vivido en Turqu\u00eda con sus familias durante largos periodos y no ten\u00edan antecedentes penales ni causas judiciales pendientes.<\/p>\n<p>Uno de estos casos es Wiest contra Turqu\u00eda , actualmente en tr\u00e1mite ante el Tribunal Europeo de Derechos Humanos. Al demandante, ciudadano estadounidense que resid\u00eda legalmente en Turqu\u00eda durante m\u00e1s de 30 a\u00f1os, se le impidi\u00f3 regresar sin explicaci\u00f3n alguna. ADF International afirm\u00f3 que, por s\u00ed sola, apoya m\u00e1s de 30 recursos legales relacionados en tribunales turcos y europeos.<\/p>\n<div style=\"font-size:16px;color:#83979d;\" class=\"text-right photo-info-content\"><span class=\"photo-info\"><strong><span>&gt;&gt;&gt;&gt;&gt;\u00a0<\/span><\/strong><em>Sigue el <a href=\"https:\/\/whatsapp.com\/channel\/0029VbBbpCrGpLHHil73qg0r\" target=\"_blank\"><strong>Canal de Evang\u00e9lico Digital en WhatsApp<\/strong><\/a>, actualizado al minuto con los art\u00edculos y noticias publicados<\/em><\/span> <\/div>\n<p><strong>La Asociaci\u00f3n de Iglesias Protestantes, en su Informe sobre Violaciones de Derechos Humanos de 2024, document\u00f3 un aumento de los discursos de odio y la violencia contra los cristianos en Turqu\u00eda<\/strong>. Entre los incidentes se encuentra un ataque armado contra el edificio de la asociaci\u00f3n de la Iglesia de la Salvaci\u00f3n en \u00c7ekmek\u00f6y el pasado diciembre, cuando un individuo dispar\u00f3 desde un coche e intent\u00f3 retirar los carteles de la iglesia, se\u00f1ala el informe.<\/p>\n<p>El 20 de enero de 2024, se produjeron disparos en el edificio de la Iglesia de la Salvaci\u00f3n de Eski\u015fehir mientras estaba desocupado. Las balas impactaron en el consultorio de un dentista ubicado debajo de la iglesia, pero la polic\u00eda que acudi\u00f3 al lugar no recab\u00f3 pruebas ni present\u00f3 una denuncia, seg\u00fan declar\u00f3 la asociaci\u00f3n protestante.<\/p>\n<p>Tambi\u00e9n se denunciaron actos de vandalismo, amenazas y da\u00f1os f\u00edsicos en iglesias de Kayseri, Bah\u00e7elievler e \u0130zmir a lo largo de 2024.<\/p>\n<p>Otros incidentes sin violencia f\u00edsica pero s\u00ed de acoso e intimidaci\u00f3n incluyeron la negaci\u00f3n de permisos para distribuir folletos, la cancelaci\u00f3n de invitaciones de Pascua y Navidad y el aumento del uso de las redes sociales para insultar y amenazar a los l\u00edderes y feligreses de la iglesia.<\/p>\n<p>Tambi\u00e9n en diciembre, una profesora cristiana de ingl\u00e9s perdi\u00f3 su trabajo en una escuela privada nocturna de Malatya sin explicaci\u00f3n alguna. Un funcionario escolar le advirti\u00f3 sobre las asociaciones a las que asist\u00eda y las amistades extranjeras que manten\u00eda. Su apelaci\u00f3n a las autoridades locales fue desestimada, y ella evit\u00f3 presentar una demanda por temor a su hermana, funcionaria p\u00fablica, seg\u00fan el informe.<\/p>\n<\/p><\/div>\n<p>\n          Publicado en: <span class=\"text-turquoise\"> <a href=\"https:\/\/www.evangelicodigital.com\">EVANG\u00c9LICO DIGITAL<\/a> &#8211; <a href=\"https:\/\/www.evangelicodigital.com\/mundo\">MUNDO<\/a><\/span><br \/>\n          &#8211; Turqu\u00eda considera a los cristianos una \u2018amenaza a la seguridad nacional\u2019\n        <\/p>\n<p><br \/>\n<br \/><a href=\"https:\/\/www.evangelicodigital.com\/mundo\/38567\/turquia-considera-a-los-cristianos-una-amenaza-a-la-seguridad-nacional\">Source link <\/a><\/p>\n","protected":false},"excerpt":{"rendered":"<p>Representantes de la organizaci\u00f3n ADF internacional denunciaron como las autoridades de Turqu\u00eda han estado deportando a cientos de cristianos extranjeros y bloqueando su regreso, etiquet\u00e1ndolos como amenazas a la seguridad nacional. Lidia Rieder, oficial jur\u00eddica de esta ONG, dijo en una reuni\u00f3n de la Conferencia de la Dimensi\u00f3n Humana de la Organizaci\u00f3n para la Seguridad [&hellip;]<\/p>\n","protected":false},"author":2,"featured_media":0,"comment_status":"","ping_status":"open","sticky":false,"template":"","format":"standard","meta":{"fifu_image_url":"","fifu_image_alt":"","footnotes":""},"categories":[1],"tags":[],"class_list":["post-7110","post","type-post","status-publish","format-standard","hentry","category-nexopost"],"yoast_head":"<!-- This site is optimized with the Yoast SEO Premium plugin v25.7.1 (Yoast SEO v26.5) - https:\/\/yoast.com\/wordpress\/plugins\/seo\/ -->\n<title>Turqu\u00eda considera a los cristianos una \u2018amenaza a la seguridad nacional\u2019 - Stereo Visi\u00f3n de Dios<\/title>\n<meta name=\"robots\" content=\"index, follow, max-snippet:-1, max-image-preview:large, max-video-preview:-1\" \/>\n<link rel=\"canonical\" href=\"https:\/\/stereovisiondedios.com\/?p=7110\" \/>\n<meta property=\"og:locale\" content=\"es_ES\" \/>\n<meta property=\"og:type\" content=\"article\" \/>\n<meta property=\"og:title\" content=\"Turqu\u00eda considera a los cristianos una \u2018amenaza a la seguridad nacional\u2019\" \/>\n<meta property=\"og:description\" content=\"Representantes de la organizaci\u00f3n ADF internacional denunciaron como las autoridades de Turqu\u00eda han estado deportando a cientos de cristianos extranjeros y bloqueando su regreso, etiquet\u00e1ndolos como amenazas a la seguridad nacional. Lidia Rieder, oficial jur\u00eddica de esta ONG, dijo en una reuni\u00f3n de la Conferencia de la Dimensi\u00f3n Humana de la Organizaci\u00f3n para la Seguridad [&hellip;]\" \/>\n<meta property=\"og:url\" content=\"https:\/\/stereovisiondedios.com\/?p=7110\" \/>\n<meta property=\"og:site_name\" content=\"Stereo Visi\u00f3n de Dios\" \/>\n<meta property=\"article:publisher\" content=\"https:\/\/www.facebook.com\/visiondedios106.9fm\" \/>\n<meta property=\"article:published_time\" content=\"2025-10-15T13:20:00+00:00\" \/>\n<meta name=\"author\" content=\"NexoRadio\" \/>\n<meta name=\"twitter:card\" content=\"summary_large_image\" \/>\n<meta name=\"twitter:label1\" content=\"Escrito por\" \/>\n\t<meta name=\"twitter:data1\" content=\"NexoRadio\" \/>\n\t<meta name=\"twitter:label2\" content=\"Tiempo de lectura\" \/>\n\t<meta name=\"twitter:data2\" content=\"3 minutos\" \/>\n<script type=\"application\/ld+json\" class=\"yoast-schema-graph\">{\"@context\":\"https:\/\/schema.org\",\"@graph\":[{\"@type\":\"Article\",\"@id\":\"https:\/\/stereovisiondedios.com\/?p=7110#article\",\"isPartOf\":{\"@id\":\"https:\/\/stereovisiondedios.com\/?p=7110\"},\"author\":{\"name\":\"NexoRadio\",\"@id\":\"https:\/\/stereovisiondedios.com\/#\/schema\/person\/32b4d07d90fc8962809b81993562e343\"},\"headline\":\"Turqu\u00eda considera a los cristianos una \u2018amenaza a la seguridad nacional\u2019\",\"datePublished\":\"2025-10-15T13:20:00+00:00\",\"mainEntityOfPage\":{\"@id\":\"https:\/\/stereovisiondedios.com\/?p=7110\"},\"wordCount\":665,\"publisher\":{\"@id\":\"https:\/\/stereovisiondedios.com\/#organization\"},\"articleSection\":[\"NexoPost\"],\"inLanguage\":\"es\"},{\"@type\":\"WebPage\",\"@id\":\"https:\/\/stereovisiondedios.com\/?p=7110\",\"url\":\"https:\/\/stereovisiondedios.com\/?p=7110\",\"name\":\"Turqu\u00eda considera a los cristianos una \u2018amenaza a la seguridad nacional\u2019 - Stereo Visi\u00f3n de Dios\",\"isPartOf\":{\"@id\":\"https:\/\/stereovisiondedios.com\/#website\"},\"datePublished\":\"2025-10-15T13:20:00+00:00\",\"breadcrumb\":{\"@id\":\"https:\/\/stereovisiondedios.com\/?p=7110#breadcrumb\"},\"inLanguage\":\"es\",\"potentialAction\":[{\"@type\":\"ReadAction\",\"target\":[\"https:\/\/stereovisiondedios.com\/?p=7110\"]}]},{\"@type\":\"BreadcrumbList\",\"@id\":\"https:\/\/stereovisiondedios.com\/?p=7110#breadcrumb\",\"itemListElement\":[{\"@type\":\"ListItem\",\"position\":1,\"name\":\"Home\",\"item\":\"https:\/\/stereovisiondedios.com\/\"},{\"@type\":\"ListItem\",\"position\":2,\"name\":\"Turqu\u00eda considera a los cristianos una \u2018amenaza a la seguridad nacional\u2019\"}]},{\"@type\":\"WebSite\",\"@id\":\"https:\/\/stereovisiondedios.com\/#website\",\"url\":\"https:\/\/stereovisiondedios.com\/\",\"name\":\"Stereo Visi\u00f3n de Dios\",\"description\":\"Conectate...\",\"publisher\":{\"@id\":\"https:\/\/stereovisiondedios.com\/#organization\"},\"potentialAction\":[{\"@type\":\"SearchAction\",\"target\":{\"@type\":\"EntryPoint\",\"urlTemplate\":\"https:\/\/stereovisiondedios.com\/?s={search_term_string}\"},\"query-input\":{\"@type\":\"PropertyValueSpecification\",\"valueRequired\":true,\"valueName\":\"search_term_string\"}}],\"inLanguage\":\"es\"},{\"@type\":\"Organization\",\"@id\":\"https:\/\/stereovisiondedios.com\/#organization\",\"name\":\"Radio Stereo Visi\u00f3n de Dios\",\"url\":\"https:\/\/stereovisiondedios.com\/\",\"logo\":{\"@type\":\"ImageObject\",\"inLanguage\":\"es\",\"@id\":\"https:\/\/stereovisiondedios.com\/#\/schema\/logo\/image\/\",\"url\":\"https:\/\/stereovisiondedios.com\/wp-content\/uploads\/2024\/10\/www.fmhorizontesalta.com_.ar-5-1.png\",\"contentUrl\":\"https:\/\/stereovisiondedios.com\/wp-content\/uploads\/2024\/10\/www.fmhorizontesalta.com_.ar-5-1.png\",\"width\":555,\"height\":114,\"caption\":\"Radio Stereo Visi\u00f3n de Dios\"},\"image\":{\"@id\":\"https:\/\/stereovisiondedios.com\/#\/schema\/logo\/image\/\"},\"sameAs\":[\"https:\/\/www.facebook.com\/visiondedios106.9fm\",\"https:\/\/www.tiktok.com\/@vision_de_dios_106_9_fm\",\"https:\/\/www.youtube.com\/@radiovisiondediosstereo106.9\"]},{\"@type\":\"Person\",\"@id\":\"https:\/\/stereovisiondedios.com\/#\/schema\/person\/32b4d07d90fc8962809b81993562e343\",\"name\":\"NexoRadio\",\"image\":{\"@type\":\"ImageObject\",\"inLanguage\":\"es\",\"@id\":\"https:\/\/stereovisiondedios.com\/#\/schema\/person\/image\/\",\"url\":\"https:\/\/secure.gravatar.com\/avatar\/5c8c3ec5af674c12295d543b84fe993caada4dedbc52804dace89aa6e7f89070?s=96&d=mm&r=g\",\"contentUrl\":\"https:\/\/secure.gravatar.com\/avatar\/5c8c3ec5af674c12295d543b84fe993caada4dedbc52804dace89aa6e7f89070?s=96&d=mm&r=g\",\"caption\":\"NexoRadio\"},\"url\":\"https:\/\/stereovisiondedios.com\/?author=2\"}]}<\/script>\n<!-- \/ Yoast SEO Premium plugin. -->","yoast_head_json":{"title":"Turqu\u00eda considera a los cristianos una \u2018amenaza a la seguridad nacional\u2019 - Stereo Visi\u00f3n de Dios","robots":{"index":"index","follow":"follow","max-snippet":"max-snippet:-1","max-image-preview":"max-image-preview:large","max-video-preview":"max-video-preview:-1"},"canonical":"https:\/\/stereovisiondedios.com\/?p=7110","og_locale":"es_ES","og_type":"article","og_title":"Turqu\u00eda considera a los cristianos una \u2018amenaza a la seguridad nacional\u2019","og_description":"Representantes de la organizaci\u00f3n ADF internacional denunciaron como las autoridades de Turqu\u00eda han estado deportando a cientos de cristianos extranjeros y bloqueando su regreso, etiquet\u00e1ndolos como amenazas a la seguridad nacional. Lidia Rieder, oficial jur\u00eddica de esta ONG, dijo en una reuni\u00f3n de la Conferencia de la Dimensi\u00f3n Humana de la Organizaci\u00f3n para la Seguridad [&hellip;]","og_url":"https:\/\/stereovisiondedios.com\/?p=7110","og_site_name":"Stereo Visi\u00f3n de Dios","article_publisher":"https:\/\/www.facebook.com\/visiondedios106.9fm","article_published_time":"2025-10-15T13:20:00+00:00","author":"NexoRadio","twitter_card":"summary_large_image","twitter_misc":{"Escrito por":"NexoRadio","Tiempo de lectura":"3 minutos"},"schema":{"@context":"https:\/\/schema.org","@graph":[{"@type":"Article","@id":"https:\/\/stereovisiondedios.com\/?p=7110#article","isPartOf":{"@id":"https:\/\/stereovisiondedios.com\/?p=7110"},"author":{"name":"NexoRadio","@id":"https:\/\/stereovisiondedios.com\/#\/schema\/person\/32b4d07d90fc8962809b81993562e343"},"headline":"Turqu\u00eda considera a los cristianos una \u2018amenaza a la seguridad nacional\u2019","datePublished":"2025-10-15T13:20:00+00:00","mainEntityOfPage":{"@id":"https:\/\/stereovisiondedios.com\/?p=7110"},"wordCount":665,"publisher":{"@id":"https:\/\/stereovisiondedios.com\/#organization"},"articleSection":["NexoPost"],"inLanguage":"es"},{"@type":"WebPage","@id":"https:\/\/stereovisiondedios.com\/?p=7110","url":"https:\/\/stereovisiondedios.com\/?p=7110","name":"Turqu\u00eda considera a los cristianos una \u2018amenaza a la seguridad nacional\u2019 - Stereo Visi\u00f3n de Dios","isPartOf":{"@id":"https:\/\/stereovisiondedios.com\/#website"},"datePublished":"2025-10-15T13:20:00+00:00","breadcrumb":{"@id":"https:\/\/stereovisiondedios.com\/?p=7110#breadcrumb"},"inLanguage":"es","potentialAction":[{"@type":"ReadAction","target":["https:\/\/stereovisiondedios.com\/?p=7110"]}]},{"@type":"BreadcrumbList","@id":"https:\/\/stereovisiondedios.com\/?p=7110#breadcrumb","itemListElement":[{"@type":"ListItem","position":1,"name":"Home","item":"https:\/\/stereovisiondedios.com\/"},{"@type":"ListItem","position":2,"name":"Turqu\u00eda considera a los cristianos una \u2018amenaza a la seguridad nacional\u2019"}]},{"@type":"WebSite","@id":"https:\/\/stereovisiondedios.com\/#website","url":"https:\/\/stereovisiondedios.com\/","name":"Stereo Visi\u00f3n de Dios","description":"Conectate...","publisher":{"@id":"https:\/\/stereovisiondedios.com\/#organization"},"potentialAction":[{"@type":"SearchAction","target":{"@type":"EntryPoint","urlTemplate":"https:\/\/stereovisiondedios.com\/?s={search_term_string}"},"query-input":{"@type":"PropertyValueSpecification","valueRequired":true,"valueName":"search_term_string"}}],"inLanguage":"es"},{"@type":"Organization","@id":"https:\/\/stereovisiondedios.com\/#organization","name":"Radio Stereo Visi\u00f3n de Dios","url":"https:\/\/stereovisiondedios.com\/","logo":{"@type":"ImageObject","inLanguage":"es","@id":"https:\/\/stereovisiondedios.com\/#\/schema\/logo\/image\/","url":"https:\/\/stereovisiondedios.com\/wp-content\/uploads\/2024\/10\/www.fmhorizontesalta.com_.ar-5-1.png","contentUrl":"https:\/\/stereovisiondedios.com\/wp-content\/uploads\/2024\/10\/www.fmhorizontesalta.com_.ar-5-1.png","width":555,"height":114,"caption":"Radio Stereo Visi\u00f3n de Dios"},"image":{"@id":"https:\/\/stereovisiondedios.com\/#\/schema\/logo\/image\/"},"sameAs":["https:\/\/www.facebook.com\/visiondedios106.9fm","https:\/\/www.tiktok.com\/@vision_de_dios_106_9_fm","https:\/\/www.youtube.com\/@radiovisiondediosstereo106.9"]},{"@type":"Person","@id":"https:\/\/stereovisiondedios.com\/#\/schema\/person\/32b4d07d90fc8962809b81993562e343","name":"NexoRadio","image":{"@type":"ImageObject","inLanguage":"es","@id":"https:\/\/stereovisiondedios.com\/#\/schema\/person\/image\/","url":"https:\/\/secure.gravatar.com\/avatar\/5c8c3ec5af674c12295d543b84fe993caada4dedbc52804dace89aa6e7f89070?s=96&d=mm&r=g","contentUrl":"https:\/\/secure.gravatar.com\/avatar\/5c8c3ec5af674c12295d543b84fe993caada4dedbc52804dace89aa6e7f89070?s=96&d=mm&r=g","caption":"NexoRadio"},"url":"https:\/\/stereovisiondedios.com\/?author=2"}]}},"_links":{"self":[{"href":"https:\/\/stereovisiondedios.com\/index.php?rest_route=\/wp\/v2\/posts\/7110","targetHints":{"allow":["GET"]}}],"collection":[{"href":"https:\/\/stereovisiondedios.com\/index.php?rest_route=\/wp\/v2\/posts"}],"about":[{"href":"https:\/\/stereovisiondedios.com\/index.php?rest_route=\/wp\/v2\/types\/post"}],"author":[{"embeddable":true,"href":"https:\/\/stereovisiondedios.com\/index.php?rest_route=\/wp\/v2\/users\/2"}],"replies":[{"embeddable":true,"href":"https:\/\/stereovisiondedios.com\/index.php?rest_route=%2Fwp%2Fv2%2Fcomments&post=7110"}],"version-history":[{"count":0,"href":"https:\/\/stereovisiondedios.com\/index.php?rest_route=\/wp\/v2\/posts\/7110\/revisions"}],"wp:attachment":[{"href":"https:\/\/stereovisiondedios.com\/index.php?rest_route=%2Fwp%2Fv2%2Fmedia&parent=7110"}],"wp:term":[{"taxonomy":"category","embeddable":true,"href":"https:\/\/stereovisiondedios.com\/index.php?rest_route=%2Fwp%2Fv2%2Fcategories&post=7110"},{"taxonomy":"post_tag","embeddable":true,"href":"https:\/\/stereovisiondedios.com\/index.php?rest_route=%2Fwp%2Fv2%2Ftags&post=7110"}],"curies":[{"name":"wp","href":"https:\/\/api.w.org\/{rel}","templated":true}]}}