{"id":7112,"date":"2025-10-16T09:25:24","date_gmt":"2025-10-16T15:25:24","guid":{"rendered":"https:\/\/stereovisiondedios.com\/?p=7112"},"modified":"2025-10-16T09:25:24","modified_gmt":"2025-10-16T15:25:24","slug":"nuevo-censo-en-brasil-confirma-que-sigue-el-ascenso-evangelico-pero-a-menor-ritmo","status":"publish","type":"post","link":"https:\/\/stereovisiondedios.com\/?p=7112","title":{"rendered":"Nuevo censo en Brasil confirma que sigue el ascenso evang\u00e9lico pero a menor ritmo"},"content":{"rendered":"<p><br \/>\n<\/p>\n<div>\n<p>Los <strong>resultados del Censo 2022 <\/strong>en Brasil han sido analizados recientemente en el aspecto\u00a0religioso para tener un panorama preciso en cuanto a la fe que profesan en este pa\u00eds y su<strong> impacto en la pol\u00edtica y en lo social<\/strong>.<\/p>\n<p>Hasta la fecha, la mayor\u00eda de la poblaci\u00f3n contin\u00faa identific\u00e1ndose como cat\u00f3lica, sin embargo, la tendencia es a descender. Por otra parte, los evang\u00e9licos siguen creciendo, pero a un ritmo m\u00e1s lento de lo que algunos analistas proyectaban.<\/p>\n<p>\u00a0<\/p>\n<p><strong>Seg\u00fan los resultados, el catolicismo perdi\u00f3 varios puntos porcentuales y ahora representa poco m\u00e1s de la mitad de la poblaci\u00f3n. Los movimientos espiritistas tambi\u00e9n disminuyeron ligeramente, y los evang\u00e9licos, al igual que los seguidores de religiones afrobrasile\u00f1as, aumentaron.<\/strong><\/p>\n<p>El medio dominicano <em>Hoy <\/em>explica que dichas estad\u00edsticas refutan la tesis del dem\u00f3grafo Jos\u00e9 Eust\u00e1quio Diniz Alves, de la Universidad Federal de Minas Gerais, quien proyect\u00f3 que los evang\u00e9licos ser\u00edan mayor\u00eda para la d\u00e9cada de 2030.<\/p>\n<p>Para Alves, el descenso constante de los cat\u00f3licos y el r\u00e1pido crecimiento de los evang\u00e9licos har\u00edan inevitable este escenario. Sin embargo, algunos analistas concluyeron que el\u00a0panorama es m\u00e1s complejo.<\/p>\n<p>Uno de los\u00a0argumentos aportados viene del soci\u00f3logo Paul Freston, de la Universidad Federal de S\u00e3o Carlos, quien habla sobre <strong>la improbabilidad que los cat\u00f3licos desciendan por debajo del 40% de la poblaci\u00f3n, y los evang\u00e9licos superen el 35%.<\/strong><\/p>\n<p>\u201cLa idea de una transici\u00f3n lineal hacia una mayor\u00eda evang\u00e9lica ignora la naturaleza reflexiva y activa de las din\u00e1micas socio-religiosas: <strong>los actores no son meros receptores de tendencias, sino que reaccionan y adaptan sus pr\u00e1cticas, alterando el curso de las proyecciones<\/strong>\u201d, se publica en el mencionado medio digital como parte del an\u00e1lisis aportado.<\/p>\n<div style=\"font-size:16px;color:#83979d;\" class=\"text-right photo-info-content\"><span class=\"photo-info\"><strong><span>&gt;&gt;&gt;&gt;&gt;\u00a0<\/span><\/strong><em>Sigue el <a href=\"https:\/\/whatsapp.com\/channel\/0029VbBbpCrGpLHHil73qg0r\" target=\"_blank\"><strong>Canal de Evang\u00e9lico Digital en WhatsApp<\/strong><\/a>, actualizado al minuto con los art\u00edculos y noticias publicados<\/em><\/span> <\/div>\n<p>Sobre la incidencia de estos resultados en la sociedad brasile\u00f1a, <strong>el segmento evang\u00e9lico, incluso sin alcanzar la mayor\u00eda, es considerado como uno de los que ha marcado recientemente la pauta en la influencia pol\u00edtica.<\/strong><\/p>\n<p>El Frente Parlamentario Evang\u00e9lico (FPE), tambi\u00e9n conocido como el \u201cCaucus B\u00edblico\u201d, es considerado por\u00a0la soci\u00f3loga Christina Vital \u2014en art\u00edculos publicados en O Globo\u2014 como uno de los grupos m\u00e1s cohesionados e influyentes del Congreso Nacional.<\/p>\n<p><strong>Su agenda ha marcado debates clave sobre educaci\u00f3n, familia, y pol\u00edticas p\u00fablicas en los \u00faltimos a\u00f1os.<\/strong> Magali Cunha, en un an\u00e1lisis publicado en Carta Capital, coincide en que este grupo parlamentario puede influir m\u00e1s all\u00e1 de la proporci\u00f3n demogr\u00e1fica de evang\u00e9licos, gracias a su capacidad organizativa y presencia territorial.<\/p>\n<p>El Censo tambi\u00e9n proporciona datos reveladores sobre la composici\u00f3n interna de las comunidades religiosas. Las afrobrasile\u00f1as, hist\u00f3ricamente vinculadas a la poblaci\u00f3n negra, han atra\u00eddo a un n\u00famero creciente de creyentes blancos en la \u00faltima d\u00e9cada, pr\u00e1cticamente triplic\u00e1ndose entre 2010 y 2022.<\/p>\n<p>Por otra parte, se ha observado un aumento de la poblaci\u00f3n negra en las iglesias evang\u00e9licas, lo que indica una mayor movilidad y permeabilidad entre las diferentes tradiciones religiosas. \u201cEstas intersecciones mitigan la idea de bloques r\u00edgidos y homog\u00e9neos, mostrando en cambio un campo religioso din\u00e1mico y en constante cambio\u201d rese\u00f1\u00f3 <em>Hoy<\/em>.<\/p>\n<p>\u00a0<\/p>\n<p><strong>El perfil educativo de los evang\u00e9licos tambi\u00e9n ilustra su alcance social. <\/strong>Si bien se ha observado un aumento en los niveles de educaci\u00f3n secundaria y superior incompleta, los evang\u00e9licos siguen teniendo una presencia destacada entre los sectores con bajos niveles de educaci\u00f3n, conect\u00e1ndolos con las poblaciones m\u00e1s vulnerables<\/p>\n<p>Solo en 2019, se abrieron m\u00e1s de 6.300 nuevas iglesias evang\u00e9licas, lo que equivale aproximadamente a 17 iglesias al d\u00eda. Esta expansi\u00f3n territorial permite a muchas congregaciones ofrecer no solo servicios religiosos, sino tambi\u00e9n asistencia social: distribuci\u00f3n de canastas de alimentos, tutor\u00edas, asesor\u00eda legal y apoyo profesional.<\/p>\n<p><strong>\u201cEl lenguaje sencillo y directo de los pastores tambi\u00e9n facilita la comunicaci\u00f3n con comunidades con bajo nivel educativo, reforzando el sentido de pertenencia y apoyo\u201d redactaron.<\/strong><\/p>\n<p>Sin embargo, criticaron que algunas iglesias prometen prosperidad y crecimiento personal para sustituir la falta de pol\u00edticas p\u00fablicas<\/p>\n<p>\u00a0<\/p>\n<p>Los \u00abno religiosos\u00bb fueron nombrados como una categor\u00eda a tomar en cuenta debido a su crecimiento constante, aunque menos impactante que el de los evang\u00e9licos en d\u00e9cadas pasadas<\/p>\n<p>El art\u00edculo cita a la economista Deborah Bizarria, en una columna publicada en Folha de S. Paulo, donde se explica como <strong>los \u201cno religiosos\u201d no solo cuestiona la tesis de una \u201cexplosi\u00f3n evang\u00e9lica\u201d, sino que tambi\u00e9n introduce nuevas variables en el an\u00e1lisis econ\u00f3mico y social, obligando a repensar la relaci\u00f3n entre religi\u00f3n, econom\u00eda y pol\u00edtica en el Brasil contempor\u00e1neo.<\/strong><\/p>\n<p>Concluyen que el panorama que emerge del Censo es, por lo tanto, el de un Brasil menos homog\u00e9neo y m\u00e1s pluralista en t\u00e9rminos religiosos. \u00abYa no es posible hablar de un \u00fanico proceso de sustituci\u00f3n religiosa, sino de una progresiva diversificaci\u00f3n del panorama religioso brasile\u00f1o\u00bb finalizaron.<\/p>\n<\/p><\/div>\n<p>\n          Publicado en: <span class=\"text-turquoise\"> <a href=\"https:\/\/www.evangelicodigital.com\">EVANG\u00c9LICO DIGITAL<\/a> &#8211; <a href=\"https:\/\/www.evangelicodigital.com\/latinoamerica\">LATINOAM\u00c9RICA<\/a><\/span><br \/>\n          &#8211; Nuevo censo en Brasil confirma que sigue el ascenso evang\u00e9lico pero a menor ritmo\n        <\/p>\n<p><br \/>\n<br \/><a href=\"https:\/\/www.evangelicodigital.com\/latinoamerica\/38551\/nuevo-censo-en-brasil-confirma-el-ascenso-evangelico-pero-a-menor-ritmo\">Source link <\/a><\/p>\n","protected":false},"excerpt":{"rendered":"<p>Los resultados del Censo 2022 en Brasil han sido analizados recientemente en el aspecto\u00a0religioso para tener un panorama preciso en cuanto a la fe que profesan en este pa\u00eds y su impacto en la pol\u00edtica y en lo social. Hasta la fecha, la mayor\u00eda de la poblaci\u00f3n contin\u00faa identific\u00e1ndose como cat\u00f3lica, sin embargo, la tendencia [&hellip;]<\/p>\n","protected":false},"author":2,"featured_media":0,"comment_status":"","ping_status":"open","sticky":false,"template":"","format":"standard","meta":{"fifu_image_url":"","fifu_image_alt":"","footnotes":""},"categories":[1],"tags":[],"class_list":["post-7112","post","type-post","status-publish","format-standard","hentry","category-nexopost"],"yoast_head":"<!-- This site is optimized with the Yoast SEO Premium plugin v25.7.1 (Yoast SEO v26.5) - https:\/\/yoast.com\/wordpress\/plugins\/seo\/ -->\n<title>Nuevo censo en Brasil confirma que sigue el ascenso evang\u00e9lico pero a menor ritmo - Stereo Visi\u00f3n de Dios<\/title>\n<meta name=\"robots\" content=\"index, follow, max-snippet:-1, max-image-preview:large, max-video-preview:-1\" \/>\n<link rel=\"canonical\" href=\"https:\/\/stereovisiondedios.com\/?p=7112\" \/>\n<meta property=\"og:locale\" content=\"es_ES\" \/>\n<meta property=\"og:type\" content=\"article\" \/>\n<meta property=\"og:title\" content=\"Nuevo censo en Brasil confirma que sigue el ascenso evang\u00e9lico pero a menor ritmo\" \/>\n<meta property=\"og:description\" content=\"Los resultados del Censo 2022 en Brasil han sido analizados recientemente en el aspecto\u00a0religioso para tener un panorama preciso en cuanto a la fe que profesan en este pa\u00eds y su impacto en la pol\u00edtica y en lo social. Hasta la fecha, la mayor\u00eda de la poblaci\u00f3n contin\u00faa identific\u00e1ndose como cat\u00f3lica, sin embargo, la tendencia [&hellip;]\" \/>\n<meta property=\"og:url\" content=\"https:\/\/stereovisiondedios.com\/?p=7112\" \/>\n<meta property=\"og:site_name\" content=\"Stereo Visi\u00f3n de Dios\" \/>\n<meta property=\"article:publisher\" content=\"https:\/\/www.facebook.com\/visiondedios106.9fm\" \/>\n<meta property=\"article:published_time\" content=\"2025-10-16T15:25:24+00:00\" \/>\n<meta name=\"author\" content=\"NexoRadio\" \/>\n<meta name=\"twitter:card\" content=\"summary_large_image\" \/>\n<meta name=\"twitter:label1\" content=\"Escrito por\" \/>\n\t<meta name=\"twitter:data1\" content=\"NexoRadio\" \/>\n\t<meta name=\"twitter:label2\" content=\"Tiempo de lectura\" \/>\n\t<meta name=\"twitter:data2\" content=\"5 minutos\" \/>\n<script type=\"application\/ld+json\" class=\"yoast-schema-graph\">{\"@context\":\"https:\/\/schema.org\",\"@graph\":[{\"@type\":\"Article\",\"@id\":\"https:\/\/stereovisiondedios.com\/?p=7112#article\",\"isPartOf\":{\"@id\":\"https:\/\/stereovisiondedios.com\/?p=7112\"},\"author\":{\"name\":\"NexoRadio\",\"@id\":\"https:\/\/stereovisiondedios.com\/#\/schema\/person\/32b4d07d90fc8962809b81993562e343\"},\"headline\":\"Nuevo censo en Brasil confirma que sigue el ascenso evang\u00e9lico pero a menor ritmo\",\"datePublished\":\"2025-10-16T15:25:24+00:00\",\"mainEntityOfPage\":{\"@id\":\"https:\/\/stereovisiondedios.com\/?p=7112\"},\"wordCount\":927,\"publisher\":{\"@id\":\"https:\/\/stereovisiondedios.com\/#organization\"},\"articleSection\":[\"NexoPost\"],\"inLanguage\":\"es\"},{\"@type\":\"WebPage\",\"@id\":\"https:\/\/stereovisiondedios.com\/?p=7112\",\"url\":\"https:\/\/stereovisiondedios.com\/?p=7112\",\"name\":\"Nuevo censo en Brasil confirma que sigue el ascenso evang\u00e9lico pero a menor ritmo - Stereo Visi\u00f3n de Dios\",\"isPartOf\":{\"@id\":\"https:\/\/stereovisiondedios.com\/#website\"},\"datePublished\":\"2025-10-16T15:25:24+00:00\",\"breadcrumb\":{\"@id\":\"https:\/\/stereovisiondedios.com\/?p=7112#breadcrumb\"},\"inLanguage\":\"es\",\"potentialAction\":[{\"@type\":\"ReadAction\",\"target\":[\"https:\/\/stereovisiondedios.com\/?p=7112\"]}]},{\"@type\":\"BreadcrumbList\",\"@id\":\"https:\/\/stereovisiondedios.com\/?p=7112#breadcrumb\",\"itemListElement\":[{\"@type\":\"ListItem\",\"position\":1,\"name\":\"Home\",\"item\":\"https:\/\/stereovisiondedios.com\/\"},{\"@type\":\"ListItem\",\"position\":2,\"name\":\"Nuevo censo en Brasil confirma que sigue el ascenso evang\u00e9lico pero a menor ritmo\"}]},{\"@type\":\"WebSite\",\"@id\":\"https:\/\/stereovisiondedios.com\/#website\",\"url\":\"https:\/\/stereovisiondedios.com\/\",\"name\":\"Stereo Visi\u00f3n de Dios\",\"description\":\"Conectate...\",\"publisher\":{\"@id\":\"https:\/\/stereovisiondedios.com\/#organization\"},\"potentialAction\":[{\"@type\":\"SearchAction\",\"target\":{\"@type\":\"EntryPoint\",\"urlTemplate\":\"https:\/\/stereovisiondedios.com\/?s={search_term_string}\"},\"query-input\":{\"@type\":\"PropertyValueSpecification\",\"valueRequired\":true,\"valueName\":\"search_term_string\"}}],\"inLanguage\":\"es\"},{\"@type\":\"Organization\",\"@id\":\"https:\/\/stereovisiondedios.com\/#organization\",\"name\":\"Radio Stereo Visi\u00f3n de Dios\",\"url\":\"https:\/\/stereovisiondedios.com\/\",\"logo\":{\"@type\":\"ImageObject\",\"inLanguage\":\"es\",\"@id\":\"https:\/\/stereovisiondedios.com\/#\/schema\/logo\/image\/\",\"url\":\"https:\/\/stereovisiondedios.com\/wp-content\/uploads\/2024\/10\/www.fmhorizontesalta.com_.ar-5-1.png\",\"contentUrl\":\"https:\/\/stereovisiondedios.com\/wp-content\/uploads\/2024\/10\/www.fmhorizontesalta.com_.ar-5-1.png\",\"width\":555,\"height\":114,\"caption\":\"Radio Stereo Visi\u00f3n de Dios\"},\"image\":{\"@id\":\"https:\/\/stereovisiondedios.com\/#\/schema\/logo\/image\/\"},\"sameAs\":[\"https:\/\/www.facebook.com\/visiondedios106.9fm\",\"https:\/\/www.tiktok.com\/@vision_de_dios_106_9_fm\",\"https:\/\/www.youtube.com\/@radiovisiondediosstereo106.9\"]},{\"@type\":\"Person\",\"@id\":\"https:\/\/stereovisiondedios.com\/#\/schema\/person\/32b4d07d90fc8962809b81993562e343\",\"name\":\"NexoRadio\",\"image\":{\"@type\":\"ImageObject\",\"inLanguage\":\"es\",\"@id\":\"https:\/\/stereovisiondedios.com\/#\/schema\/person\/image\/\",\"url\":\"https:\/\/secure.gravatar.com\/avatar\/5c8c3ec5af674c12295d543b84fe993caada4dedbc52804dace89aa6e7f89070?s=96&d=mm&r=g\",\"contentUrl\":\"https:\/\/secure.gravatar.com\/avatar\/5c8c3ec5af674c12295d543b84fe993caada4dedbc52804dace89aa6e7f89070?s=96&d=mm&r=g\",\"caption\":\"NexoRadio\"},\"url\":\"https:\/\/stereovisiondedios.com\/?author=2\"}]}<\/script>\n<!-- \/ Yoast SEO Premium plugin. -->","yoast_head_json":{"title":"Nuevo censo en Brasil confirma que sigue el ascenso evang\u00e9lico pero a menor ritmo - Stereo Visi\u00f3n de Dios","robots":{"index":"index","follow":"follow","max-snippet":"max-snippet:-1","max-image-preview":"max-image-preview:large","max-video-preview":"max-video-preview:-1"},"canonical":"https:\/\/stereovisiondedios.com\/?p=7112","og_locale":"es_ES","og_type":"article","og_title":"Nuevo censo en Brasil confirma que sigue el ascenso evang\u00e9lico pero a menor ritmo","og_description":"Los resultados del Censo 2022 en Brasil han sido analizados recientemente en el aspecto\u00a0religioso para tener un panorama preciso en cuanto a la fe que profesan en este pa\u00eds y su impacto en la pol\u00edtica y en lo social. Hasta la fecha, la mayor\u00eda de la poblaci\u00f3n contin\u00faa identific\u00e1ndose como cat\u00f3lica, sin embargo, la tendencia [&hellip;]","og_url":"https:\/\/stereovisiondedios.com\/?p=7112","og_site_name":"Stereo Visi\u00f3n de Dios","article_publisher":"https:\/\/www.facebook.com\/visiondedios106.9fm","article_published_time":"2025-10-16T15:25:24+00:00","author":"NexoRadio","twitter_card":"summary_large_image","twitter_misc":{"Escrito por":"NexoRadio","Tiempo de lectura":"5 minutos"},"schema":{"@context":"https:\/\/schema.org","@graph":[{"@type":"Article","@id":"https:\/\/stereovisiondedios.com\/?p=7112#article","isPartOf":{"@id":"https:\/\/stereovisiondedios.com\/?p=7112"},"author":{"name":"NexoRadio","@id":"https:\/\/stereovisiondedios.com\/#\/schema\/person\/32b4d07d90fc8962809b81993562e343"},"headline":"Nuevo censo en Brasil confirma que sigue el ascenso evang\u00e9lico pero a menor ritmo","datePublished":"2025-10-16T15:25:24+00:00","mainEntityOfPage":{"@id":"https:\/\/stereovisiondedios.com\/?p=7112"},"wordCount":927,"publisher":{"@id":"https:\/\/stereovisiondedios.com\/#organization"},"articleSection":["NexoPost"],"inLanguage":"es"},{"@type":"WebPage","@id":"https:\/\/stereovisiondedios.com\/?p=7112","url":"https:\/\/stereovisiondedios.com\/?p=7112","name":"Nuevo censo en Brasil confirma que sigue el ascenso evang\u00e9lico pero a menor ritmo - Stereo Visi\u00f3n de Dios","isPartOf":{"@id":"https:\/\/stereovisiondedios.com\/#website"},"datePublished":"2025-10-16T15:25:24+00:00","breadcrumb":{"@id":"https:\/\/stereovisiondedios.com\/?p=7112#breadcrumb"},"inLanguage":"es","potentialAction":[{"@type":"ReadAction","target":["https:\/\/stereovisiondedios.com\/?p=7112"]}]},{"@type":"BreadcrumbList","@id":"https:\/\/stereovisiondedios.com\/?p=7112#breadcrumb","itemListElement":[{"@type":"ListItem","position":1,"name":"Home","item":"https:\/\/stereovisiondedios.com\/"},{"@type":"ListItem","position":2,"name":"Nuevo censo en Brasil confirma que sigue el ascenso evang\u00e9lico pero a menor ritmo"}]},{"@type":"WebSite","@id":"https:\/\/stereovisiondedios.com\/#website","url":"https:\/\/stereovisiondedios.com\/","name":"Stereo Visi\u00f3n de Dios","description":"Conectate...","publisher":{"@id":"https:\/\/stereovisiondedios.com\/#organization"},"potentialAction":[{"@type":"SearchAction","target":{"@type":"EntryPoint","urlTemplate":"https:\/\/stereovisiondedios.com\/?s={search_term_string}"},"query-input":{"@type":"PropertyValueSpecification","valueRequired":true,"valueName":"search_term_string"}}],"inLanguage":"es"},{"@type":"Organization","@id":"https:\/\/stereovisiondedios.com\/#organization","name":"Radio Stereo Visi\u00f3n de Dios","url":"https:\/\/stereovisiondedios.com\/","logo":{"@type":"ImageObject","inLanguage":"es","@id":"https:\/\/stereovisiondedios.com\/#\/schema\/logo\/image\/","url":"https:\/\/stereovisiondedios.com\/wp-content\/uploads\/2024\/10\/www.fmhorizontesalta.com_.ar-5-1.png","contentUrl":"https:\/\/stereovisiondedios.com\/wp-content\/uploads\/2024\/10\/www.fmhorizontesalta.com_.ar-5-1.png","width":555,"height":114,"caption":"Radio Stereo Visi\u00f3n de Dios"},"image":{"@id":"https:\/\/stereovisiondedios.com\/#\/schema\/logo\/image\/"},"sameAs":["https:\/\/www.facebook.com\/visiondedios106.9fm","https:\/\/www.tiktok.com\/@vision_de_dios_106_9_fm","https:\/\/www.youtube.com\/@radiovisiondediosstereo106.9"]},{"@type":"Person","@id":"https:\/\/stereovisiondedios.com\/#\/schema\/person\/32b4d07d90fc8962809b81993562e343","name":"NexoRadio","image":{"@type":"ImageObject","inLanguage":"es","@id":"https:\/\/stereovisiondedios.com\/#\/schema\/person\/image\/","url":"https:\/\/secure.gravatar.com\/avatar\/5c8c3ec5af674c12295d543b84fe993caada4dedbc52804dace89aa6e7f89070?s=96&d=mm&r=g","contentUrl":"https:\/\/secure.gravatar.com\/avatar\/5c8c3ec5af674c12295d543b84fe993caada4dedbc52804dace89aa6e7f89070?s=96&d=mm&r=g","caption":"NexoRadio"},"url":"https:\/\/stereovisiondedios.com\/?author=2"}]}},"_links":{"self":[{"href":"https:\/\/stereovisiondedios.com\/index.php?rest_route=\/wp\/v2\/posts\/7112","targetHints":{"allow":["GET"]}}],"collection":[{"href":"https:\/\/stereovisiondedios.com\/index.php?rest_route=\/wp\/v2\/posts"}],"about":[{"href":"https:\/\/stereovisiondedios.com\/index.php?rest_route=\/wp\/v2\/types\/post"}],"author":[{"embeddable":true,"href":"https:\/\/stereovisiondedios.com\/index.php?rest_route=\/wp\/v2\/users\/2"}],"replies":[{"embeddable":true,"href":"https:\/\/stereovisiondedios.com\/index.php?rest_route=%2Fwp%2Fv2%2Fcomments&post=7112"}],"version-history":[{"count":0,"href":"https:\/\/stereovisiondedios.com\/index.php?rest_route=\/wp\/v2\/posts\/7112\/revisions"}],"wp:attachment":[{"href":"https:\/\/stereovisiondedios.com\/index.php?rest_route=%2Fwp%2Fv2%2Fmedia&parent=7112"}],"wp:term":[{"taxonomy":"category","embeddable":true,"href":"https:\/\/stereovisiondedios.com\/index.php?rest_route=%2Fwp%2Fv2%2Fcategories&post=7112"},{"taxonomy":"post_tag","embeddable":true,"href":"https:\/\/stereovisiondedios.com\/index.php?rest_route=%2Fwp%2Fv2%2Ftags&post=7112"}],"curies":[{"name":"wp","href":"https:\/\/api.w.org\/{rel}","templated":true}]}}