{"id":7115,"date":"2025-10-18T00:33:51","date_gmt":"2025-10-18T06:33:51","guid":{"rendered":"https:\/\/stereovisiondedios.com\/?p=7115"},"modified":"2025-10-18T00:33:51","modified_gmt":"2025-10-18T06:33:51","slug":"argentina-tres-evangelicos-fueron-ponentes-con-milei-en-la-derecha-fest","status":"publish","type":"post","link":"https:\/\/stereovisiondedios.com\/?p=7115","title":{"rendered":"Argentina | Tres evang\u00e9licos fueron ponentes con Milei en La Derecha Fest"},"content":{"rendered":"<p><br \/>\n<\/p>\n<div>\n<p><strong>Este martes, C\u00f3rdoba fue sede de La Derecha Fest<\/strong> en el Hotel Quorum. La jornada cont\u00f3 con la presencia del presidente argentino, junto con figuras cercanas al oficialismo como su hermana Karina Milei y el asesor Santiago Caputo. <strong>Un evento organizado por el entorno m\u00e1s ideol\u00f3gico de Milei para profundizar la agenda cultural libertaria.<\/strong><\/p>\n<p>Congreg\u00f3 a unas 2.500 personas entre militantes, intelectuales, influencers y exponentes del espacio libertario, bajo un esquema de paneles tem\u00e1ticos enfocados en la llamada batalla cultural. El objetivo: consolidar discursos y movilizar activistas. A lo largo del encuentro se desarrollaron los diferentes paneles sobre espiritualidad, medios de comunicaci\u00f3n, redes sociales, historia argentina, valores, comunicaci\u00f3n y poder; y por supuesto muchas cr\u00edticas a la izquierda, con el foco puesto en generar identidad pol\u00edtica y cohesi\u00f3n ideol\u00f3gica.<\/p>\n<p>Como puso de manifiesto <a href=\"https:\/\/www.evangelicodigital.com\/latinoamerica\/37085\/milei-inaugura-templo-portal-del-cielo-en-chaco\" target=\"_blank\">la participaci\u00f3n de Milei en la inauguraci\u00f3n del \u201cPortal del Cielo\u201d<\/a>, el nuevo templo en Chaco de la Iglesia Cristiana Internacional, <strong>no existe ni mucho menos unanimidad en la comunidad evang\u00e9lica en cuanto a su figura y proyecto<\/strong>, que recibi\u00f3 fuertes cr\u00edticas de referentes evang\u00e9licos (como Norberto Saraco, <a href=\"https:\/\/www.evangelicodigital.com\/actualidad\/37092\/una-respuesta-al-discurso-de-milei\" target=\"_blank\">Walter Ghione<\/a> y <a href=\"https:\/\/www.evangelicodigital.com\/kairos-y-cronos\/37199\/el-evangelio-segun-milei\" target=\"_blank\">Carlos Mart\u00ednez Garc\u00eda<\/a> entre otros).<\/p>\n<p>Pero <strong>de la misma forma hay un amplio sector evang\u00e9lico que se identifica con Milei (en mayor o menor grado)<\/strong>, incluyendo destacadas figuras que ocupan cargos pol\u00edticos con La Libertad Avanza, como son Nadia M\u00e1rquez y Evelin Barroso.<\/p>\n<p>\u00a0<\/p>\n<p><strong>Gabriel Ballerini, Evelin Barroso y Rigoberto Hidalgo encabezaron un bloque espiritual centrado en valores evang\u00e9licos y defensa de la vida<\/strong>, el primero del evento.<\/p>\n<p>Uno de los que disertaron por el sector evang\u00e9lico fue\u00a0<strong>Rigoberto Hidalgo<\/strong>, de Costa Rica. Es fil\u00f3sofo y director de Reasonable Faith (Fe razonable), uno de los ministerios m\u00e1s influyentes en la defensa de la fe cristiana y l\u00edder del movimiento juvenil Defensa Urbana, que ha impactado a m\u00e1s de 300.000 j\u00f3venes en el pensamiento cr\u00edtico sobre la existencia de Dios. Ha debatido en escenarios importantes, incluido el c\u00e9lebre \u201cDebate del Siglo\u201d.<\/p>\n<p>En su participaci\u00f3n dijo que \u00abHay un principio que es el del tercio excluido o el de las cosas son o no son\u00bb, y agreg\u00f3: \u00abNo puede haber un medio ser. Solamente hay dos sexos y 50 formas de hacer el rid\u00edculo. O eres hombre o eres mujer\u00bb.<\/p>\n<p>Tambi\u00e9n habl\u00f3 la polit\u00f3loga <strong>Evelin Barroso<\/strong>, una referente de \u201cCita con la vida\u201d, una de las iglesias evang\u00e9licas m\u00e1s grandes de la provincia de C\u00f3rdoba. Es adem\u00e1s secretaria ejecutiva del Congreso Iberoamericano por la Vida y la Familia, y parte del equipo de La Libertad Avanza C\u00f3rdoba y <strong>fue la \u00fanica mujer disertante en la Derecha Fest<\/strong>. Ella dijo que \u00ab<strong>la familia ha sido vulnerada y es nuestra primera y \u00faltima trinchera<\/strong>. Luego, <strong>a\u00f1adi\u00f3 que era fundamental la \u00abdefensa de la mujer\u00bb,<\/strong> y expres\u00f3: \u00abNuestro cuerpo no est\u00e1 fallado, mujeres. No vamos a permitir que nos borren, que nos redise\u00f1en, que nos quiten la belleza, lo femenino y tampoco que le digan a nuestras madres y abuelas que fueron inferiores intelectualmente porque formaron familias, civilizaciones y patria\u00bb. Por \u00faltimo, a\u00f1adi\u00f3 que \u00abnosotras nacimos para cuidar, para ser leonas, como el jefe, como Karina (Milei), que da lo mejor de ella para construir en esta Argentina algo nuevo\u00bb, puntualiz\u00f3.<\/p>\n<p>En una entrevista previa expres\u00f3 que \u201cMe siento identificada con los valores que promulga nuestro presidente Javier Milei. Valores como la defensa de la libertad, de la propiedad, la importancia de trabajar y no depender del Estado, la meritocracia\u201d. Adem\u00e1s se refiri\u00f3 a la posibilidad de una agenda evang\u00e9lica com\u00fan dentro del espacio pol\u00edtico: \u201cUna de las cosas que tiene que primar en todo esto es la vida, la libertad, defender el matrimonio, son cosas que nos a\u00fanan. No hay un direccionamiento de los evang\u00e9licos como sector, pero s\u00ed valores que compartimos\u201d.<\/p>\n<p>Ese panel lo complet\u00f3 <strong>Gabriel Ballerini.<\/strong> Fue pastor de la Iglesia Evang\u00e9lica Bautista Vida y Esperanza, provida y profamilia. Tiene un master en \u00c9tica Biom\u00e9dica, y es adem\u00e1s licenciado en teolog\u00eda y profesor en el Seminario Internacional Teol\u00f3gico Bautista. Actualmente es presidente del Partido NOS en la Ciudad Aut\u00f3noma de Buenos Aires.<\/p>\n<p>\u00abEl diablo es nuestro adversario y la izquierda nuestro enemigo\u00bb, se\u00f1al\u00f3. Y subray\u00f3 que \u00abera obvio\u00bb, que el evento de La Derecha Fest arranque con \u00abla batalla espiritual\u00bb, porque \u00abSiempre la derecha fue cristiana\u00bb. \u00abLa izquierda -a\u00f1adi\u00f3-\u00a0cuando nace, nace atea. La izquierda es anticristo. Es un sistema de valores contrario a los buenos cristianos\u00bb.<\/p>\n<p>A sus espaldas aparecieron las im\u00e1genes de una marcha proabortista y el pastor exclam\u00f3: \u00abHay buenas militancias, buenas causas para militar y hay malas milicias y militancias como esta\u00bb, ante el j\u00fabilo de los presentes.<\/p>\n<p><iframe title=\"DERECHA FEST | C\u00d3RDOBA 2025 | COMPLETO | CON JAVIER MILEI\" width=\"1140\" height=\"641\" src=\"https:\/\/www.youtube.com\/embed\/Oe2_aeQSIl4?feature=oembed\" frameborder=\"0\" allow=\"accelerometer; autoplay; clipboard-write; encrypted-media; gyroscope; picture-in-picture; web-share\" referrerpolicy=\"strict-origin-when-cross-origin\" allowfullscreen><\/iframe><\/p>\n<div style=\"font-size:16px;color:#83979d;\" class=\"text-right photo-info-content\"><span class=\"photo-info\"><em>En el inicio del video est\u00e1n\u00a0las intervenciones de los tres ponentes evang\u00e9licos.<\/em><\/span> <\/div>\n<p>\u00a0<\/p>\n<p><strong>Javier Milei subi\u00f3 al escenario para cerrar La Derecha Fest y despert\u00f3 el furor de toda la multitud libertaria presente en C\u00f3rdoba.<\/strong> Su discurso fue tajante y tom\u00f3 de punto a la vicepresidenta, Victoria Villarruel. El v\u00ednculo entre Milei y Villarruel ya ven\u00eda un poco golpeado en este \u00faltimo tiempo. Sin embargo,\u00a0<strong>el punto final de esta relaci\u00f3n estuvo en la sesi\u00f3n utilizada por la oposici\u00f3n para aprobar tres proyectos inaceptables por el Gobierno: el aumento de las jubilaciones, la ley de emergencia por discapacidad y el regreso de las moratorias previsionales<\/strong>. Todo esto qued\u00f3 aprobado bajo la supervisi\u00f3n de la vicepresidente.<\/p>\n<p>El presidente de la naci\u00f3n asegur\u00f3 que el aumento de las jubilaciones, el regreso de las moratorias y la emergencia por discapacidad representar\u00edan una p\u00e9rdida millonaria para el Estado,<strong> unos 2.5 puntos del PBI en costo fiscal<\/strong>. Por ese motivo, vetr\u00e1n estos proyectos para evitar un derrumbe de la estabilidad conseguida en la primera parte de su gesti\u00f3n. Siguiendo esa misma l\u00ednea en su discurso, remarc\u00f3 que el kirchnerismo es el movimiento pol\u00edtico que m\u00e1s endeud\u00f3 el pa\u00eds en la historia..<\/p>\n<p>Por otro lado, <strong>habl\u00f3 sobre la denominada \u201cbatalla cultural\u201d<\/strong> y enfatiz\u00f3 que \u201ces donde se disputan los conceptos que sirven de justificaci\u00f3n para la implementaci\u00f3n de pol\u00edticas p\u00fablicas y planes de gobierno\u201d. Y sum\u00f3: \u201cEs donde se disputa qui\u00e9n tiene raz\u00f3n y por qu\u00e9. La historia ha dado repetidas muestras de que quien se impone en la cultura termina prevaleciendo en la arena pol\u00edtica\u201d.<\/p>\n<p>\u00a0<\/p>\n<p>El festival cont\u00f3 adem\u00e1s con la participaci\u00f3n de varios conocidos exponentes locales e internacionales.<\/p>\n<p><strong>Agust\u00edn Laje<\/strong>: Intelectual cordob\u00e9s y figura clave de la nueva derecha argentina. Present\u00f3 su charla \u00abMalvados: anatom\u00eda moral de la izquierda\u00bb. Laje repas\u00f3 la historia de \u201cla envidia\u201d y del \u201cresentimiento, en pasajes b\u00edblicos y en estudios de pensadores como Nietzsche y Freud. \u201cA nosotros no han gobernado durante d\u00e9cadas los envidiosos\u201d, explic\u00f3. Y asever\u00f3: \u201cEl envidioso no quiere subir, no sube porque no toma como referencia al superior. Mira al que est\u00e1 arriba con desprecio y con odio, y quiere bajarlo a costa de perjudicarse a s\u00ed mismo. Miren a la izquierda hablar sobre la riqueza. La conciben como una torta fija, un pastel en donde hay que repartir las porciones por partes iguales. Entonces propone al envidioso la justicia social. Dame el poder, as\u00ed yo lo reparto de modo igualitario\u201d.<\/p>\n<p>\u201cSi decimos que las ideolog\u00edas de izquierda agudizan la envidia del ser humano, donde dan un m\u00f3vil pol\u00edtico e ideol\u00f3gico, la pregunta es \u00bfqu\u00e9 moviliza la derecha?, \u00bfcu\u00e1l es la pasi\u00f3n que moviliza? La derecha moviliza la pasi\u00f3n de la autosuperaci\u00f3n. La persona de derecha se compara consigo misma para superarse siempre\u201d, complet\u00f3.<\/p>\n<p><strong>Daniel \u00abGordo Dan\u00bb<\/strong>: Influencer libertario y conductor del programa \u00abLa Misa\u00bb. Disert\u00f3 sobre \u201cEl brazo armado\u201d, orientado a la movilizaci\u00f3n digital y la influencia de las redes en la difusi\u00f3n de mensajes libertarios.En un momento de su discurso sac\u00f3 su celular y lo mostr\u00f3 diciendo \u201cesta es el arma m\u00e1s poderosa en la historia de la humanidad. Ustedes, con su tel\u00e9fono, son los peque\u00f1os brazos armados en defensa de la causa de la libertad\u201d.<\/p>\n<p><strong>Nicol\u00e1s M\u00e1rquez<\/strong>: Escritor y bi\u00f3grafo de Milei bi\u00f3grafo del propio Milei, expuso sobre que \u201cNo estamos encarando una guerra normal. En frente tenemos enemigos que nos encerraron en una cuarentena, que veranean prostibularmente, enemigos que matan ni\u00f1os con el genocidio del aborto. No estamos en un pa\u00eds normal, no estamos en una democracia normal. Estamos frente a un enemigo con el que no podemos dialogar\u201d.<\/p>\n<p><strong>Javier Negre<\/strong> (director de La Derecha Diario)): Particip\u00f3 con el panel \u00abNo odiamos suficiente a los periodistas\u00bb, centrado en la relaci\u00f3n entre prensa y poder. \u201cLes digo que no odiamos lo suficiente a los periodistas, y yo soy uno de ellos. Esta es una de las profesiones m\u00e1s corrompidas\u201d. Junto a Negre estuvo el estratega de comunicaci\u00f3n digital estadounidense, <strong>Alex Bruesewitz<\/strong>.<\/p>\n<p><strong>Diego Recalde<\/strong>: Cineasta y cr\u00edtico del peronismo, habl\u00f3 sobre \u00abPeronismo: el k\u00e1iser de la Argentina\u00bb. Tuvo cr\u00edticas a la izquierda y sostuvo: \u201cEl verdadero revolucionario es el empresario. Su objetivo siempre es revolucionar al mercado. Es valiente porque se arriesga. Es solidario porque le tiende la mano a alguien para sacarlo de la pobreza\u201d. Y a\u00f1adi\u00f3: \u201cEl estado tiene el tama\u00f1o de un elefante y deber\u00eda tener el tama\u00f1o de un le\u00f3n. La izquierda es el palo en la rueda, que su combustible es el resentimiento y que no entienden que las cosas se consiguen con esfuerzo\u201d.<\/p>\n<\/p><\/div>\n<p><br \/>\n<br \/><a href=\"https:\/\/www.evangelicodigital.com\/latinoamerica\/37347\/argentina-tres-evangelicos-fueron-ponentes-con-milei-en-la-derecha-fest\">Source link <\/a><\/p>\n","protected":false},"excerpt":{"rendered":"<p>Este martes, C\u00f3rdoba fue sede de La Derecha Fest en el Hotel Quorum. La jornada cont\u00f3 con la presencia del presidente argentino, junto con figuras cercanas al oficialismo como su hermana Karina Milei y el asesor Santiago Caputo. Un evento organizado por el entorno m\u00e1s ideol\u00f3gico de Milei para profundizar la agenda cultural libertaria. Congreg\u00f3 [&hellip;]<\/p>\n","protected":false},"author":2,"featured_media":0,"comment_status":"","ping_status":"open","sticky":false,"template":"","format":"standard","meta":{"fifu_image_url":"","fifu_image_alt":"","footnotes":""},"categories":[1],"tags":[],"class_list":["post-7115","post","type-post","status-publish","format-standard","hentry","category-nexopost"],"yoast_head":"<!-- This site is optimized with the Yoast SEO Premium plugin v25.7.1 (Yoast SEO v26.5) - https:\/\/yoast.com\/wordpress\/plugins\/seo\/ -->\n<title>Argentina | Tres evang\u00e9licos fueron ponentes con Milei en La Derecha Fest - Stereo Visi\u00f3n de Dios<\/title>\n<meta name=\"robots\" content=\"index, follow, max-snippet:-1, max-image-preview:large, max-video-preview:-1\" \/>\n<link rel=\"canonical\" href=\"https:\/\/stereovisiondedios.com\/?p=7115\" \/>\n<meta property=\"og:locale\" content=\"es_ES\" \/>\n<meta property=\"og:type\" content=\"article\" \/>\n<meta property=\"og:title\" content=\"Argentina | Tres evang\u00e9licos fueron ponentes con Milei en La Derecha Fest\" \/>\n<meta property=\"og:description\" content=\"Este martes, C\u00f3rdoba fue sede de La Derecha Fest en el Hotel Quorum. La jornada cont\u00f3 con la presencia del presidente argentino, junto con figuras cercanas al oficialismo como su hermana Karina Milei y el asesor Santiago Caputo. Un evento organizado por el entorno m\u00e1s ideol\u00f3gico de Milei para profundizar la agenda cultural libertaria. Congreg\u00f3 [&hellip;]\" \/>\n<meta property=\"og:url\" content=\"https:\/\/stereovisiondedios.com\/?p=7115\" \/>\n<meta property=\"og:site_name\" content=\"Stereo Visi\u00f3n de Dios\" \/>\n<meta property=\"article:publisher\" content=\"https:\/\/www.facebook.com\/visiondedios106.9fm\" \/>\n<meta property=\"article:published_time\" content=\"2025-10-18T06:33:51+00:00\" \/>\n<meta name=\"author\" content=\"NexoRadio\" \/>\n<meta name=\"twitter:card\" content=\"summary_large_image\" \/>\n<meta name=\"twitter:label1\" content=\"Escrito por\" \/>\n\t<meta name=\"twitter:data1\" content=\"NexoRadio\" \/>\n\t<meta name=\"twitter:label2\" content=\"Tiempo de lectura\" \/>\n\t<meta name=\"twitter:data2\" content=\"8 minutos\" \/>\n<script type=\"application\/ld+json\" class=\"yoast-schema-graph\">{\"@context\":\"https:\/\/schema.org\",\"@graph\":[{\"@type\":\"Article\",\"@id\":\"https:\/\/stereovisiondedios.com\/?p=7115#article\",\"isPartOf\":{\"@id\":\"https:\/\/stereovisiondedios.com\/?p=7115\"},\"author\":{\"name\":\"NexoRadio\",\"@id\":\"https:\/\/stereovisiondedios.com\/#\/schema\/person\/32b4d07d90fc8962809b81993562e343\"},\"headline\":\"Argentina | Tres evang\u00e9licos fueron ponentes con Milei en La Derecha Fest\",\"datePublished\":\"2025-10-18T06:33:51+00:00\",\"mainEntityOfPage\":{\"@id\":\"https:\/\/stereovisiondedios.com\/?p=7115\"},\"wordCount\":1662,\"publisher\":{\"@id\":\"https:\/\/stereovisiondedios.com\/#organization\"},\"articleSection\":[\"NexoPost\"],\"inLanguage\":\"es\"},{\"@type\":\"WebPage\",\"@id\":\"https:\/\/stereovisiondedios.com\/?p=7115\",\"url\":\"https:\/\/stereovisiondedios.com\/?p=7115\",\"name\":\"Argentina | Tres evang\u00e9licos fueron ponentes con Milei en La Derecha Fest - Stereo Visi\u00f3n de Dios\",\"isPartOf\":{\"@id\":\"https:\/\/stereovisiondedios.com\/#website\"},\"datePublished\":\"2025-10-18T06:33:51+00:00\",\"breadcrumb\":{\"@id\":\"https:\/\/stereovisiondedios.com\/?p=7115#breadcrumb\"},\"inLanguage\":\"es\",\"potentialAction\":[{\"@type\":\"ReadAction\",\"target\":[\"https:\/\/stereovisiondedios.com\/?p=7115\"]}]},{\"@type\":\"BreadcrumbList\",\"@id\":\"https:\/\/stereovisiondedios.com\/?p=7115#breadcrumb\",\"itemListElement\":[{\"@type\":\"ListItem\",\"position\":1,\"name\":\"Home\",\"item\":\"https:\/\/stereovisiondedios.com\/\"},{\"@type\":\"ListItem\",\"position\":2,\"name\":\"Argentina | Tres evang\u00e9licos fueron ponentes con Milei en La Derecha Fest\"}]},{\"@type\":\"WebSite\",\"@id\":\"https:\/\/stereovisiondedios.com\/#website\",\"url\":\"https:\/\/stereovisiondedios.com\/\",\"name\":\"Stereo Visi\u00f3n de Dios\",\"description\":\"Conectate...\",\"publisher\":{\"@id\":\"https:\/\/stereovisiondedios.com\/#organization\"},\"potentialAction\":[{\"@type\":\"SearchAction\",\"target\":{\"@type\":\"EntryPoint\",\"urlTemplate\":\"https:\/\/stereovisiondedios.com\/?s={search_term_string}\"},\"query-input\":{\"@type\":\"PropertyValueSpecification\",\"valueRequired\":true,\"valueName\":\"search_term_string\"}}],\"inLanguage\":\"es\"},{\"@type\":\"Organization\",\"@id\":\"https:\/\/stereovisiondedios.com\/#organization\",\"name\":\"Radio Stereo Visi\u00f3n de Dios\",\"url\":\"https:\/\/stereovisiondedios.com\/\",\"logo\":{\"@type\":\"ImageObject\",\"inLanguage\":\"es\",\"@id\":\"https:\/\/stereovisiondedios.com\/#\/schema\/logo\/image\/\",\"url\":\"https:\/\/stereovisiondedios.com\/wp-content\/uploads\/2024\/10\/www.fmhorizontesalta.com_.ar-5-1.png\",\"contentUrl\":\"https:\/\/stereovisiondedios.com\/wp-content\/uploads\/2024\/10\/www.fmhorizontesalta.com_.ar-5-1.png\",\"width\":555,\"height\":114,\"caption\":\"Radio Stereo Visi\u00f3n de Dios\"},\"image\":{\"@id\":\"https:\/\/stereovisiondedios.com\/#\/schema\/logo\/image\/\"},\"sameAs\":[\"https:\/\/www.facebook.com\/visiondedios106.9fm\",\"https:\/\/www.tiktok.com\/@vision_de_dios_106_9_fm\",\"https:\/\/www.youtube.com\/@radiovisiondediosstereo106.9\"]},{\"@type\":\"Person\",\"@id\":\"https:\/\/stereovisiondedios.com\/#\/schema\/person\/32b4d07d90fc8962809b81993562e343\",\"name\":\"NexoRadio\",\"image\":{\"@type\":\"ImageObject\",\"inLanguage\":\"es\",\"@id\":\"https:\/\/stereovisiondedios.com\/#\/schema\/person\/image\/\",\"url\":\"https:\/\/secure.gravatar.com\/avatar\/5c8c3ec5af674c12295d543b84fe993caada4dedbc52804dace89aa6e7f89070?s=96&d=mm&r=g\",\"contentUrl\":\"https:\/\/secure.gravatar.com\/avatar\/5c8c3ec5af674c12295d543b84fe993caada4dedbc52804dace89aa6e7f89070?s=96&d=mm&r=g\",\"caption\":\"NexoRadio\"},\"url\":\"https:\/\/stereovisiondedios.com\/?author=2\"}]}<\/script>\n<!-- \/ Yoast SEO Premium plugin. -->","yoast_head_json":{"title":"Argentina | Tres evang\u00e9licos fueron ponentes con Milei en La Derecha Fest - Stereo Visi\u00f3n de Dios","robots":{"index":"index","follow":"follow","max-snippet":"max-snippet:-1","max-image-preview":"max-image-preview:large","max-video-preview":"max-video-preview:-1"},"canonical":"https:\/\/stereovisiondedios.com\/?p=7115","og_locale":"es_ES","og_type":"article","og_title":"Argentina | Tres evang\u00e9licos fueron ponentes con Milei en La Derecha Fest","og_description":"Este martes, C\u00f3rdoba fue sede de La Derecha Fest en el Hotel Quorum. La jornada cont\u00f3 con la presencia del presidente argentino, junto con figuras cercanas al oficialismo como su hermana Karina Milei y el asesor Santiago Caputo. Un evento organizado por el entorno m\u00e1s ideol\u00f3gico de Milei para profundizar la agenda cultural libertaria. Congreg\u00f3 [&hellip;]","og_url":"https:\/\/stereovisiondedios.com\/?p=7115","og_site_name":"Stereo Visi\u00f3n de Dios","article_publisher":"https:\/\/www.facebook.com\/visiondedios106.9fm","article_published_time":"2025-10-18T06:33:51+00:00","author":"NexoRadio","twitter_card":"summary_large_image","twitter_misc":{"Escrito por":"NexoRadio","Tiempo de lectura":"8 minutos"},"schema":{"@context":"https:\/\/schema.org","@graph":[{"@type":"Article","@id":"https:\/\/stereovisiondedios.com\/?p=7115#article","isPartOf":{"@id":"https:\/\/stereovisiondedios.com\/?p=7115"},"author":{"name":"NexoRadio","@id":"https:\/\/stereovisiondedios.com\/#\/schema\/person\/32b4d07d90fc8962809b81993562e343"},"headline":"Argentina | Tres evang\u00e9licos fueron ponentes con Milei en La Derecha Fest","datePublished":"2025-10-18T06:33:51+00:00","mainEntityOfPage":{"@id":"https:\/\/stereovisiondedios.com\/?p=7115"},"wordCount":1662,"publisher":{"@id":"https:\/\/stereovisiondedios.com\/#organization"},"articleSection":["NexoPost"],"inLanguage":"es"},{"@type":"WebPage","@id":"https:\/\/stereovisiondedios.com\/?p=7115","url":"https:\/\/stereovisiondedios.com\/?p=7115","name":"Argentina | Tres evang\u00e9licos fueron ponentes con Milei en La Derecha Fest - Stereo Visi\u00f3n de Dios","isPartOf":{"@id":"https:\/\/stereovisiondedios.com\/#website"},"datePublished":"2025-10-18T06:33:51+00:00","breadcrumb":{"@id":"https:\/\/stereovisiondedios.com\/?p=7115#breadcrumb"},"inLanguage":"es","potentialAction":[{"@type":"ReadAction","target":["https:\/\/stereovisiondedios.com\/?p=7115"]}]},{"@type":"BreadcrumbList","@id":"https:\/\/stereovisiondedios.com\/?p=7115#breadcrumb","itemListElement":[{"@type":"ListItem","position":1,"name":"Home","item":"https:\/\/stereovisiondedios.com\/"},{"@type":"ListItem","position":2,"name":"Argentina | Tres evang\u00e9licos fueron ponentes con Milei en La Derecha Fest"}]},{"@type":"WebSite","@id":"https:\/\/stereovisiondedios.com\/#website","url":"https:\/\/stereovisiondedios.com\/","name":"Stereo Visi\u00f3n de Dios","description":"Conectate...","publisher":{"@id":"https:\/\/stereovisiondedios.com\/#organization"},"potentialAction":[{"@type":"SearchAction","target":{"@type":"EntryPoint","urlTemplate":"https:\/\/stereovisiondedios.com\/?s={search_term_string}"},"query-input":{"@type":"PropertyValueSpecification","valueRequired":true,"valueName":"search_term_string"}}],"inLanguage":"es"},{"@type":"Organization","@id":"https:\/\/stereovisiondedios.com\/#organization","name":"Radio Stereo Visi\u00f3n de Dios","url":"https:\/\/stereovisiondedios.com\/","logo":{"@type":"ImageObject","inLanguage":"es","@id":"https:\/\/stereovisiondedios.com\/#\/schema\/logo\/image\/","url":"https:\/\/stereovisiondedios.com\/wp-content\/uploads\/2024\/10\/www.fmhorizontesalta.com_.ar-5-1.png","contentUrl":"https:\/\/stereovisiondedios.com\/wp-content\/uploads\/2024\/10\/www.fmhorizontesalta.com_.ar-5-1.png","width":555,"height":114,"caption":"Radio Stereo Visi\u00f3n de Dios"},"image":{"@id":"https:\/\/stereovisiondedios.com\/#\/schema\/logo\/image\/"},"sameAs":["https:\/\/www.facebook.com\/visiondedios106.9fm","https:\/\/www.tiktok.com\/@vision_de_dios_106_9_fm","https:\/\/www.youtube.com\/@radiovisiondediosstereo106.9"]},{"@type":"Person","@id":"https:\/\/stereovisiondedios.com\/#\/schema\/person\/32b4d07d90fc8962809b81993562e343","name":"NexoRadio","image":{"@type":"ImageObject","inLanguage":"es","@id":"https:\/\/stereovisiondedios.com\/#\/schema\/person\/image\/","url":"https:\/\/secure.gravatar.com\/avatar\/5c8c3ec5af674c12295d543b84fe993caada4dedbc52804dace89aa6e7f89070?s=96&d=mm&r=g","contentUrl":"https:\/\/secure.gravatar.com\/avatar\/5c8c3ec5af674c12295d543b84fe993caada4dedbc52804dace89aa6e7f89070?s=96&d=mm&r=g","caption":"NexoRadio"},"url":"https:\/\/stereovisiondedios.com\/?author=2"}]}},"_links":{"self":[{"href":"https:\/\/stereovisiondedios.com\/index.php?rest_route=\/wp\/v2\/posts\/7115","targetHints":{"allow":["GET"]}}],"collection":[{"href":"https:\/\/stereovisiondedios.com\/index.php?rest_route=\/wp\/v2\/posts"}],"about":[{"href":"https:\/\/stereovisiondedios.com\/index.php?rest_route=\/wp\/v2\/types\/post"}],"author":[{"embeddable":true,"href":"https:\/\/stereovisiondedios.com\/index.php?rest_route=\/wp\/v2\/users\/2"}],"replies":[{"embeddable":true,"href":"https:\/\/stereovisiondedios.com\/index.php?rest_route=%2Fwp%2Fv2%2Fcomments&post=7115"}],"version-history":[{"count":0,"href":"https:\/\/stereovisiondedios.com\/index.php?rest_route=\/wp\/v2\/posts\/7115\/revisions"}],"wp:attachment":[{"href":"https:\/\/stereovisiondedios.com\/index.php?rest_route=%2Fwp%2Fv2%2Fmedia&parent=7115"}],"wp:term":[{"taxonomy":"category","embeddable":true,"href":"https:\/\/stereovisiondedios.com\/index.php?rest_route=%2Fwp%2Fv2%2Fcategories&post=7115"},{"taxonomy":"post_tag","embeddable":true,"href":"https:\/\/stereovisiondedios.com\/index.php?rest_route=%2Fwp%2Fv2%2Ftags&post=7115"}],"curies":[{"name":"wp","href":"https:\/\/api.w.org\/{rel}","templated":true}]}}