{"id":7117,"date":"2025-10-19T02:36:42","date_gmt":"2025-10-19T08:36:42","guid":{"rendered":"https:\/\/stereovisiondedios.com\/?p=7117"},"modified":"2025-10-19T02:36:42","modified_gmt":"2025-10-19T08:36:42","slug":"argentina-las-iglesias-evangelicas-ya-tienen-personeria-juridica-a-nivel-nacional","status":"publish","type":"post","link":"https:\/\/stereovisiondedios.com\/?p=7117","title":{"rendered":"Argentina | Las iglesias evang\u00e9licas ya tienen personer\u00eda jur\u00eddica a nivel nacional"},"content":{"rendered":"<p><br \/>\n<\/p>\n<div>\n<p><strong>El Poder Ejecutivo Nacional public\u00f3 ayer en el Bolet\u00edn Oficial <a href=\"https:\/\/www.argentina.gob.ar\/normativa\/nacional\/decreto-486-2025-415380\/texto\" target=\"_blank\">a trav\u00e9s del Decreto 486\/2025<\/a> que \u2018se reconoce a las organizaciones religiosas no cat\u00f3licas como personas jur\u00eddicas religiosas en todo el pa\u00eds<\/strong>. La medida fue rubricada por el presidente de la Naci\u00f3n, Javier Milei, a cargo del Ejecutivo.<\/p>\n<p>Este decreto responde a <strong>un pedido hist\u00f3rico de iglesias, l\u00edderes y comunidades cristianas evang\u00e9licas<\/strong>, que durante a\u00f1os reclamaron ser reconocidas legalmente como lo que son: iglesias, no meras asociaciones civiles o fundaciones.<\/p>\n<p>Esta realidad se ha conseguido gracias a la gesti\u00f3n, la oraci\u00f3n y la constancia de cristianos que trabajaron con respeto, paciencia y fe para ver este avance desde hace m\u00e1s de 30 a\u00f1os.<\/p>\n<p>Se logr\u00f3 el mismo por el trabajo en conjunto del Secretario de Culto de la Naci\u00f3n, Nahuel Sotelo, y del Dr. Daniel V\u00edtolo, titular de la Inspecci\u00f3n General de Justicia, quien primero impuls\u00f3 esta medida en CABA en julio del 2024. Luego se sumaron progresivamente las provincias de Santa Fe, C\u00f3rdoba, Corrientes y Neuqu\u00e9n, junto a otras provincias que contin\u00faan agreg\u00e1ndose en todo el pa\u00eds.<\/p>\n<p><strong>Este reconocimiento implica\u00a0que las iglesias registradas en el Registro Nacional de Cultos podr\u00e1n obtener r\u00fabrica de libros contables directamente, sin necesidad de adoptar otra forma jur\u00eddica.<\/strong> Se reconoce as\u00ed mismo su existencia bajo el art. 148 inciso e) del C\u00f3digo Civil y Comercial que se reform\u00f3 en 2014<\/p>\n<p>Ahora las provincias deber\u00e1n ajustar sus mecanismos para permitir este encuadre legal. Por otra parte se informa que la Inspecci\u00f3n General de Justicia (IGJ), dependiente del Ministerio de Justicia, ser\u00e1 la encargada de coordinar las acciones con los organismos provinciales para asegurar una implementaci\u00f3n efectiva de estas disposiciones.<\/p>\n<p>Desde la Alianza Cristiana de Iglesias Evang\u00e9licas de Rep\u00fablica Argentina (ACIERA) expresan que\u00a0\u201ccelebramos este paso como una victoria para la libertad religiosa, la igualdad jur\u00eddica y el fortalecimiento de las iglesias evang\u00e9licas y otras entidades religiosas en todo el pa\u00eds\u201d.<\/p>\n<\/p><\/div>\n<p>\n          Publicado en: <span class=\"text-turquoise\"> <a href=\"https:\/\/www.evangelicodigital.com\">EVANG\u00c9LICO DIGITAL<\/a> &#8211; <a href=\"https:\/\/www.evangelicodigital.com\/latinoamerica\">LATINOAM\u00c9RICA<\/a><\/span><br \/>\n          &#8211; Argentina | Las iglesias evang\u00e9licas ya tienen personer\u00eda jur\u00eddica a nivel nacional\n        <\/p>\n<p><br \/>\n<br \/><a href=\"https:\/\/www.evangelicodigital.com\/latinoamerica\/37354\/argentina-iglesias-evangelicas-ya-tienen-personeria-juridica-a-nivel-nacional\">Source link <\/a><\/p>\n","protected":false},"excerpt":{"rendered":"<p>El Poder Ejecutivo Nacional public\u00f3 ayer en el Bolet\u00edn Oficial a trav\u00e9s del Decreto 486\/2025 que \u2018se reconoce a las organizaciones religiosas no cat\u00f3licas como personas jur\u00eddicas religiosas en todo el pa\u00eds. La medida fue rubricada por el presidente de la Naci\u00f3n, Javier Milei, a cargo del Ejecutivo. Este decreto responde a un pedido hist\u00f3rico [&hellip;]<\/p>\n","protected":false},"author":2,"featured_media":0,"comment_status":"","ping_status":"open","sticky":false,"template":"","format":"standard","meta":{"fifu_image_url":"","fifu_image_alt":"","footnotes":""},"categories":[1],"tags":[],"class_list":["post-7117","post","type-post","status-publish","format-standard","hentry","category-nexopost"],"yoast_head":"<!-- This site is optimized with the Yoast SEO Premium plugin v25.7.1 (Yoast SEO v26.5) - https:\/\/yoast.com\/wordpress\/plugins\/seo\/ -->\n<title>Argentina | Las iglesias evang\u00e9licas ya tienen personer\u00eda jur\u00eddica a nivel nacional - Stereo Visi\u00f3n de Dios<\/title>\n<meta name=\"robots\" content=\"index, follow, max-snippet:-1, max-image-preview:large, max-video-preview:-1\" \/>\n<link rel=\"canonical\" href=\"https:\/\/stereovisiondedios.com\/?p=7117\" \/>\n<meta property=\"og:locale\" content=\"es_ES\" \/>\n<meta property=\"og:type\" content=\"article\" \/>\n<meta property=\"og:title\" content=\"Argentina | Las iglesias evang\u00e9licas ya tienen personer\u00eda jur\u00eddica a nivel nacional\" \/>\n<meta property=\"og:description\" content=\"El Poder Ejecutivo Nacional public\u00f3 ayer en el Bolet\u00edn Oficial a trav\u00e9s del Decreto 486\/2025 que \u2018se reconoce a las organizaciones religiosas no cat\u00f3licas como personas jur\u00eddicas religiosas en todo el pa\u00eds. La medida fue rubricada por el presidente de la Naci\u00f3n, Javier Milei, a cargo del Ejecutivo. Este decreto responde a un pedido hist\u00f3rico [&hellip;]\" \/>\n<meta property=\"og:url\" content=\"https:\/\/stereovisiondedios.com\/?p=7117\" \/>\n<meta property=\"og:site_name\" content=\"Stereo Visi\u00f3n de Dios\" \/>\n<meta property=\"article:publisher\" content=\"https:\/\/www.facebook.com\/visiondedios106.9fm\" \/>\n<meta property=\"article:published_time\" content=\"2025-10-19T08:36:42+00:00\" \/>\n<meta name=\"author\" content=\"NexoRadio\" \/>\n<meta name=\"twitter:card\" content=\"summary_large_image\" \/>\n<meta name=\"twitter:label1\" content=\"Escrito por\" \/>\n\t<meta name=\"twitter:data1\" content=\"NexoRadio\" \/>\n\t<meta name=\"twitter:label2\" content=\"Tiempo de lectura\" \/>\n\t<meta name=\"twitter:data2\" content=\"2 minutos\" \/>\n<script type=\"application\/ld+json\" class=\"yoast-schema-graph\">{\"@context\":\"https:\/\/schema.org\",\"@graph\":[{\"@type\":\"Article\",\"@id\":\"https:\/\/stereovisiondedios.com\/?p=7117#article\",\"isPartOf\":{\"@id\":\"https:\/\/stereovisiondedios.com\/?p=7117\"},\"author\":{\"name\":\"NexoRadio\",\"@id\":\"https:\/\/stereovisiondedios.com\/#\/schema\/person\/32b4d07d90fc8962809b81993562e343\"},\"headline\":\"Argentina | Las iglesias evang\u00e9licas ya tienen personer\u00eda jur\u00eddica a nivel nacional\",\"datePublished\":\"2025-10-19T08:36:42+00:00\",\"mainEntityOfPage\":{\"@id\":\"https:\/\/stereovisiondedios.com\/?p=7117\"},\"wordCount\":386,\"publisher\":{\"@id\":\"https:\/\/stereovisiondedios.com\/#organization\"},\"articleSection\":[\"NexoPost\"],\"inLanguage\":\"es\"},{\"@type\":\"WebPage\",\"@id\":\"https:\/\/stereovisiondedios.com\/?p=7117\",\"url\":\"https:\/\/stereovisiondedios.com\/?p=7117\",\"name\":\"Argentina | Las iglesias evang\u00e9licas ya tienen personer\u00eda jur\u00eddica a nivel nacional - Stereo Visi\u00f3n de Dios\",\"isPartOf\":{\"@id\":\"https:\/\/stereovisiondedios.com\/#website\"},\"datePublished\":\"2025-10-19T08:36:42+00:00\",\"breadcrumb\":{\"@id\":\"https:\/\/stereovisiondedios.com\/?p=7117#breadcrumb\"},\"inLanguage\":\"es\",\"potentialAction\":[{\"@type\":\"ReadAction\",\"target\":[\"https:\/\/stereovisiondedios.com\/?p=7117\"]}]},{\"@type\":\"BreadcrumbList\",\"@id\":\"https:\/\/stereovisiondedios.com\/?p=7117#breadcrumb\",\"itemListElement\":[{\"@type\":\"ListItem\",\"position\":1,\"name\":\"Home\",\"item\":\"https:\/\/stereovisiondedios.com\/\"},{\"@type\":\"ListItem\",\"position\":2,\"name\":\"Argentina | Las iglesias evang\u00e9licas ya tienen personer\u00eda jur\u00eddica a nivel nacional\"}]},{\"@type\":\"WebSite\",\"@id\":\"https:\/\/stereovisiondedios.com\/#website\",\"url\":\"https:\/\/stereovisiondedios.com\/\",\"name\":\"Stereo Visi\u00f3n de Dios\",\"description\":\"Conectate...\",\"publisher\":{\"@id\":\"https:\/\/stereovisiondedios.com\/#organization\"},\"potentialAction\":[{\"@type\":\"SearchAction\",\"target\":{\"@type\":\"EntryPoint\",\"urlTemplate\":\"https:\/\/stereovisiondedios.com\/?s={search_term_string}\"},\"query-input\":{\"@type\":\"PropertyValueSpecification\",\"valueRequired\":true,\"valueName\":\"search_term_string\"}}],\"inLanguage\":\"es\"},{\"@type\":\"Organization\",\"@id\":\"https:\/\/stereovisiondedios.com\/#organization\",\"name\":\"Radio Stereo Visi\u00f3n de Dios\",\"url\":\"https:\/\/stereovisiondedios.com\/\",\"logo\":{\"@type\":\"ImageObject\",\"inLanguage\":\"es\",\"@id\":\"https:\/\/stereovisiondedios.com\/#\/schema\/logo\/image\/\",\"url\":\"https:\/\/stereovisiondedios.com\/wp-content\/uploads\/2024\/10\/www.fmhorizontesalta.com_.ar-5-1.png\",\"contentUrl\":\"https:\/\/stereovisiondedios.com\/wp-content\/uploads\/2024\/10\/www.fmhorizontesalta.com_.ar-5-1.png\",\"width\":555,\"height\":114,\"caption\":\"Radio Stereo Visi\u00f3n de Dios\"},\"image\":{\"@id\":\"https:\/\/stereovisiondedios.com\/#\/schema\/logo\/image\/\"},\"sameAs\":[\"https:\/\/www.facebook.com\/visiondedios106.9fm\",\"https:\/\/www.tiktok.com\/@vision_de_dios_106_9_fm\",\"https:\/\/www.youtube.com\/@radiovisiondediosstereo106.9\"]},{\"@type\":\"Person\",\"@id\":\"https:\/\/stereovisiondedios.com\/#\/schema\/person\/32b4d07d90fc8962809b81993562e343\",\"name\":\"NexoRadio\",\"image\":{\"@type\":\"ImageObject\",\"inLanguage\":\"es\",\"@id\":\"https:\/\/stereovisiondedios.com\/#\/schema\/person\/image\/\",\"url\":\"https:\/\/secure.gravatar.com\/avatar\/5c8c3ec5af674c12295d543b84fe993caada4dedbc52804dace89aa6e7f89070?s=96&d=mm&r=g\",\"contentUrl\":\"https:\/\/secure.gravatar.com\/avatar\/5c8c3ec5af674c12295d543b84fe993caada4dedbc52804dace89aa6e7f89070?s=96&d=mm&r=g\",\"caption\":\"NexoRadio\"},\"url\":\"https:\/\/stereovisiondedios.com\/?author=2\"}]}<\/script>\n<!-- \/ Yoast SEO Premium plugin. -->","yoast_head_json":{"title":"Argentina | Las iglesias evang\u00e9licas ya tienen personer\u00eda jur\u00eddica a nivel nacional - Stereo Visi\u00f3n de Dios","robots":{"index":"index","follow":"follow","max-snippet":"max-snippet:-1","max-image-preview":"max-image-preview:large","max-video-preview":"max-video-preview:-1"},"canonical":"https:\/\/stereovisiondedios.com\/?p=7117","og_locale":"es_ES","og_type":"article","og_title":"Argentina | Las iglesias evang\u00e9licas ya tienen personer\u00eda jur\u00eddica a nivel nacional","og_description":"El Poder Ejecutivo Nacional public\u00f3 ayer en el Bolet\u00edn Oficial a trav\u00e9s del Decreto 486\/2025 que \u2018se reconoce a las organizaciones religiosas no cat\u00f3licas como personas jur\u00eddicas religiosas en todo el pa\u00eds. La medida fue rubricada por el presidente de la Naci\u00f3n, Javier Milei, a cargo del Ejecutivo. Este decreto responde a un pedido hist\u00f3rico [&hellip;]","og_url":"https:\/\/stereovisiondedios.com\/?p=7117","og_site_name":"Stereo Visi\u00f3n de Dios","article_publisher":"https:\/\/www.facebook.com\/visiondedios106.9fm","article_published_time":"2025-10-19T08:36:42+00:00","author":"NexoRadio","twitter_card":"summary_large_image","twitter_misc":{"Escrito por":"NexoRadio","Tiempo de lectura":"2 minutos"},"schema":{"@context":"https:\/\/schema.org","@graph":[{"@type":"Article","@id":"https:\/\/stereovisiondedios.com\/?p=7117#article","isPartOf":{"@id":"https:\/\/stereovisiondedios.com\/?p=7117"},"author":{"name":"NexoRadio","@id":"https:\/\/stereovisiondedios.com\/#\/schema\/person\/32b4d07d90fc8962809b81993562e343"},"headline":"Argentina | Las iglesias evang\u00e9licas ya tienen personer\u00eda jur\u00eddica a nivel nacional","datePublished":"2025-10-19T08:36:42+00:00","mainEntityOfPage":{"@id":"https:\/\/stereovisiondedios.com\/?p=7117"},"wordCount":386,"publisher":{"@id":"https:\/\/stereovisiondedios.com\/#organization"},"articleSection":["NexoPost"],"inLanguage":"es"},{"@type":"WebPage","@id":"https:\/\/stereovisiondedios.com\/?p=7117","url":"https:\/\/stereovisiondedios.com\/?p=7117","name":"Argentina | Las iglesias evang\u00e9licas ya tienen personer\u00eda jur\u00eddica a nivel nacional - Stereo Visi\u00f3n de Dios","isPartOf":{"@id":"https:\/\/stereovisiondedios.com\/#website"},"datePublished":"2025-10-19T08:36:42+00:00","breadcrumb":{"@id":"https:\/\/stereovisiondedios.com\/?p=7117#breadcrumb"},"inLanguage":"es","potentialAction":[{"@type":"ReadAction","target":["https:\/\/stereovisiondedios.com\/?p=7117"]}]},{"@type":"BreadcrumbList","@id":"https:\/\/stereovisiondedios.com\/?p=7117#breadcrumb","itemListElement":[{"@type":"ListItem","position":1,"name":"Home","item":"https:\/\/stereovisiondedios.com\/"},{"@type":"ListItem","position":2,"name":"Argentina | Las iglesias evang\u00e9licas ya tienen personer\u00eda jur\u00eddica a nivel nacional"}]},{"@type":"WebSite","@id":"https:\/\/stereovisiondedios.com\/#website","url":"https:\/\/stereovisiondedios.com\/","name":"Stereo Visi\u00f3n de Dios","description":"Conectate...","publisher":{"@id":"https:\/\/stereovisiondedios.com\/#organization"},"potentialAction":[{"@type":"SearchAction","target":{"@type":"EntryPoint","urlTemplate":"https:\/\/stereovisiondedios.com\/?s={search_term_string}"},"query-input":{"@type":"PropertyValueSpecification","valueRequired":true,"valueName":"search_term_string"}}],"inLanguage":"es"},{"@type":"Organization","@id":"https:\/\/stereovisiondedios.com\/#organization","name":"Radio Stereo Visi\u00f3n de Dios","url":"https:\/\/stereovisiondedios.com\/","logo":{"@type":"ImageObject","inLanguage":"es","@id":"https:\/\/stereovisiondedios.com\/#\/schema\/logo\/image\/","url":"https:\/\/stereovisiondedios.com\/wp-content\/uploads\/2024\/10\/www.fmhorizontesalta.com_.ar-5-1.png","contentUrl":"https:\/\/stereovisiondedios.com\/wp-content\/uploads\/2024\/10\/www.fmhorizontesalta.com_.ar-5-1.png","width":555,"height":114,"caption":"Radio Stereo Visi\u00f3n de Dios"},"image":{"@id":"https:\/\/stereovisiondedios.com\/#\/schema\/logo\/image\/"},"sameAs":["https:\/\/www.facebook.com\/visiondedios106.9fm","https:\/\/www.tiktok.com\/@vision_de_dios_106_9_fm","https:\/\/www.youtube.com\/@radiovisiondediosstereo106.9"]},{"@type":"Person","@id":"https:\/\/stereovisiondedios.com\/#\/schema\/person\/32b4d07d90fc8962809b81993562e343","name":"NexoRadio","image":{"@type":"ImageObject","inLanguage":"es","@id":"https:\/\/stereovisiondedios.com\/#\/schema\/person\/image\/","url":"https:\/\/secure.gravatar.com\/avatar\/5c8c3ec5af674c12295d543b84fe993caada4dedbc52804dace89aa6e7f89070?s=96&d=mm&r=g","contentUrl":"https:\/\/secure.gravatar.com\/avatar\/5c8c3ec5af674c12295d543b84fe993caada4dedbc52804dace89aa6e7f89070?s=96&d=mm&r=g","caption":"NexoRadio"},"url":"https:\/\/stereovisiondedios.com\/?author=2"}]}},"_links":{"self":[{"href":"https:\/\/stereovisiondedios.com\/index.php?rest_route=\/wp\/v2\/posts\/7117","targetHints":{"allow":["GET"]}}],"collection":[{"href":"https:\/\/stereovisiondedios.com\/index.php?rest_route=\/wp\/v2\/posts"}],"about":[{"href":"https:\/\/stereovisiondedios.com\/index.php?rest_route=\/wp\/v2\/types\/post"}],"author":[{"embeddable":true,"href":"https:\/\/stereovisiondedios.com\/index.php?rest_route=\/wp\/v2\/users\/2"}],"replies":[{"embeddable":true,"href":"https:\/\/stereovisiondedios.com\/index.php?rest_route=%2Fwp%2Fv2%2Fcomments&post=7117"}],"version-history":[{"count":0,"href":"https:\/\/stereovisiondedios.com\/index.php?rest_route=\/wp\/v2\/posts\/7117\/revisions"}],"wp:attachment":[{"href":"https:\/\/stereovisiondedios.com\/index.php?rest_route=%2Fwp%2Fv2%2Fmedia&parent=7117"}],"wp:term":[{"taxonomy":"category","embeddable":true,"href":"https:\/\/stereovisiondedios.com\/index.php?rest_route=%2Fwp%2Fv2%2Fcategories&post=7117"},{"taxonomy":"post_tag","embeddable":true,"href":"https:\/\/stereovisiondedios.com\/index.php?rest_route=%2Fwp%2Fv2%2Ftags&post=7117"}],"curies":[{"name":"wp","href":"https:\/\/api.w.org\/{rel}","templated":true}]}}