{"id":7118,"date":"2025-10-19T15:42:58","date_gmt":"2025-10-19T21:42:58","guid":{"rendered":"https:\/\/stereovisiondedios.com\/?p=7118"},"modified":"2025-10-19T15:42:58","modified_gmt":"2025-10-19T21:42:58","slug":"presentan-una-constitucion-espiritual-en-los-201-anos-de-presencia-evangelica-en-mexico","status":"publish","type":"post","link":"https:\/\/stereovisiondedios.com\/?p=7118","title":{"rendered":"Presentan una Constituci\u00f3n Espiritual en los 201 a\u00f1os de presencia evang\u00e9lica en M\u00e9xico"},"content":{"rendered":"<p><br \/>\n<\/p>\n<div>\n<p>La <strong>Unidad Nacional Evang\u00e9lica<\/strong> (UNE) ante \u201clos tiempos actuales en donde el desorden, la injusticia, la inmoralidad y la descomposici\u00f3n social se han acentuado considerablemente\u201d, present\u00f3 la <strong>Constituci\u00f3n Espiritual para M\u00e9xico<\/strong>, una visi\u00f3n enfocada en trascender denominaciones, estructuras y agendas humanas.<\/p>\n<p>Ante pastores, l\u00edderes y ministros de culto, provenientes principalmente del centro del pa\u00eds, Netzahualc\u00f3yotl Valadez Ju\u00e1rez, coordinador y presidente de UNE resalt\u00f3 la importancia de presentar este documento, el cual representa un pacto solemne para poner a Dios en primer lugar en la vida p\u00fablica, pol\u00edtica e institucional del pa\u00eds, comenzando al interior de las familias mexicanas.<\/p>\n<p><strong>La Constituci\u00f3n Espiritual est\u00e1 compuesta por 62 art\u00edculos y ocho ejes rectores que se basan en la Biblia, considerando la palaba de Dios como sustento imprescindible para la vida p\u00fablica del pa\u00eds y como un modelo para la vida privada de cada ciudadano<\/strong>. Por ello busca definir su acci\u00f3n hacia el interior de la iglesia, y hacia la sociedad, armonizando fe y acci\u00f3n; oraci\u00f3n y justicia; palabra y transformaci\u00f3n <em>(1).<\/em><\/p>\n<div style=\"font-size:16px;color:#83979d;\" class=\"text-right photo-info-content\"><span class=\"photo-info\"><strong><span>&gt;&gt;&gt;&gt;&gt;\u00a0<\/span><\/strong><em>Sigue el <a href=\"https:\/\/whatsapp.com\/channel\/0029VbBbpCrGpLHHil73qg0r\" target=\"_blank\"><strong>Canal de Evang\u00e9lico Digital en WhatsApp<\/strong><\/a>, actualizado al minuto con los art\u00edculos y noticias publicados<\/em><\/span> <\/div>\n<p>Tambi\u00e9n <strong>se conmemor\u00f3 la llegada de <\/strong><strong>mineros ingleses a Pachuca y Real del Monte en 1824, la mayor\u00eda cristianos metodistas <\/strong><em>(2)<\/em>, que al integrarse en la sociedad aportaron sus costumbres y con ellas su fe, el Evangelio y la fundaci\u00f3n de la primera iglesia metodista. Es considerada por la UNE la primera presencia formal evang\u00e9lica en M\u00e9xico.<\/p>\n<p>Por ello <strong>la UNE celebr\u00f3 en el municipio del Real del Monte, el 201 aniversario del evangelismo en esta regi\u00f3n de M\u00e9xico<\/strong>, ante pastores, l\u00edderes, ministros de culto y coordinadores de alianzas pastorales; cuya representatividad va m\u00e1s all\u00e1 de tres mil quinientas iglesias y templos evang\u00e9licos principalmente del centro del pa\u00eds.<\/p>\n<p>En entrevista el maestro <strong>Netzahualc\u00f3yotl Valadez Ju\u00e1rez<\/strong>, coordinador y presidente de UNE asegur\u00f3 que es de suma importancia el reconocer y recordar los inicios del evangelismo en M\u00e9xico, ya que del municipio del Real del Monte partieron una serie de misiones para llevar el evangelio al resto del pa\u00eds y a otras naciones, sobre todo de Am\u00e9rica Latina.<\/p>\n<p>\u00a0<\/p>\n<p><img decoding=\"async\" alt=\"Presentan una Constituci\u00f3n Espiritual en los 201 a\u00f1os de presencia evang\u00e9lica en M\u00e9xico\" title=\"Presentan una Constituci\u00f3n Espiritual en los 201 a\u00f1os de presencia evang\u00e9lica en M\u00e9xico\" src=\"https:\/\/cms.evangelicodigital.com\/upload\/imagenes\/68f531dd7b6c7_mexicoW1.jpg\"\/><\/p>\n<p><strong>La Constituci\u00f3n Espiritual para M\u00e9xico es una gu\u00eda espiritual y formativa para alinear vidas, ministerios, familias e instituciones, yendo m\u00e1s all\u00e1 de un simple documento simb\u00f3lico. La denominan \u201cuna proclama de guerra espiritual, una estrategia de unidad nacional y una hoja de ruta para la transformaci\u00f3n profunda de M\u00e9xico y las naciones\u201d.<\/strong><\/p>\n<p>\u201cLevantar un pueblo restaurado, libre de ataduras espirituales, emocionalmente sano y alineado al dise\u00f1o original y eterno de Dios, para renovar a las familias, comunidades, instituciones y territorios, este es el objetivo de esta Constituci\u00f3n Espiritual para M\u00e9xico\u201d destac\u00f3 Valadez Ju\u00e1rez.<\/p>\n<p>El objetivo primordial es romper la muralla de maldad que oprime a la naci\u00f3n y restaurar vidas mediante la proclamaci\u00f3n del evangelio del Reino; la formaci\u00f3n integral de disc\u00edpulos; llevar a cabo acciones territoriales y comunitarias; la unidad de los santos, respetando la diversidad denominacional y doctrinal; as\u00ed como la restauraci\u00f3n de la familia como n\u00facleo del Reino en la sociedad (Mateo 24:14).<\/p>\n<p>Se reconoce en dicho documento a Jesucristo como cabeza de la iglesia (Efesios 1:22), al Esp\u00edritu Santo como gu\u00eda y consolador (Juan 16:13), y a la Palabra de Dios como \u00fanica autoridad infalible de fe y conducta (2 Timoteo 3:16).<\/p>\n<p>Finalmente se declara que el Reino de Dios ya est\u00e1 entre nosotros (Lucas 17:21) y que esta Constituci\u00f3n se establece para ordenar su manifestaci\u00f3n en nuestra naci\u00f3n conforme al mandato de Cristo.<\/p>\n<p>\u00a0<\/p>\n<p><img decoding=\"async\" alt=\"Presentan una Constituci\u00f3n Espiritual en los 201 a\u00f1os de presencia evang\u00e9lica en M\u00e9xico\" title=\"Presentan una Constituci\u00f3n Espiritual en los 201 a\u00f1os de presencia evang\u00e9lica en M\u00e9xico\" src=\"https:\/\/cms.evangelicodigital.com\/upload\/imagenes\/68f531dd7bf8b_mexicoW2.jpg\"\/><\/p>\n<p>En\u00a0<strong>la d\u00e9cada de 1820 en una serie de expediciones mineras hacia el municipio del Real del Monte (Hidalgo)\u00a0llegaron los primeros <\/strong><strong>ingleses provenientes de la regi\u00f3n de <\/strong><strong>Cornwall, Inglaterra, com\u00fanmente llamados \u201ccornish\u201d<\/strong><strong>, con la finalidad de desarrollar la actividad minera<\/strong> y por consiguiente buscar un lugar para establecerse.<\/p>\n<p><strong>La mayor\u00eda de los mineros que llegaron a Pachuca y Real del Monte eran practicantes del metodismo<\/strong>, ya que e<strong>n la regi\u00f3n inglesa de Cornwall el metodismo hab\u00eda tenido <\/strong><strong>una gran <\/strong><strong>influencia desde el siglo <\/strong>XVIII.<\/p>\n<p>Por ello a su llegada, los ingleses no solamente introdujeron maquinaria y tecnolog\u00eda en M\u00e9xico, sino que introdujeron su fe evang\u00e9lica en un pa\u00eds ultracat\u00f3lico hasta ese entonces. Al integrarse socialmente a este lugar, su cultura y sus costumbres comenzaron a difundirse y arraigarse, y <strong>se tiene la certeza que el primer servicio religioso metodista en la comarca minera, ante una congregaci\u00f3n se realiz\u00f3 en Real del Monte en 1826, a\u00f1o en que fue fundada la primera iglesia metodista en este lugar.<\/strong><\/p>\n<p>A\u00f1os m\u00e1s tarde en Pachuca se fund\u00f3 un segundo templo metodista, por lo cual se podr\u00eda decir que adem\u00e1s de la cuna del futbol, del golf y del tenis, el corredor Pachuca-Real del Monte tambi\u00e9n se considera como la\u00a0<strong>\u201ccuna del evangelismo en M\u00e9xico\u201d<\/strong>.<\/p>\n<p>\u201cLos datos que hemos verificado es que una comunidad brit\u00e1nica tom\u00f3 lugar aqu\u00ed en Real del Monte desde el a\u00f1o de 1824, no solo a explotar las minas, sino a compartir el evangelio a esta tierra\u201d asegur\u00f3 Valadez Ju\u00e1rez.<\/p>\n<p><iframe allow=\"autoplay; clipboard-write; encrypted-media; picture-in-picture; web-share\" allowfullscreen=\"true\" frameborder=\"0\" height=\"683\" scrolling=\"no\" src=\"https:\/\/www.facebook.com\/plugins\/post.php?href=https%3A%2F%2Fwww.facebook.com%2FEvangelicoDigital%2Fposts%2Fpfbid02qUAwfeMrg57fqTHwz3Q21LngPL5yYjss1M6wb9zCP7BTxQnLECAB9pTtb5KX2BF9l&amp;show_text=true&amp;width=500\" style=\"border:none;overflow:hidden\" width=\"500\"><\/iframe><\/p>\n<\/p><\/div>\n<p>\n          Publicado en: <span class=\"text-turquoise\"> <a href=\"https:\/\/www.evangelicodigital.com\">EVANG\u00c9LICO DIGITAL<\/a> &#8211; <a href=\"https:\/\/www.evangelicodigital.com\/latinoamerica\">LATINOAM\u00c9RICA<\/a><\/span><br \/>\n          &#8211; Presentan una Constituci\u00f3n Espiritual en los 201 a\u00f1os de presencia evang\u00e9lica en M\u00e9xico\n        <\/p>\n<p><br \/>\n<br \/><a href=\"https:\/\/www.evangelicodigital.com\/latinoamerica\/38612\/presentan-constitucion-espiritual-en-los-dos-siglos-de-presencia-evangelica-en-mexico\">Source link <\/a><\/p>\n","protected":false},"excerpt":{"rendered":"<p>La Unidad Nacional Evang\u00e9lica (UNE) ante \u201clos tiempos actuales en donde el desorden, la injusticia, la inmoralidad y la descomposici\u00f3n social se han acentuado considerablemente\u201d, present\u00f3 la Constituci\u00f3n Espiritual para M\u00e9xico, una visi\u00f3n enfocada en trascender denominaciones, estructuras y agendas humanas. Ante pastores, l\u00edderes y ministros de culto, provenientes principalmente del centro del pa\u00eds, Netzahualc\u00f3yotl [&hellip;]<\/p>\n","protected":false},"author":2,"featured_media":7119,"comment_status":"","ping_status":"open","sticky":false,"template":"","format":"standard","meta":{"fifu_image_url":"https:\/\/cms.evangelicodigital.com\/upload\/imagenes\/68f531dd7b6c7_mexicoW1.jpg","fifu_image_alt":"","footnotes":""},"categories":[1],"tags":[],"class_list":["post-7118","post","type-post","status-publish","format-standard","has-post-thumbnail","hentry","category-nexopost"],"yoast_head":"<!-- This site is optimized with the Yoast SEO Premium plugin v25.7.1 (Yoast SEO v26.5) - https:\/\/yoast.com\/wordpress\/plugins\/seo\/ -->\n<title>Presentan una Constituci\u00f3n Espiritual en los 201 a\u00f1os de presencia evang\u00e9lica en M\u00e9xico - Stereo Visi\u00f3n de Dios<\/title>\n<meta name=\"robots\" content=\"index, follow, max-snippet:-1, max-image-preview:large, max-video-preview:-1\" \/>\n<link rel=\"canonical\" href=\"https:\/\/stereovisiondedios.com\/?p=7118\" \/>\n<meta property=\"og:locale\" content=\"es_ES\" \/>\n<meta property=\"og:type\" content=\"article\" \/>\n<meta property=\"og:title\" content=\"Presentan una Constituci\u00f3n Espiritual en los 201 a\u00f1os de presencia evang\u00e9lica en M\u00e9xico\" \/>\n<meta property=\"og:description\" content=\"La Unidad Nacional Evang\u00e9lica (UNE) ante \u201clos tiempos actuales en donde el desorden, la injusticia, la inmoralidad y la descomposici\u00f3n social se han acentuado considerablemente\u201d, present\u00f3 la Constituci\u00f3n Espiritual para M\u00e9xico, una visi\u00f3n enfocada en trascender denominaciones, estructuras y agendas humanas. Ante pastores, l\u00edderes y ministros de culto, provenientes principalmente del centro del pa\u00eds, Netzahualc\u00f3yotl [&hellip;]\" \/>\n<meta property=\"og:url\" content=\"https:\/\/stereovisiondedios.com\/?p=7118\" \/>\n<meta property=\"og:site_name\" content=\"Stereo Visi\u00f3n de Dios\" \/>\n<meta property=\"article:publisher\" content=\"https:\/\/www.facebook.com\/visiondedios106.9fm\" \/>\n<meta property=\"article:published_time\" content=\"2025-10-19T21:42:58+00:00\" \/>\n<meta property=\"og:image\" content=\"https:\/\/cms.evangelicodigital.com\/upload\/imagenes\/68f531dd7b6c7_mexicoW1.jpg\" \/>\n<meta name=\"author\" content=\"NexoRadio\" \/>\n<meta name=\"twitter:card\" content=\"summary_large_image\" \/>\n<meta name=\"twitter:image\" content=\"https:\/\/cms.evangelicodigital.com\/upload\/imagenes\/68f531dd7b6c7_mexicoW1.jpg\" \/>\n<meta name=\"twitter:label1\" content=\"Escrito por\" \/>\n\t<meta name=\"twitter:data1\" content=\"NexoRadio\" \/>\n\t<meta name=\"twitter:label2\" content=\"Tiempo de lectura\" \/>\n\t<meta name=\"twitter:data2\" content=\"5 minutos\" \/>\n<script type=\"application\/ld+json\" class=\"yoast-schema-graph\">{\"@context\":\"https:\/\/schema.org\",\"@graph\":[{\"@type\":\"Article\",\"@id\":\"https:\/\/stereovisiondedios.com\/?p=7118#article\",\"isPartOf\":{\"@id\":\"https:\/\/stereovisiondedios.com\/?p=7118\"},\"author\":{\"name\":\"NexoRadio\",\"@id\":\"https:\/\/stereovisiondedios.com\/#\/schema\/person\/32b4d07d90fc8962809b81993562e343\"},\"headline\":\"Presentan una Constituci\u00f3n Espiritual en los 201 a\u00f1os de presencia evang\u00e9lica en M\u00e9xico\",\"datePublished\":\"2025-10-19T21:42:58+00:00\",\"mainEntityOfPage\":{\"@id\":\"https:\/\/stereovisiondedios.com\/?p=7118\"},\"wordCount\":947,\"publisher\":{\"@id\":\"https:\/\/stereovisiondedios.com\/#organization\"},\"image\":{\"@id\":\"https:\/\/stereovisiondedios.com\/?p=7118#primaryimage\"},\"thumbnailUrl\":\"https:\/\/cms.evangelicodigital.com\/upload\/imagenes\/68f531dd7b6c7_mexicoW1.jpg\",\"articleSection\":[\"NexoPost\"],\"inLanguage\":\"es\"},{\"@type\":\"WebPage\",\"@id\":\"https:\/\/stereovisiondedios.com\/?p=7118\",\"url\":\"https:\/\/stereovisiondedios.com\/?p=7118\",\"name\":\"Presentan una Constituci\u00f3n Espiritual en los 201 a\u00f1os de presencia evang\u00e9lica en M\u00e9xico - Stereo Visi\u00f3n de Dios\",\"isPartOf\":{\"@id\":\"https:\/\/stereovisiondedios.com\/#website\"},\"primaryImageOfPage\":{\"@id\":\"https:\/\/stereovisiondedios.com\/?p=7118#primaryimage\"},\"image\":{\"@id\":\"https:\/\/stereovisiondedios.com\/?p=7118#primaryimage\"},\"thumbnailUrl\":\"https:\/\/cms.evangelicodigital.com\/upload\/imagenes\/68f531dd7b6c7_mexicoW1.jpg\",\"datePublished\":\"2025-10-19T21:42:58+00:00\",\"breadcrumb\":{\"@id\":\"https:\/\/stereovisiondedios.com\/?p=7118#breadcrumb\"},\"inLanguage\":\"es\",\"potentialAction\":[{\"@type\":\"ReadAction\",\"target\":[\"https:\/\/stereovisiondedios.com\/?p=7118\"]}]},{\"@type\":\"ImageObject\",\"inLanguage\":\"es\",\"@id\":\"https:\/\/stereovisiondedios.com\/?p=7118#primaryimage\",\"url\":\"https:\/\/cms.evangelicodigital.com\/upload\/imagenes\/68f531dd7b6c7_mexicoW1.jpg\",\"contentUrl\":\"https:\/\/cms.evangelicodigital.com\/upload\/imagenes\/68f531dd7b6c7_mexicoW1.jpg\"},{\"@type\":\"BreadcrumbList\",\"@id\":\"https:\/\/stereovisiondedios.com\/?p=7118#breadcrumb\",\"itemListElement\":[{\"@type\":\"ListItem\",\"position\":1,\"name\":\"Home\",\"item\":\"https:\/\/stereovisiondedios.com\/\"},{\"@type\":\"ListItem\",\"position\":2,\"name\":\"Presentan una Constituci\u00f3n Espiritual en los 201 a\u00f1os de presencia evang\u00e9lica en M\u00e9xico\"}]},{\"@type\":\"WebSite\",\"@id\":\"https:\/\/stereovisiondedios.com\/#website\",\"url\":\"https:\/\/stereovisiondedios.com\/\",\"name\":\"Stereo Visi\u00f3n de Dios\",\"description\":\"Conectate...\",\"publisher\":{\"@id\":\"https:\/\/stereovisiondedios.com\/#organization\"},\"potentialAction\":[{\"@type\":\"SearchAction\",\"target\":{\"@type\":\"EntryPoint\",\"urlTemplate\":\"https:\/\/stereovisiondedios.com\/?s={search_term_string}\"},\"query-input\":{\"@type\":\"PropertyValueSpecification\",\"valueRequired\":true,\"valueName\":\"search_term_string\"}}],\"inLanguage\":\"es\"},{\"@type\":\"Organization\",\"@id\":\"https:\/\/stereovisiondedios.com\/#organization\",\"name\":\"Radio Stereo Visi\u00f3n de Dios\",\"url\":\"https:\/\/stereovisiondedios.com\/\",\"logo\":{\"@type\":\"ImageObject\",\"inLanguage\":\"es\",\"@id\":\"https:\/\/stereovisiondedios.com\/#\/schema\/logo\/image\/\",\"url\":\"https:\/\/stereovisiondedios.com\/wp-content\/uploads\/2024\/10\/www.fmhorizontesalta.com_.ar-5-1.png\",\"contentUrl\":\"https:\/\/stereovisiondedios.com\/wp-content\/uploads\/2024\/10\/www.fmhorizontesalta.com_.ar-5-1.png\",\"width\":555,\"height\":114,\"caption\":\"Radio Stereo Visi\u00f3n de Dios\"},\"image\":{\"@id\":\"https:\/\/stereovisiondedios.com\/#\/schema\/logo\/image\/\"},\"sameAs\":[\"https:\/\/www.facebook.com\/visiondedios106.9fm\",\"https:\/\/www.tiktok.com\/@vision_de_dios_106_9_fm\",\"https:\/\/www.youtube.com\/@radiovisiondediosstereo106.9\"]},{\"@type\":\"Person\",\"@id\":\"https:\/\/stereovisiondedios.com\/#\/schema\/person\/32b4d07d90fc8962809b81993562e343\",\"name\":\"NexoRadio\",\"image\":{\"@type\":\"ImageObject\",\"inLanguage\":\"es\",\"@id\":\"https:\/\/stereovisiondedios.com\/#\/schema\/person\/image\/\",\"url\":\"https:\/\/secure.gravatar.com\/avatar\/5c8c3ec5af674c12295d543b84fe993caada4dedbc52804dace89aa6e7f89070?s=96&d=mm&r=g\",\"contentUrl\":\"https:\/\/secure.gravatar.com\/avatar\/5c8c3ec5af674c12295d543b84fe993caada4dedbc52804dace89aa6e7f89070?s=96&d=mm&r=g\",\"caption\":\"NexoRadio\"},\"url\":\"https:\/\/stereovisiondedios.com\/?author=2\"}]}<\/script>\n<!-- \/ Yoast SEO Premium plugin. -->","yoast_head_json":{"title":"Presentan una Constituci\u00f3n Espiritual en los 201 a\u00f1os de presencia evang\u00e9lica en M\u00e9xico - Stereo Visi\u00f3n de Dios","robots":{"index":"index","follow":"follow","max-snippet":"max-snippet:-1","max-image-preview":"max-image-preview:large","max-video-preview":"max-video-preview:-1"},"canonical":"https:\/\/stereovisiondedios.com\/?p=7118","og_locale":"es_ES","og_type":"article","og_title":"Presentan una Constituci\u00f3n Espiritual en los 201 a\u00f1os de presencia evang\u00e9lica en M\u00e9xico","og_description":"La Unidad Nacional Evang\u00e9lica (UNE) ante \u201clos tiempos actuales en donde el desorden, la injusticia, la inmoralidad y la descomposici\u00f3n social se han acentuado considerablemente\u201d, present\u00f3 la Constituci\u00f3n Espiritual para M\u00e9xico, una visi\u00f3n enfocada en trascender denominaciones, estructuras y agendas humanas. Ante pastores, l\u00edderes y ministros de culto, provenientes principalmente del centro del pa\u00eds, Netzahualc\u00f3yotl [&hellip;]","og_url":"https:\/\/stereovisiondedios.com\/?p=7118","og_site_name":"Stereo Visi\u00f3n de Dios","article_publisher":"https:\/\/www.facebook.com\/visiondedios106.9fm","article_published_time":"2025-10-19T21:42:58+00:00","og_image":[{"url":"https:\/\/cms.evangelicodigital.com\/upload\/imagenes\/68f531dd7b6c7_mexicoW1.jpg","type":"","width":"","height":""}],"author":"NexoRadio","twitter_card":"summary_large_image","twitter_image":"https:\/\/cms.evangelicodigital.com\/upload\/imagenes\/68f531dd7b6c7_mexicoW1.jpg","twitter_misc":{"Escrito por":"NexoRadio","Tiempo de lectura":"5 minutos"},"schema":{"@context":"https:\/\/schema.org","@graph":[{"@type":"Article","@id":"https:\/\/stereovisiondedios.com\/?p=7118#article","isPartOf":{"@id":"https:\/\/stereovisiondedios.com\/?p=7118"},"author":{"name":"NexoRadio","@id":"https:\/\/stereovisiondedios.com\/#\/schema\/person\/32b4d07d90fc8962809b81993562e343"},"headline":"Presentan una Constituci\u00f3n Espiritual en los 201 a\u00f1os de presencia evang\u00e9lica en M\u00e9xico","datePublished":"2025-10-19T21:42:58+00:00","mainEntityOfPage":{"@id":"https:\/\/stereovisiondedios.com\/?p=7118"},"wordCount":947,"publisher":{"@id":"https:\/\/stereovisiondedios.com\/#organization"},"image":{"@id":"https:\/\/stereovisiondedios.com\/?p=7118#primaryimage"},"thumbnailUrl":"https:\/\/cms.evangelicodigital.com\/upload\/imagenes\/68f531dd7b6c7_mexicoW1.jpg","articleSection":["NexoPost"],"inLanguage":"es"},{"@type":"WebPage","@id":"https:\/\/stereovisiondedios.com\/?p=7118","url":"https:\/\/stereovisiondedios.com\/?p=7118","name":"Presentan una Constituci\u00f3n Espiritual en los 201 a\u00f1os de presencia evang\u00e9lica en M\u00e9xico - Stereo Visi\u00f3n de Dios","isPartOf":{"@id":"https:\/\/stereovisiondedios.com\/#website"},"primaryImageOfPage":{"@id":"https:\/\/stereovisiondedios.com\/?p=7118#primaryimage"},"image":{"@id":"https:\/\/stereovisiondedios.com\/?p=7118#primaryimage"},"thumbnailUrl":"https:\/\/cms.evangelicodigital.com\/upload\/imagenes\/68f531dd7b6c7_mexicoW1.jpg","datePublished":"2025-10-19T21:42:58+00:00","breadcrumb":{"@id":"https:\/\/stereovisiondedios.com\/?p=7118#breadcrumb"},"inLanguage":"es","potentialAction":[{"@type":"ReadAction","target":["https:\/\/stereovisiondedios.com\/?p=7118"]}]},{"@type":"ImageObject","inLanguage":"es","@id":"https:\/\/stereovisiondedios.com\/?p=7118#primaryimage","url":"https:\/\/cms.evangelicodigital.com\/upload\/imagenes\/68f531dd7b6c7_mexicoW1.jpg","contentUrl":"https:\/\/cms.evangelicodigital.com\/upload\/imagenes\/68f531dd7b6c7_mexicoW1.jpg"},{"@type":"BreadcrumbList","@id":"https:\/\/stereovisiondedios.com\/?p=7118#breadcrumb","itemListElement":[{"@type":"ListItem","position":1,"name":"Home","item":"https:\/\/stereovisiondedios.com\/"},{"@type":"ListItem","position":2,"name":"Presentan una Constituci\u00f3n Espiritual en los 201 a\u00f1os de presencia evang\u00e9lica en M\u00e9xico"}]},{"@type":"WebSite","@id":"https:\/\/stereovisiondedios.com\/#website","url":"https:\/\/stereovisiondedios.com\/","name":"Stereo Visi\u00f3n de Dios","description":"Conectate...","publisher":{"@id":"https:\/\/stereovisiondedios.com\/#organization"},"potentialAction":[{"@type":"SearchAction","target":{"@type":"EntryPoint","urlTemplate":"https:\/\/stereovisiondedios.com\/?s={search_term_string}"},"query-input":{"@type":"PropertyValueSpecification","valueRequired":true,"valueName":"search_term_string"}}],"inLanguage":"es"},{"@type":"Organization","@id":"https:\/\/stereovisiondedios.com\/#organization","name":"Radio Stereo Visi\u00f3n de Dios","url":"https:\/\/stereovisiondedios.com\/","logo":{"@type":"ImageObject","inLanguage":"es","@id":"https:\/\/stereovisiondedios.com\/#\/schema\/logo\/image\/","url":"https:\/\/stereovisiondedios.com\/wp-content\/uploads\/2024\/10\/www.fmhorizontesalta.com_.ar-5-1.png","contentUrl":"https:\/\/stereovisiondedios.com\/wp-content\/uploads\/2024\/10\/www.fmhorizontesalta.com_.ar-5-1.png","width":555,"height":114,"caption":"Radio Stereo Visi\u00f3n de Dios"},"image":{"@id":"https:\/\/stereovisiondedios.com\/#\/schema\/logo\/image\/"},"sameAs":["https:\/\/www.facebook.com\/visiondedios106.9fm","https:\/\/www.tiktok.com\/@vision_de_dios_106_9_fm","https:\/\/www.youtube.com\/@radiovisiondediosstereo106.9"]},{"@type":"Person","@id":"https:\/\/stereovisiondedios.com\/#\/schema\/person\/32b4d07d90fc8962809b81993562e343","name":"NexoRadio","image":{"@type":"ImageObject","inLanguage":"es","@id":"https:\/\/stereovisiondedios.com\/#\/schema\/person\/image\/","url":"https:\/\/secure.gravatar.com\/avatar\/5c8c3ec5af674c12295d543b84fe993caada4dedbc52804dace89aa6e7f89070?s=96&d=mm&r=g","contentUrl":"https:\/\/secure.gravatar.com\/avatar\/5c8c3ec5af674c12295d543b84fe993caada4dedbc52804dace89aa6e7f89070?s=96&d=mm&r=g","caption":"NexoRadio"},"url":"https:\/\/stereovisiondedios.com\/?author=2"}]}},"_links":{"self":[{"href":"https:\/\/stereovisiondedios.com\/index.php?rest_route=\/wp\/v2\/posts\/7118","targetHints":{"allow":["GET"]}}],"collection":[{"href":"https:\/\/stereovisiondedios.com\/index.php?rest_route=\/wp\/v2\/posts"}],"about":[{"href":"https:\/\/stereovisiondedios.com\/index.php?rest_route=\/wp\/v2\/types\/post"}],"author":[{"embeddable":true,"href":"https:\/\/stereovisiondedios.com\/index.php?rest_route=\/wp\/v2\/users\/2"}],"replies":[{"embeddable":true,"href":"https:\/\/stereovisiondedios.com\/index.php?rest_route=%2Fwp%2Fv2%2Fcomments&post=7118"}],"version-history":[{"count":0,"href":"https:\/\/stereovisiondedios.com\/index.php?rest_route=\/wp\/v2\/posts\/7118\/revisions"}],"wp:featuredmedia":[{"embeddable":true,"href":"https:\/\/stereovisiondedios.com\/index.php?rest_route=\/wp\/v2\/media\/7119"}],"wp:attachment":[{"href":"https:\/\/stereovisiondedios.com\/index.php?rest_route=%2Fwp%2Fv2%2Fmedia&parent=7118"}],"wp:term":[{"taxonomy":"category","embeddable":true,"href":"https:\/\/stereovisiondedios.com\/index.php?rest_route=%2Fwp%2Fv2%2Fcategories&post=7118"},{"taxonomy":"post_tag","embeddable":true,"href":"https:\/\/stereovisiondedios.com\/index.php?rest_route=%2Fwp%2Fv2%2Ftags&post=7118"}],"curies":[{"name":"wp","href":"https:\/\/api.w.org\/{rel}","templated":true}]}}