{"id":7120,"date":"2025-10-20T04:58:10","date_gmt":"2025-10-20T10:58:10","guid":{"rendered":"https:\/\/stereovisiondedios.com\/?p=7120"},"modified":"2025-10-20T04:58:10","modified_gmt":"2025-10-20T10:58:10","slug":"rodrigo-paz-gana-la-presidencia-y-bolivia-inicia-nuevo-ciclo-politico-de-centroderecha","status":"publish","type":"post","link":"https:\/\/stereovisiondedios.com\/?p=7120","title":{"rendered":"Rodrigo Paz gana la presidencia y Bolivia inicia nuevo ciclo pol\u00edtico de centroderecha"},"content":{"rendered":"<p><br \/>\n<\/p>\n<div>\n<p><strong>El centroderechista Rodrigo Paz es el nuevo presidente de Bolivia. Terminado el escrutinio, el Partido Dem\u00f3crata Cristiano (PDC) de Paz sum\u00f3 el 54,5% de los votos<\/strong>, frente al 45,5% de la alianza Libre del expresidente conservador Jorge Tuto Quiroga. Paz se estrena con un triunfo por paliza que hasta hace solo dos meses, cuando gan\u00f3 por sorpresa la prima vuelta electoral, parec\u00eda imposible.<\/p>\n<p><strong>Bolivia iniciar\u00e1 el 8 de noviembre, fecha del traspaso de mando, un nuevo ciclo pol\u00edtico lejos de las pol\u00edticas estatistas y redistributivas promovidas por el MAS<\/strong>. Con todo, el viraje conservador no ser\u00e1 con Paz tan brutal como el que pod\u00eda esperarse con Quiroga.<\/p>\n<p><strong>La debacle de la izquierda de Evo Morales, hegem\u00f3nica durante 20 a\u00f1os fue lo que abri\u00f3 finalmente las puertas del Palacio Quemado a Paz<\/strong>, un dirigente formado en una alcald\u00eda de provincia, que resumi\u00f3 su visi\u00f3n de Bolivia en \u201cDios, familia y patria\u201d.<\/p>\n<p>Paz hered\u00f3 la mayor parte de los votos del partido de Morales, fuerte en el occidente andino de mayor\u00eda ind\u00edgena. Fue clave su apuesta por lo que llama \u201ccapitalismo para todos\u201d, un experimento a\u00fan poco definido con el que logr\u00f3 seducir a una nueva burgues\u00eda aimara nacida durante el <em>masismo<\/em>. Se trata de ind\u00edgenas que ya no se definen pol\u00edticamente por su origen, sino por su posici\u00f3n en la escala social: son universitarios, empresarios, comerciantes, transportistas y, algunos de ellos, empresarios exitosos y muy ricos. Paz les ofreci\u00f3 eliminar \u201cel Estado tranca\u201d que hoy les impide desarrollarse como emprendedores.<\/p>\n<div style=\"font-size:16px;color:#83979d;\" class=\"text-right photo-info-content\"><span class=\"photo-info\"><strong><span>&gt;&gt;&gt;&gt;&gt;\u00a0<\/span><\/strong><em>Sigue el <a href=\"https:\/\/whatsapp.com\/channel\/0029VbBbpCrGpLHHil73qg0r\" target=\"_blank\"><strong>Canal de Evang\u00e9lico Digital en WhatsApp<\/strong><\/a>, actualizado al minuto con los art\u00edculos y noticias publicados<\/em><\/span> <\/div>\n<p><strong>Mar\u00eda Teresa Chac\u00f3n, presidenta del Action Center en Bolivia y de la Plataforma Transformaci\u00f3n<\/strong>, opina que \u201cEl candidato ganador es de centro derecha, de discurso ambiguo respecto a su posici\u00f3n con el actual gobierno. Su propuesta de gobierno es d\u00e9bil y no es provida, aunque al final y despu\u00e9s del Foro del Voto Consciente todos levantaron esta bandera\u201d.<\/p>\n<p>En cuanto a las siglas PDC del ganador se corresponden con <strong>el Partido Dem\u00f3crata Cristiano, pero \u201csolo fue una sigla que se las dieron<\/strong> y fue motivo de controversia dentro del mismo partido. Hay varios cristianos que corrieron con ellos y muchos lograron espacios en el Legislativo\u201d<\/p>\n<p>En cuanto al <strong>vicepresidente ganador Edman Lara<\/strong> \u201cEs un expolic\u00eda que ha desempe\u00f1ado un p\u00e9simo papel durante la campa\u00f1a, se caracteriz\u00f3 por discursos de odio y guerra sucia&#8230;. sin embargo, el pueblo vot\u00f3 por ellos\u201d.<\/p>\n<p>Pensando en el futuro \u201c<strong>el panorama no es f\u00e1cil, a\u00fan tienen que negociar sus espacios para lograr mayor\u00eda en el Legislativo<\/strong>\u201d. Ahora \u201csolo nos queda orar y como Iglesia, mantener una postura de respeto a nuestros principios. A diferencia del anterior Parlamento, esta vez se habr\u00eda logrado m\u00e1s aliados pero uno nunca sabe, ahora hay que esperar\u201d.<\/p>\n<\/p><\/div>\n<p>\n          Publicado en: <span class=\"text-turquoise\"> <a href=\"https:\/\/www.evangelicodigital.com\">EVANG\u00c9LICO DIGITAL<\/a> &#8211; <a href=\"https:\/\/www.evangelicodigital.com\/latinoamerica\">LATINOAM\u00c9RICA<\/a><\/span><br \/>\n          &#8211; Rodrigo Paz gana la presidencia y Bolivia inicia nuevo ciclo pol\u00edtico de centroderecha\n        <\/p>\n<p><br \/>\n<br \/><a href=\"https:\/\/www.evangelicodigital.com\/latinoamerica\/38620\/rodrigo-paz-gana-presidencia-y-bolivia-nuevo-ciclo-politico-de-centroderecha\">Source link <\/a><\/p>\n","protected":false},"excerpt":{"rendered":"<p>El centroderechista Rodrigo Paz es el nuevo presidente de Bolivia. Terminado el escrutinio, el Partido Dem\u00f3crata Cristiano (PDC) de Paz sum\u00f3 el 54,5% de los votos, frente al 45,5% de la alianza Libre del expresidente conservador Jorge Tuto Quiroga. Paz se estrena con un triunfo por paliza que hasta hace solo dos meses, cuando gan\u00f3 [&hellip;]<\/p>\n","protected":false},"author":2,"featured_media":0,"comment_status":"","ping_status":"open","sticky":false,"template":"","format":"standard","meta":{"fifu_image_url":"","fifu_image_alt":"","footnotes":""},"categories":[1],"tags":[],"class_list":["post-7120","post","type-post","status-publish","format-standard","hentry","category-nexopost"],"yoast_head":"<!-- This site is optimized with the Yoast SEO Premium plugin v25.7.1 (Yoast SEO v26.5) - https:\/\/yoast.com\/wordpress\/plugins\/seo\/ -->\n<title>Rodrigo Paz gana la presidencia y Bolivia inicia nuevo ciclo pol\u00edtico de centroderecha - Stereo Visi\u00f3n de Dios<\/title>\n<meta name=\"robots\" content=\"index, follow, max-snippet:-1, max-image-preview:large, max-video-preview:-1\" \/>\n<link rel=\"canonical\" href=\"https:\/\/stereovisiondedios.com\/?p=7120\" \/>\n<meta property=\"og:locale\" content=\"es_ES\" \/>\n<meta property=\"og:type\" content=\"article\" \/>\n<meta property=\"og:title\" content=\"Rodrigo Paz gana la presidencia y Bolivia inicia nuevo ciclo pol\u00edtico de centroderecha\" \/>\n<meta property=\"og:description\" content=\"El centroderechista Rodrigo Paz es el nuevo presidente de Bolivia. Terminado el escrutinio, el Partido Dem\u00f3crata Cristiano (PDC) de Paz sum\u00f3 el 54,5% de los votos, frente al 45,5% de la alianza Libre del expresidente conservador Jorge Tuto Quiroga. Paz se estrena con un triunfo por paliza que hasta hace solo dos meses, cuando gan\u00f3 [&hellip;]\" \/>\n<meta property=\"og:url\" content=\"https:\/\/stereovisiondedios.com\/?p=7120\" \/>\n<meta property=\"og:site_name\" content=\"Stereo Visi\u00f3n de Dios\" \/>\n<meta property=\"article:publisher\" content=\"https:\/\/www.facebook.com\/visiondedios106.9fm\" \/>\n<meta property=\"article:published_time\" content=\"2025-10-20T10:58:10+00:00\" \/>\n<meta name=\"author\" content=\"NexoRadio\" \/>\n<meta name=\"twitter:card\" content=\"summary_large_image\" \/>\n<meta name=\"twitter:label1\" content=\"Escrito por\" \/>\n\t<meta name=\"twitter:data1\" content=\"NexoRadio\" \/>\n\t<meta name=\"twitter:label2\" content=\"Tiempo de lectura\" \/>\n\t<meta name=\"twitter:data2\" content=\"3 minutos\" \/>\n<script type=\"application\/ld+json\" class=\"yoast-schema-graph\">{\"@context\":\"https:\/\/schema.org\",\"@graph\":[{\"@type\":\"Article\",\"@id\":\"https:\/\/stereovisiondedios.com\/?p=7120#article\",\"isPartOf\":{\"@id\":\"https:\/\/stereovisiondedios.com\/?p=7120\"},\"author\":{\"name\":\"NexoRadio\",\"@id\":\"https:\/\/stereovisiondedios.com\/#\/schema\/person\/32b4d07d90fc8962809b81993562e343\"},\"headline\":\"Rodrigo Paz gana la presidencia y Bolivia inicia nuevo ciclo pol\u00edtico de centroderecha\",\"datePublished\":\"2025-10-20T10:58:10+00:00\",\"mainEntityOfPage\":{\"@id\":\"https:\/\/stereovisiondedios.com\/?p=7120\"},\"wordCount\":539,\"publisher\":{\"@id\":\"https:\/\/stereovisiondedios.com\/#organization\"},\"articleSection\":[\"NexoPost\"],\"inLanguage\":\"es\"},{\"@type\":\"WebPage\",\"@id\":\"https:\/\/stereovisiondedios.com\/?p=7120\",\"url\":\"https:\/\/stereovisiondedios.com\/?p=7120\",\"name\":\"Rodrigo Paz gana la presidencia y Bolivia inicia nuevo ciclo pol\u00edtico de centroderecha - Stereo Visi\u00f3n de Dios\",\"isPartOf\":{\"@id\":\"https:\/\/stereovisiondedios.com\/#website\"},\"datePublished\":\"2025-10-20T10:58:10+00:00\",\"breadcrumb\":{\"@id\":\"https:\/\/stereovisiondedios.com\/?p=7120#breadcrumb\"},\"inLanguage\":\"es\",\"potentialAction\":[{\"@type\":\"ReadAction\",\"target\":[\"https:\/\/stereovisiondedios.com\/?p=7120\"]}]},{\"@type\":\"BreadcrumbList\",\"@id\":\"https:\/\/stereovisiondedios.com\/?p=7120#breadcrumb\",\"itemListElement\":[{\"@type\":\"ListItem\",\"position\":1,\"name\":\"Home\",\"item\":\"https:\/\/stereovisiondedios.com\/\"},{\"@type\":\"ListItem\",\"position\":2,\"name\":\"Rodrigo Paz gana la presidencia y Bolivia inicia nuevo ciclo pol\u00edtico de centroderecha\"}]},{\"@type\":\"WebSite\",\"@id\":\"https:\/\/stereovisiondedios.com\/#website\",\"url\":\"https:\/\/stereovisiondedios.com\/\",\"name\":\"Stereo Visi\u00f3n de Dios\",\"description\":\"Conectate...\",\"publisher\":{\"@id\":\"https:\/\/stereovisiondedios.com\/#organization\"},\"potentialAction\":[{\"@type\":\"SearchAction\",\"target\":{\"@type\":\"EntryPoint\",\"urlTemplate\":\"https:\/\/stereovisiondedios.com\/?s={search_term_string}\"},\"query-input\":{\"@type\":\"PropertyValueSpecification\",\"valueRequired\":true,\"valueName\":\"search_term_string\"}}],\"inLanguage\":\"es\"},{\"@type\":\"Organization\",\"@id\":\"https:\/\/stereovisiondedios.com\/#organization\",\"name\":\"Radio Stereo Visi\u00f3n de Dios\",\"url\":\"https:\/\/stereovisiondedios.com\/\",\"logo\":{\"@type\":\"ImageObject\",\"inLanguage\":\"es\",\"@id\":\"https:\/\/stereovisiondedios.com\/#\/schema\/logo\/image\/\",\"url\":\"https:\/\/stereovisiondedios.com\/wp-content\/uploads\/2024\/10\/www.fmhorizontesalta.com_.ar-5-1.png\",\"contentUrl\":\"https:\/\/stereovisiondedios.com\/wp-content\/uploads\/2024\/10\/www.fmhorizontesalta.com_.ar-5-1.png\",\"width\":555,\"height\":114,\"caption\":\"Radio Stereo Visi\u00f3n de Dios\"},\"image\":{\"@id\":\"https:\/\/stereovisiondedios.com\/#\/schema\/logo\/image\/\"},\"sameAs\":[\"https:\/\/www.facebook.com\/visiondedios106.9fm\",\"https:\/\/www.tiktok.com\/@vision_de_dios_106_9_fm\",\"https:\/\/www.youtube.com\/@radiovisiondediosstereo106.9\"]},{\"@type\":\"Person\",\"@id\":\"https:\/\/stereovisiondedios.com\/#\/schema\/person\/32b4d07d90fc8962809b81993562e343\",\"name\":\"NexoRadio\",\"image\":{\"@type\":\"ImageObject\",\"inLanguage\":\"es\",\"@id\":\"https:\/\/stereovisiondedios.com\/#\/schema\/person\/image\/\",\"url\":\"https:\/\/secure.gravatar.com\/avatar\/5c8c3ec5af674c12295d543b84fe993caada4dedbc52804dace89aa6e7f89070?s=96&d=mm&r=g\",\"contentUrl\":\"https:\/\/secure.gravatar.com\/avatar\/5c8c3ec5af674c12295d543b84fe993caada4dedbc52804dace89aa6e7f89070?s=96&d=mm&r=g\",\"caption\":\"NexoRadio\"},\"url\":\"https:\/\/stereovisiondedios.com\/?author=2\"}]}<\/script>\n<!-- \/ Yoast SEO Premium plugin. -->","yoast_head_json":{"title":"Rodrigo Paz gana la presidencia y Bolivia inicia nuevo ciclo pol\u00edtico de centroderecha - Stereo Visi\u00f3n de Dios","robots":{"index":"index","follow":"follow","max-snippet":"max-snippet:-1","max-image-preview":"max-image-preview:large","max-video-preview":"max-video-preview:-1"},"canonical":"https:\/\/stereovisiondedios.com\/?p=7120","og_locale":"es_ES","og_type":"article","og_title":"Rodrigo Paz gana la presidencia y Bolivia inicia nuevo ciclo pol\u00edtico de centroderecha","og_description":"El centroderechista Rodrigo Paz es el nuevo presidente de Bolivia. Terminado el escrutinio, el Partido Dem\u00f3crata Cristiano (PDC) de Paz sum\u00f3 el 54,5% de los votos, frente al 45,5% de la alianza Libre del expresidente conservador Jorge Tuto Quiroga. Paz se estrena con un triunfo por paliza que hasta hace solo dos meses, cuando gan\u00f3 [&hellip;]","og_url":"https:\/\/stereovisiondedios.com\/?p=7120","og_site_name":"Stereo Visi\u00f3n de Dios","article_publisher":"https:\/\/www.facebook.com\/visiondedios106.9fm","article_published_time":"2025-10-20T10:58:10+00:00","author":"NexoRadio","twitter_card":"summary_large_image","twitter_misc":{"Escrito por":"NexoRadio","Tiempo de lectura":"3 minutos"},"schema":{"@context":"https:\/\/schema.org","@graph":[{"@type":"Article","@id":"https:\/\/stereovisiondedios.com\/?p=7120#article","isPartOf":{"@id":"https:\/\/stereovisiondedios.com\/?p=7120"},"author":{"name":"NexoRadio","@id":"https:\/\/stereovisiondedios.com\/#\/schema\/person\/32b4d07d90fc8962809b81993562e343"},"headline":"Rodrigo Paz gana la presidencia y Bolivia inicia nuevo ciclo pol\u00edtico de centroderecha","datePublished":"2025-10-20T10:58:10+00:00","mainEntityOfPage":{"@id":"https:\/\/stereovisiondedios.com\/?p=7120"},"wordCount":539,"publisher":{"@id":"https:\/\/stereovisiondedios.com\/#organization"},"articleSection":["NexoPost"],"inLanguage":"es"},{"@type":"WebPage","@id":"https:\/\/stereovisiondedios.com\/?p=7120","url":"https:\/\/stereovisiondedios.com\/?p=7120","name":"Rodrigo Paz gana la presidencia y Bolivia inicia nuevo ciclo pol\u00edtico de centroderecha - Stereo Visi\u00f3n de Dios","isPartOf":{"@id":"https:\/\/stereovisiondedios.com\/#website"},"datePublished":"2025-10-20T10:58:10+00:00","breadcrumb":{"@id":"https:\/\/stereovisiondedios.com\/?p=7120#breadcrumb"},"inLanguage":"es","potentialAction":[{"@type":"ReadAction","target":["https:\/\/stereovisiondedios.com\/?p=7120"]}]},{"@type":"BreadcrumbList","@id":"https:\/\/stereovisiondedios.com\/?p=7120#breadcrumb","itemListElement":[{"@type":"ListItem","position":1,"name":"Home","item":"https:\/\/stereovisiondedios.com\/"},{"@type":"ListItem","position":2,"name":"Rodrigo Paz gana la presidencia y Bolivia inicia nuevo ciclo pol\u00edtico de centroderecha"}]},{"@type":"WebSite","@id":"https:\/\/stereovisiondedios.com\/#website","url":"https:\/\/stereovisiondedios.com\/","name":"Stereo Visi\u00f3n de Dios","description":"Conectate...","publisher":{"@id":"https:\/\/stereovisiondedios.com\/#organization"},"potentialAction":[{"@type":"SearchAction","target":{"@type":"EntryPoint","urlTemplate":"https:\/\/stereovisiondedios.com\/?s={search_term_string}"},"query-input":{"@type":"PropertyValueSpecification","valueRequired":true,"valueName":"search_term_string"}}],"inLanguage":"es"},{"@type":"Organization","@id":"https:\/\/stereovisiondedios.com\/#organization","name":"Radio Stereo Visi\u00f3n de Dios","url":"https:\/\/stereovisiondedios.com\/","logo":{"@type":"ImageObject","inLanguage":"es","@id":"https:\/\/stereovisiondedios.com\/#\/schema\/logo\/image\/","url":"https:\/\/stereovisiondedios.com\/wp-content\/uploads\/2024\/10\/www.fmhorizontesalta.com_.ar-5-1.png","contentUrl":"https:\/\/stereovisiondedios.com\/wp-content\/uploads\/2024\/10\/www.fmhorizontesalta.com_.ar-5-1.png","width":555,"height":114,"caption":"Radio Stereo Visi\u00f3n de Dios"},"image":{"@id":"https:\/\/stereovisiondedios.com\/#\/schema\/logo\/image\/"},"sameAs":["https:\/\/www.facebook.com\/visiondedios106.9fm","https:\/\/www.tiktok.com\/@vision_de_dios_106_9_fm","https:\/\/www.youtube.com\/@radiovisiondediosstereo106.9"]},{"@type":"Person","@id":"https:\/\/stereovisiondedios.com\/#\/schema\/person\/32b4d07d90fc8962809b81993562e343","name":"NexoRadio","image":{"@type":"ImageObject","inLanguage":"es","@id":"https:\/\/stereovisiondedios.com\/#\/schema\/person\/image\/","url":"https:\/\/secure.gravatar.com\/avatar\/5c8c3ec5af674c12295d543b84fe993caada4dedbc52804dace89aa6e7f89070?s=96&d=mm&r=g","contentUrl":"https:\/\/secure.gravatar.com\/avatar\/5c8c3ec5af674c12295d543b84fe993caada4dedbc52804dace89aa6e7f89070?s=96&d=mm&r=g","caption":"NexoRadio"},"url":"https:\/\/stereovisiondedios.com\/?author=2"}]}},"_links":{"self":[{"href":"https:\/\/stereovisiondedios.com\/index.php?rest_route=\/wp\/v2\/posts\/7120","targetHints":{"allow":["GET"]}}],"collection":[{"href":"https:\/\/stereovisiondedios.com\/index.php?rest_route=\/wp\/v2\/posts"}],"about":[{"href":"https:\/\/stereovisiondedios.com\/index.php?rest_route=\/wp\/v2\/types\/post"}],"author":[{"embeddable":true,"href":"https:\/\/stereovisiondedios.com\/index.php?rest_route=\/wp\/v2\/users\/2"}],"replies":[{"embeddable":true,"href":"https:\/\/stereovisiondedios.com\/index.php?rest_route=%2Fwp%2Fv2%2Fcomments&post=7120"}],"version-history":[{"count":0,"href":"https:\/\/stereovisiondedios.com\/index.php?rest_route=\/wp\/v2\/posts\/7120\/revisions"}],"wp:attachment":[{"href":"https:\/\/stereovisiondedios.com\/index.php?rest_route=%2Fwp%2Fv2%2Fmedia&parent=7120"}],"wp:term":[{"taxonomy":"category","embeddable":true,"href":"https:\/\/stereovisiondedios.com\/index.php?rest_route=%2Fwp%2Fv2%2Fcategories&post=7120"},{"taxonomy":"post_tag","embeddable":true,"href":"https:\/\/stereovisiondedios.com\/index.php?rest_route=%2Fwp%2Fv2%2Ftags&post=7120"}],"curies":[{"name":"wp","href":"https:\/\/api.w.org\/{rel}","templated":true}]}}