{"id":7527,"date":"2026-05-02T09:45:54","date_gmt":"2026-05-02T15:45:54","guid":{"rendered":"https:\/\/stereovisiondedios.com\/?p=7527"},"modified":"2026-05-02T09:45:54","modified_gmt":"2026-05-02T15:45:54","slug":"un-pastor-asesinado-y-decenas-de-fieles-secuestrados-en-un-ataque-a-una-iglesia-en-nigeria","status":"publish","type":"post","link":"https:\/\/stereovisiondedios.com\/?p=7527","title":{"rendered":"Un pastor asesinado y decenas de fieles secuestrados en un ataque a una iglesia en Nigeria"},"content":{"rendered":"<p><br \/>\n<\/p>\n<div>\n<p>Un pastor muri\u00f3 y al menos cuarenta feligreses fueron secuestrados en un\u00a0<strong>ataque armado<\/strong>\u00a0perpetrado la noche del martes contra una iglesia en el estado de Ekiti, en el suroeste de Nigeria, seg\u00fan confirmaron fuentes de la parroquia y autoridades locales.<\/p>\n<p>El asalto tuvo lugar en la\u00a0<strong>Iglesia Apost\u00f3lica de Cristo<\/strong>, situada en el \u00e1rea de gobierno local de Ilejemeje, donde los creyentes participaban en un servicio religioso alrededor de las 20:30 hora local.<\/p>\n<p><strong>\u201cEst\u00e1bamos celebrando nuestro programa especial cuando de repente escuchamos disparos\u201d,<\/strong>\u00a0relat\u00f3 a EFE una fuente de la iglesia bajo condici\u00f3n de anonimato por motivos de seguridad.<\/p>\n<p>La congregaci\u00f3n huy\u00f3 en medio del p\u00e1nico, pero los atacantes lograron asesinar al pastor y secuestrar a numerosos asistentes.\u00a0<strong>\u201cSe llevaron a muchos feligreses, al menos cuarenta\u201d<\/strong>, a\u00f1adi\u00f3 la misma fuente, que tambi\u00e9n confirm\u00f3 que, hasta el momento, no se ha recibido informaci\u00f3n sobre el paradero de los cautivos.<\/p>\n<p>El presidente del gobierno local de Ilejemeje, Pius Alaba, confirm\u00f3 el ataque y la muerte del pastor, aunque no pudo precisar el n\u00famero exacto de secuestrados. En la misma l\u00ednea, el portavoz de la Polic\u00eda del estado de Ekiti, Sunday Abutu, se\u00f1al\u00f3 que cinco hombres armados irrumpieron en el templo y que se ha desplegado un operativo para tratar de capturarlos.<\/p>\n<p>A estas declaraciones se sum\u00f3 la\u00a0<a href=\"https:\/\/www.ekitistate.gov.ng\/archives\/32975\" target=\"_blank\">reacci\u00f3n oficial del Gobierno del estado de Ekiti<\/a>, que\u00a0<strong>conden\u00f3 en\u00e9rgicamente el ataque, calific\u00e1ndolo de \u201catroz e inaceptable\u201d<\/strong>, y traslad\u00f3 sus condolencias a las familias de las v\u00edctimas.<\/p>\n<p>En un comunicado firmado por el comisionado de Informaci\u00f3n, Taiwo Olatunbosun, las autoridades aseguraron que \u201cno se escatimar\u00e1n esfuerzos\u201d para rescatar a los secuestrados y llevar a los responsables ante la justicia. Asimismo, informaron del despliegue inmediato de una delegaci\u00f3n de seguridad encabezada por el asesor especial del gobernador en esta materia, el general retirado Ebenezer Ogundana, para coordinar las operaciones sobre el terreno.<\/p>\n<p>El operativo se est\u00e1 desarrollando en colaboraci\u00f3n con la Polic\u00eda, el Ej\u00e9rcito nigeriano y otros cuerpos de seguridad, incluyendo patrullas locales, mientras se han activado labores intensivas de b\u00fasqueda y rescate, as\u00ed como operaciones de vigilancia en la zona. El Gobierno tambi\u00e9n se\u00f1al\u00f3 que la cercan\u00eda del templo a un \u00e1rea boscosa pudo influir en el ataque, y\u00a0<strong>pidi\u00f3 a la poblaci\u00f3n extremar la precauci\u00f3n<\/strong>, especialmente en actividades nocturnas como vigilias religiosas.<\/p>\n<div style=\"font-size:16px;color:#83979d;\" class=\"text-right photo-info-content\"><span class=\"photo-info\"><strong><span>&gt;&gt;&gt;&gt;&gt; <\/span><\/strong><em>Sigue el <a href=\"https:\/\/whatsapp.com\/channel\/0029VbBbpCrGpLHHil73qg0r\" target=\"_blank\"><strong>Canal de Evang\u00e9lico Digital en WhatsApp<\/strong><\/a>, actualizado al minuto con los art\u00edculos y noticias publicados<\/em><\/span> <\/div>\n<p>El ataque se produce en un contexto de creciente inseguridad en distintas regiones de Nigeria,<a href=\"https:\/\/evangelicodigital.com\/tag\/nigeria\" target=\"_blank\">\u00a0donde en los \u00faltimos meses se han registrado acciones similares contra lugares de culto<\/a>.<\/p>\n<p><strong>El pasado noviembre, por ejemplo, 38 feligreses fueron secuestrados en una iglesia del estado de Kwara,<\/strong>\u00a0en un asalto en el que tambi\u00e9n murieron varias personas. Las autoridades han atribuido estos hechos a bandas criminales dedicadas al secuestro, conocidas localmente como \u201cbandidos\u201d.<\/p>\n<p>Ante la escalada de violencia,\u00a0<strong>el presidente nigeriano, Bola Ahmed Tinubu, lleg\u00f3 a declarar una \u201cemergencia de seguridad nacional\u201d\u00a0<\/strong>y anunci\u00f3 el reclutamiento de miles de nuevos agentes policiales.<\/p>\n<p>\u00a0<\/p>\n<p>Sin embargo, diversas organizaciones internacionales advierten de que esta violencia no puede explicarse \u00fanicamente como criminalidad com\u00fan o conflictos por recursos.<\/p>\n<p>Grupos como\u00a0<strong>Boko Haram y el Estado Isl\u00e1mico en la Provincia de \u00c1frica Occidental<\/strong>\u00a0(ISWAP)\u00a0<strong>han manifestado expl\u00edcitamente su intenci\u00f3n de erradicar la presencia cristiana en el pa\u00eds.<\/strong>\u00a0Testimonios recogidos sobre el terreno se\u00f1alan que, durante algunos ataques, los agresores identifican a sus v\u00edctimas por su fe e incluso les ofrecen salvar la vida si renuncian al cristianismo.<\/p>\n<p>\u00a0<\/p>\n<p>Seg\u00fan informes del Observatorio para la Libertad Religiosa en \u00c1frica, los cristianos en el norte de Nigeria tienen 6,5 veces m\u00e1s probabilidades de ser asesinados que los musulmanes, y m\u00e1s de cinco veces de ser secuestrados.<\/p>\n<p>Adem\u00e1s, estimaciones de organismos como\u00a0<a href=\"https:\/\/www.puertasabiertas.org\/es-ES\/persecucion\/lmp\/nigeria\/\" target=\"_blank\">Puertas Abiertas<\/a>\u00a0sit\u00faan en m\u00e1s de 3.000 los cristianos asesinados por causa de su fe entre octubre de 2023 y septiembre de 2024.<\/p>\n<p>\u00a0<\/p>\n<p>A pesar de las detenciones realizadas en algunos casos, son escasos los responsables que llegan a ser juzgados, lo que, seg\u00fan denuncian distintas entidades, contribuye a una sensaci\u00f3n de desprotecci\u00f3n en las comunidades afectadas.<\/p>\n<p>En paralelo,\u00a0<strong>miles de personas han sido desplazadas de sus hogares, con aldeas destruidas e iglesias arrasadas,<\/strong>\u00a0en lo que ya se considera una grave crisis humanitaria.<\/p>\n<p>Diversas\u00a0<a href=\"https:\/\/protestantedigital.com\/actualidad\/71176\/rtve-rectifica-parcialmente-su-informacion-sobre-nigeria-tras-incorporar-datos-de-puertas-abiertas\" target=\"_blank\">voces<\/a>\u00a0subrayan tambi\u00e9n la importancia de que los medios de comunicaci\u00f3n reflejen todas las dimensiones del conflicto. Reducir estos ataques a simples actos de \u201cbandidaje\u201d, se\u00f1alan, puede ocultar el componente religioso presente en muchos de ellos y dificultar una comprensi\u00f3n completa de la situaci\u00f3n.<\/p>\n<\/p><\/div>\n<p>\n          Publicado en: <span class=\"text-turquoise\"> <a href=\"https:\/\/www.evangelicodigital.com\">EVANG\u00c9LICO DIGITAL<\/a> &#8211; <a href=\"https:\/\/www.evangelicodigital.com\/mundo\">MUNDO<\/a><\/span><br \/>\n          &#8211; Un pastor asesinado y decenas de fieles secuestrados en un ataque a una iglesia en Nigeria\n        <\/p>\n<p><br \/>\n<br \/><a href=\"https:\/\/www.evangelicodigital.com\/mundo\/41338\/un-pastor-asesinado-y-decenas-de-fieles-secuestrados-en-ataque-a-iglesia-en-nigeria\">Source link <\/a><\/p>\n","protected":false},"excerpt":{"rendered":"<p>Un pastor muri\u00f3 y al menos cuarenta feligreses fueron secuestrados en un\u00a0ataque armado\u00a0perpetrado la noche del martes contra una iglesia en el estado de Ekiti, en el suroeste de Nigeria, seg\u00fan confirmaron fuentes de la parroquia y autoridades locales. El asalto tuvo lugar en la\u00a0Iglesia Apost\u00f3lica de Cristo, situada en el \u00e1rea de gobierno local [&hellip;]<\/p>\n","protected":false},"author":2,"featured_media":0,"comment_status":"","ping_status":"open","sticky":false,"template":"","format":"standard","meta":{"fifu_image_url":"","fifu_image_alt":"","footnotes":""},"categories":[1],"tags":[],"class_list":["post-7527","post","type-post","status-publish","format-standard","hentry","category-nexopost"],"yoast_head":"<!-- This site is optimized with the Yoast SEO Premium plugin v25.7.1 (Yoast SEO v26.5) - https:\/\/yoast.com\/wordpress\/plugins\/seo\/ -->\n<title>Un pastor asesinado y decenas de fieles secuestrados en un ataque a una iglesia en Nigeria - Stereo Visi\u00f3n de Dios<\/title>\n<meta name=\"robots\" content=\"index, follow, max-snippet:-1, max-image-preview:large, max-video-preview:-1\" \/>\n<link rel=\"canonical\" href=\"https:\/\/stereovisiondedios.com\/?p=7527\" \/>\n<meta property=\"og:locale\" content=\"es_ES\" \/>\n<meta property=\"og:type\" content=\"article\" \/>\n<meta property=\"og:title\" content=\"Un pastor asesinado y decenas de fieles secuestrados en un ataque a una iglesia en Nigeria\" \/>\n<meta property=\"og:description\" content=\"Un pastor muri\u00f3 y al menos cuarenta feligreses fueron secuestrados en un\u00a0ataque armado\u00a0perpetrado la noche del martes contra una iglesia en el estado de Ekiti, en el suroeste de Nigeria, seg\u00fan confirmaron fuentes de la parroquia y autoridades locales. El asalto tuvo lugar en la\u00a0Iglesia Apost\u00f3lica de Cristo, situada en el \u00e1rea de gobierno local [&hellip;]\" \/>\n<meta property=\"og:url\" content=\"https:\/\/stereovisiondedios.com\/?p=7527\" \/>\n<meta property=\"og:site_name\" content=\"Stereo Visi\u00f3n de Dios\" \/>\n<meta property=\"article:publisher\" content=\"https:\/\/www.facebook.com\/visiondedios106.9fm\" \/>\n<meta property=\"article:published_time\" content=\"2026-05-02T15:45:54+00:00\" \/>\n<meta name=\"author\" content=\"NexoRadio\" \/>\n<meta name=\"twitter:card\" content=\"summary_large_image\" \/>\n<meta name=\"twitter:label1\" content=\"Escrito por\" \/>\n\t<meta name=\"twitter:data1\" content=\"NexoRadio\" \/>\n\t<meta name=\"twitter:label2\" content=\"Tiempo de lectura\" \/>\n\t<meta name=\"twitter:data2\" content=\"4 minutos\" \/>\n<script type=\"application\/ld+json\" class=\"yoast-schema-graph\">{\"@context\":\"https:\/\/schema.org\",\"@graph\":[{\"@type\":\"Article\",\"@id\":\"https:\/\/stereovisiondedios.com\/?p=7527#article\",\"isPartOf\":{\"@id\":\"https:\/\/stereovisiondedios.com\/?p=7527\"},\"author\":{\"name\":\"NexoRadio\",\"@id\":\"https:\/\/stereovisiondedios.com\/#\/schema\/person\/32b4d07d90fc8962809b81993562e343\"},\"headline\":\"Un pastor asesinado y decenas de fieles secuestrados en un ataque a una iglesia en Nigeria\",\"datePublished\":\"2026-05-02T15:45:54+00:00\",\"mainEntityOfPage\":{\"@id\":\"https:\/\/stereovisiondedios.com\/?p=7527\"},\"wordCount\":842,\"publisher\":{\"@id\":\"https:\/\/stereovisiondedios.com\/#organization\"},\"articleSection\":[\"NexoPost\"],\"inLanguage\":\"es\"},{\"@type\":\"WebPage\",\"@id\":\"https:\/\/stereovisiondedios.com\/?p=7527\",\"url\":\"https:\/\/stereovisiondedios.com\/?p=7527\",\"name\":\"Un pastor asesinado y decenas de fieles secuestrados en un ataque a una iglesia en Nigeria - Stereo Visi\u00f3n de Dios\",\"isPartOf\":{\"@id\":\"https:\/\/stereovisiondedios.com\/#website\"},\"datePublished\":\"2026-05-02T15:45:54+00:00\",\"breadcrumb\":{\"@id\":\"https:\/\/stereovisiondedios.com\/?p=7527#breadcrumb\"},\"inLanguage\":\"es\",\"potentialAction\":[{\"@type\":\"ReadAction\",\"target\":[\"https:\/\/stereovisiondedios.com\/?p=7527\"]}]},{\"@type\":\"BreadcrumbList\",\"@id\":\"https:\/\/stereovisiondedios.com\/?p=7527#breadcrumb\",\"itemListElement\":[{\"@type\":\"ListItem\",\"position\":1,\"name\":\"Home\",\"item\":\"https:\/\/stereovisiondedios.com\/\"},{\"@type\":\"ListItem\",\"position\":2,\"name\":\"Un pastor asesinado y decenas de fieles secuestrados en un ataque a una iglesia en Nigeria\"}]},{\"@type\":\"WebSite\",\"@id\":\"https:\/\/stereovisiondedios.com\/#website\",\"url\":\"https:\/\/stereovisiondedios.com\/\",\"name\":\"Stereo Visi\u00f3n de Dios\",\"description\":\"Conectate...\",\"publisher\":{\"@id\":\"https:\/\/stereovisiondedios.com\/#organization\"},\"potentialAction\":[{\"@type\":\"SearchAction\",\"target\":{\"@type\":\"EntryPoint\",\"urlTemplate\":\"https:\/\/stereovisiondedios.com\/?s={search_term_string}\"},\"query-input\":{\"@type\":\"PropertyValueSpecification\",\"valueRequired\":true,\"valueName\":\"search_term_string\"}}],\"inLanguage\":\"es\"},{\"@type\":\"Organization\",\"@id\":\"https:\/\/stereovisiondedios.com\/#organization\",\"name\":\"Radio Stereo Visi\u00f3n de Dios\",\"url\":\"https:\/\/stereovisiondedios.com\/\",\"logo\":{\"@type\":\"ImageObject\",\"inLanguage\":\"es\",\"@id\":\"https:\/\/stereovisiondedios.com\/#\/schema\/logo\/image\/\",\"url\":\"https:\/\/stereovisiondedios.com\/wp-content\/uploads\/2024\/10\/www.fmhorizontesalta.com_.ar-5-1.png\",\"contentUrl\":\"https:\/\/stereovisiondedios.com\/wp-content\/uploads\/2024\/10\/www.fmhorizontesalta.com_.ar-5-1.png\",\"width\":555,\"height\":114,\"caption\":\"Radio Stereo Visi\u00f3n de Dios\"},\"image\":{\"@id\":\"https:\/\/stereovisiondedios.com\/#\/schema\/logo\/image\/\"},\"sameAs\":[\"https:\/\/www.facebook.com\/visiondedios106.9fm\",\"https:\/\/www.tiktok.com\/@vision_de_dios_106_9_fm\",\"https:\/\/www.youtube.com\/@radiovisiondediosstereo106.9\"]},{\"@type\":\"Person\",\"@id\":\"https:\/\/stereovisiondedios.com\/#\/schema\/person\/32b4d07d90fc8962809b81993562e343\",\"name\":\"NexoRadio\",\"image\":{\"@type\":\"ImageObject\",\"inLanguage\":\"es\",\"@id\":\"https:\/\/stereovisiondedios.com\/#\/schema\/person\/image\/\",\"url\":\"https:\/\/secure.gravatar.com\/avatar\/5c8c3ec5af674c12295d543b84fe993caada4dedbc52804dace89aa6e7f89070?s=96&d=mm&r=g\",\"contentUrl\":\"https:\/\/secure.gravatar.com\/avatar\/5c8c3ec5af674c12295d543b84fe993caada4dedbc52804dace89aa6e7f89070?s=96&d=mm&r=g\",\"caption\":\"NexoRadio\"},\"url\":\"https:\/\/stereovisiondedios.com\/?author=2\"}]}<\/script>\n<!-- \/ Yoast SEO Premium plugin. -->","yoast_head_json":{"title":"Un pastor asesinado y decenas de fieles secuestrados en un ataque a una iglesia en Nigeria - Stereo Visi\u00f3n de Dios","robots":{"index":"index","follow":"follow","max-snippet":"max-snippet:-1","max-image-preview":"max-image-preview:large","max-video-preview":"max-video-preview:-1"},"canonical":"https:\/\/stereovisiondedios.com\/?p=7527","og_locale":"es_ES","og_type":"article","og_title":"Un pastor asesinado y decenas de fieles secuestrados en un ataque a una iglesia en Nigeria","og_description":"Un pastor muri\u00f3 y al menos cuarenta feligreses fueron secuestrados en un\u00a0ataque armado\u00a0perpetrado la noche del martes contra una iglesia en el estado de Ekiti, en el suroeste de Nigeria, seg\u00fan confirmaron fuentes de la parroquia y autoridades locales. El asalto tuvo lugar en la\u00a0Iglesia Apost\u00f3lica de Cristo, situada en el \u00e1rea de gobierno local [&hellip;]","og_url":"https:\/\/stereovisiondedios.com\/?p=7527","og_site_name":"Stereo Visi\u00f3n de Dios","article_publisher":"https:\/\/www.facebook.com\/visiondedios106.9fm","article_published_time":"2026-05-02T15:45:54+00:00","author":"NexoRadio","twitter_card":"summary_large_image","twitter_misc":{"Escrito por":"NexoRadio","Tiempo de lectura":"4 minutos"},"schema":{"@context":"https:\/\/schema.org","@graph":[{"@type":"Article","@id":"https:\/\/stereovisiondedios.com\/?p=7527#article","isPartOf":{"@id":"https:\/\/stereovisiondedios.com\/?p=7527"},"author":{"name":"NexoRadio","@id":"https:\/\/stereovisiondedios.com\/#\/schema\/person\/32b4d07d90fc8962809b81993562e343"},"headline":"Un pastor asesinado y decenas de fieles secuestrados en un ataque a una iglesia en Nigeria","datePublished":"2026-05-02T15:45:54+00:00","mainEntityOfPage":{"@id":"https:\/\/stereovisiondedios.com\/?p=7527"},"wordCount":842,"publisher":{"@id":"https:\/\/stereovisiondedios.com\/#organization"},"articleSection":["NexoPost"],"inLanguage":"es"},{"@type":"WebPage","@id":"https:\/\/stereovisiondedios.com\/?p=7527","url":"https:\/\/stereovisiondedios.com\/?p=7527","name":"Un pastor asesinado y decenas de fieles secuestrados en un ataque a una iglesia en Nigeria - Stereo Visi\u00f3n de Dios","isPartOf":{"@id":"https:\/\/stereovisiondedios.com\/#website"},"datePublished":"2026-05-02T15:45:54+00:00","breadcrumb":{"@id":"https:\/\/stereovisiondedios.com\/?p=7527#breadcrumb"},"inLanguage":"es","potentialAction":[{"@type":"ReadAction","target":["https:\/\/stereovisiondedios.com\/?p=7527"]}]},{"@type":"BreadcrumbList","@id":"https:\/\/stereovisiondedios.com\/?p=7527#breadcrumb","itemListElement":[{"@type":"ListItem","position":1,"name":"Home","item":"https:\/\/stereovisiondedios.com\/"},{"@type":"ListItem","position":2,"name":"Un pastor asesinado y decenas de fieles secuestrados en un ataque a una iglesia en Nigeria"}]},{"@type":"WebSite","@id":"https:\/\/stereovisiondedios.com\/#website","url":"https:\/\/stereovisiondedios.com\/","name":"Stereo Visi\u00f3n de Dios","description":"Conectate...","publisher":{"@id":"https:\/\/stereovisiondedios.com\/#organization"},"potentialAction":[{"@type":"SearchAction","target":{"@type":"EntryPoint","urlTemplate":"https:\/\/stereovisiondedios.com\/?s={search_term_string}"},"query-input":{"@type":"PropertyValueSpecification","valueRequired":true,"valueName":"search_term_string"}}],"inLanguage":"es"},{"@type":"Organization","@id":"https:\/\/stereovisiondedios.com\/#organization","name":"Radio Stereo Visi\u00f3n de Dios","url":"https:\/\/stereovisiondedios.com\/","logo":{"@type":"ImageObject","inLanguage":"es","@id":"https:\/\/stereovisiondedios.com\/#\/schema\/logo\/image\/","url":"https:\/\/stereovisiondedios.com\/wp-content\/uploads\/2024\/10\/www.fmhorizontesalta.com_.ar-5-1.png","contentUrl":"https:\/\/stereovisiondedios.com\/wp-content\/uploads\/2024\/10\/www.fmhorizontesalta.com_.ar-5-1.png","width":555,"height":114,"caption":"Radio Stereo Visi\u00f3n de Dios"},"image":{"@id":"https:\/\/stereovisiondedios.com\/#\/schema\/logo\/image\/"},"sameAs":["https:\/\/www.facebook.com\/visiondedios106.9fm","https:\/\/www.tiktok.com\/@vision_de_dios_106_9_fm","https:\/\/www.youtube.com\/@radiovisiondediosstereo106.9"]},{"@type":"Person","@id":"https:\/\/stereovisiondedios.com\/#\/schema\/person\/32b4d07d90fc8962809b81993562e343","name":"NexoRadio","image":{"@type":"ImageObject","inLanguage":"es","@id":"https:\/\/stereovisiondedios.com\/#\/schema\/person\/image\/","url":"https:\/\/secure.gravatar.com\/avatar\/5c8c3ec5af674c12295d543b84fe993caada4dedbc52804dace89aa6e7f89070?s=96&d=mm&r=g","contentUrl":"https:\/\/secure.gravatar.com\/avatar\/5c8c3ec5af674c12295d543b84fe993caada4dedbc52804dace89aa6e7f89070?s=96&d=mm&r=g","caption":"NexoRadio"},"url":"https:\/\/stereovisiondedios.com\/?author=2"}]}},"_links":{"self":[{"href":"https:\/\/stereovisiondedios.com\/index.php?rest_route=\/wp\/v2\/posts\/7527","targetHints":{"allow":["GET"]}}],"collection":[{"href":"https:\/\/stereovisiondedios.com\/index.php?rest_route=\/wp\/v2\/posts"}],"about":[{"href":"https:\/\/stereovisiondedios.com\/index.php?rest_route=\/wp\/v2\/types\/post"}],"author":[{"embeddable":true,"href":"https:\/\/stereovisiondedios.com\/index.php?rest_route=\/wp\/v2\/users\/2"}],"replies":[{"embeddable":true,"href":"https:\/\/stereovisiondedios.com\/index.php?rest_route=%2Fwp%2Fv2%2Fcomments&post=7527"}],"version-history":[{"count":0,"href":"https:\/\/stereovisiondedios.com\/index.php?rest_route=\/wp\/v2\/posts\/7527\/revisions"}],"wp:attachment":[{"href":"https:\/\/stereovisiondedios.com\/index.php?rest_route=%2Fwp%2Fv2%2Fmedia&parent=7527"}],"wp:term":[{"taxonomy":"category","embeddable":true,"href":"https:\/\/stereovisiondedios.com\/index.php?rest_route=%2Fwp%2Fv2%2Fcategories&post=7527"},{"taxonomy":"post_tag","embeddable":true,"href":"https:\/\/stereovisiondedios.com\/index.php?rest_route=%2Fwp%2Fv2%2Ftags&post=7527"}],"curies":[{"name":"wp","href":"https:\/\/api.w.org\/{rel}","templated":true}]}}