{"id":7530,"date":"2026-04-27T10:54:46","date_gmt":"2026-04-27T16:54:46","guid":{"rendered":"https:\/\/stereovisiondedios.com\/?p=7530"},"modified":"2026-04-27T10:54:46","modified_gmt":"2026-04-27T16:54:46","slug":"r-dominicana-lideres-evangelicos-respaldan-esfuerzo-del-gobierno-y-preparan-propuestas-para-mitigar-la-crisis-mundial","status":"publish","type":"post","link":"https:\/\/stereovisiondedios.com\/?p=7530","title":{"rendered":"R. Dominicana | L\u00edderes evang\u00e9licos respaldan esfuerzo del Gobierno y preparan propuestas para mitigar la crisis mundial"},"content":{"rendered":"<p><br \/>\n<\/p>\n<div>\n<p><strong>El Gobierno dominicano sostuvo este pasado viernes el quinto encuentro de la comisi\u00f3n designada por el presidente Luis Abinader para avanzar hacia un acuerdo nacional que permita enfrentar los efectos de la crisis global derivada del conflicto b\u00e9lico en Medio Oriente, especialmente la situaci\u00f3n en Ir\u00e1n. La reuni\u00f3n se celebr\u00f3 en la sede del Servicio Social de Iglesias Dominicanas con representantes de la comunidad evang\u00e9lica.<\/strong><\/p>\n<p>Este encuentro forma parte de una agenda de consultas con diversos sectores. Hasta ahora, la comisi\u00f3n ha dialogado con representantes de gremios empresariales, los expresidentes Danilo Medina y Leonel Fern\u00e1ndez, la\u00a0 Conferencia del Episcopado cat\u00f3lico dominicano y ahora la comunidad evang\u00e9lica.<\/p>\n<div style=\"font-size:16px;color:#83979d;\" class=\"text-right photo-info-content\"><span class=\"photo-info\"><strong><span>&gt;&gt;&gt;&gt;&gt; <\/span><\/strong><em>Sigue el <a href=\"https:\/\/whatsapp.com\/channel\/0029VbBbpCrGpLHHil73qg0r\" target=\"_blank\"><strong>Canal de Evang\u00e9lico Digital en WhatsApp<\/strong><\/a>, actualizado al minuto con los art\u00edculos y noticias publicados<\/em><\/span> <\/div>\n<p>La <strong>comisi\u00f3n gubernamental<\/strong>, integrada por los ministros Jos\u00e9 Ignacio Paliza (Presidencia) y Eduardo \u201cYayo\u201d Sanz Lovat\u00f3n (Industria y Comercio), present\u00f3 a los l\u00edderes religiosos el plan de acci\u00f3n que ejecuta el Gobierno para reducir el impacto econ\u00f3mico en las familias dominicanas.<\/p>\n<p>El encuentro fue encabezado por parte evang\u00e9lica por <strong>Lorenzo Mota King<\/strong>, director ejecutivo del Servicio Social de Iglesias Dominicanas, quien destac\u00f3 que el objetivo es \u201cpensar juntos en c\u00f3mo buscar una salida conjunta\u201d que permita mantener el progreso del pa\u00eds y proteger a los sectores m\u00e1s vulnerables. <strong>Adelant\u00f3 que en una pr\u00f3xima reuni\u00f3n presentar\u00e1n propuestas concretas para contribuir a paliar la crisis<\/strong>.<\/p>\n<p>En la reuni\u00f3n participaron <strong>Milc\u00edades Franjul Pimentel<\/strong>, enlace de las iglesias evang\u00e9licas ante el Poder Ejecutivo; <strong>Miguel \u00c1ngel Canc\u00fa Drullard<\/strong>, reverendo; <strong>Raffy Paz<\/strong>, pastor; <strong>Feliciano Lacen Custodio<\/strong>, l\u00edder religioso; <strong>D\u00edo Astacio<\/strong>, alcalde de Santo Domingo Este; y <strong>Reynaldo Franco Aquino<\/strong>, presidente de la Comunidad Apost\u00f3lica Internacional (Coapin), que valor\u00f3 los esfuerzos del Gobierno y se\u00f1al\u00f3 que <strong>desde las iglesias se han presentado iniciativas, entre ellas un plan nacional orientado a garantizar la seguridad alimentaria<\/strong>, aunque sin ofrecer detalles adicionales.<\/p>\n<p>\u00a0<\/p>\n<p><strong>Durante el encuentro, la comisi\u00f3n reiter\u00f3 que el pa\u00eds mantiene fundamentos macroecon\u00f3micos s\u00f3lidos<\/strong>, con reservas internacionales cercanas a US$16,000 millones, adecuados niveles de liquidez y acceso a financiamiento interno y externo.<\/p>\n<p>El Ministerio de Industria, Comercio y Mipymes inform\u00f3 que el Gobierno ha destinado RD$1,143.9 millones para congelar los cinco combustibles de mayor consumo, evitando aumentos en productos esenciales y RD$1,000 millones para subsidios a fertilizantes, absorbiendo alzas de hasta un 40 % y evitando un impacto mayor en la canasta b\u00e1sica familiar.\u00a0<\/p>\n<\/p><\/div>\n<p>\n          Publicado en: <span class=\"text-turquoise\"> <a href=\"https:\/\/www.evangelicodigital.com\">EVANG\u00c9LICO DIGITAL<\/a> &#8211; <a href=\"https:\/\/www.evangelicodigital.com\/latinoamerica\">LATINOAM\u00c9RICA<\/a><\/span><br \/>\n          &#8211; R. Dominicana | L\u00edderes evang\u00e9licos respaldan esfuerzo del Gobierno y preparan propuestas para mitigar la crisis mundial\n        <\/p>\n<p><br \/>\n<br \/><a href=\"https:\/\/www.evangelicodigital.com\/latinoamerica\/41300\/r-dominicana-lideres-evangelicos-respaldan-esfuerzo-de-gobierno-y-preparan-propuestas-para-mitigar-crisis-internacional\">Source link <\/a><\/p>\n","protected":false},"excerpt":{"rendered":"<p>El Gobierno dominicano sostuvo este pasado viernes el quinto encuentro de la comisi\u00f3n designada por el presidente Luis Abinader para avanzar hacia un acuerdo nacional que permita enfrentar los efectos de la crisis global derivada del conflicto b\u00e9lico en Medio Oriente, especialmente la situaci\u00f3n en Ir\u00e1n. La reuni\u00f3n se celebr\u00f3 en la sede del Servicio [&hellip;]<\/p>\n","protected":false},"author":2,"featured_media":0,"comment_status":"","ping_status":"open","sticky":false,"template":"","format":"standard","meta":{"fifu_image_url":"","fifu_image_alt":"","footnotes":""},"categories":[1],"tags":[],"class_list":["post-7530","post","type-post","status-publish","format-standard","hentry","category-nexopost"],"yoast_head":"<!-- This site is optimized with the Yoast SEO Premium plugin v25.7.1 (Yoast SEO v26.5) - https:\/\/yoast.com\/wordpress\/plugins\/seo\/ -->\n<title>R. Dominicana | L\u00edderes evang\u00e9licos respaldan esfuerzo del Gobierno y preparan propuestas para mitigar la crisis mundial - Stereo Visi\u00f3n de Dios<\/title>\n<meta name=\"robots\" content=\"index, follow, max-snippet:-1, max-image-preview:large, max-video-preview:-1\" \/>\n<link rel=\"canonical\" href=\"https:\/\/stereovisiondedios.com\/?p=7530\" \/>\n<meta property=\"og:locale\" content=\"es_ES\" \/>\n<meta property=\"og:type\" content=\"article\" \/>\n<meta property=\"og:title\" content=\"R. Dominicana | L\u00edderes evang\u00e9licos respaldan esfuerzo del Gobierno y preparan propuestas para mitigar la crisis mundial\" \/>\n<meta property=\"og:description\" content=\"El Gobierno dominicano sostuvo este pasado viernes el quinto encuentro de la comisi\u00f3n designada por el presidente Luis Abinader para avanzar hacia un acuerdo nacional que permita enfrentar los efectos de la crisis global derivada del conflicto b\u00e9lico en Medio Oriente, especialmente la situaci\u00f3n en Ir\u00e1n. La reuni\u00f3n se celebr\u00f3 en la sede del Servicio [&hellip;]\" \/>\n<meta property=\"og:url\" content=\"https:\/\/stereovisiondedios.com\/?p=7530\" \/>\n<meta property=\"og:site_name\" content=\"Stereo Visi\u00f3n de Dios\" \/>\n<meta property=\"article:publisher\" content=\"https:\/\/www.facebook.com\/visiondedios106.9fm\" \/>\n<meta property=\"article:published_time\" content=\"2026-04-27T16:54:46+00:00\" \/>\n<meta name=\"author\" content=\"NexoRadio\" \/>\n<meta name=\"twitter:card\" content=\"summary_large_image\" \/>\n<meta name=\"twitter:label1\" content=\"Escrito por\" \/>\n\t<meta name=\"twitter:data1\" content=\"NexoRadio\" \/>\n\t<meta name=\"twitter:label2\" content=\"Tiempo de lectura\" \/>\n\t<meta name=\"twitter:data2\" content=\"2 minutos\" \/>\n<script type=\"application\/ld+json\" class=\"yoast-schema-graph\">{\"@context\":\"https:\/\/schema.org\",\"@graph\":[{\"@type\":\"Article\",\"@id\":\"https:\/\/stereovisiondedios.com\/?p=7530#article\",\"isPartOf\":{\"@id\":\"https:\/\/stereovisiondedios.com\/?p=7530\"},\"author\":{\"name\":\"NexoRadio\",\"@id\":\"https:\/\/stereovisiondedios.com\/#\/schema\/person\/32b4d07d90fc8962809b81993562e343\"},\"headline\":\"R. Dominicana | L\u00edderes evang\u00e9licos respaldan esfuerzo del Gobierno y preparan propuestas para mitigar la crisis mundial\",\"datePublished\":\"2026-04-27T16:54:46+00:00\",\"mainEntityOfPage\":{\"@id\":\"https:\/\/stereovisiondedios.com\/?p=7530\"},\"wordCount\":476,\"publisher\":{\"@id\":\"https:\/\/stereovisiondedios.com\/#organization\"},\"articleSection\":[\"NexoPost\"],\"inLanguage\":\"es\"},{\"@type\":\"WebPage\",\"@id\":\"https:\/\/stereovisiondedios.com\/?p=7530\",\"url\":\"https:\/\/stereovisiondedios.com\/?p=7530\",\"name\":\"R. Dominicana | L\u00edderes evang\u00e9licos respaldan esfuerzo del Gobierno y preparan propuestas para mitigar la crisis mundial - Stereo Visi\u00f3n de Dios\",\"isPartOf\":{\"@id\":\"https:\/\/stereovisiondedios.com\/#website\"},\"datePublished\":\"2026-04-27T16:54:46+00:00\",\"breadcrumb\":{\"@id\":\"https:\/\/stereovisiondedios.com\/?p=7530#breadcrumb\"},\"inLanguage\":\"es\",\"potentialAction\":[{\"@type\":\"ReadAction\",\"target\":[\"https:\/\/stereovisiondedios.com\/?p=7530\"]}]},{\"@type\":\"BreadcrumbList\",\"@id\":\"https:\/\/stereovisiondedios.com\/?p=7530#breadcrumb\",\"itemListElement\":[{\"@type\":\"ListItem\",\"position\":1,\"name\":\"Home\",\"item\":\"https:\/\/stereovisiondedios.com\/\"},{\"@type\":\"ListItem\",\"position\":2,\"name\":\"R. Dominicana | L\u00edderes evang\u00e9licos respaldan esfuerzo del Gobierno y preparan propuestas para mitigar la crisis mundial\"}]},{\"@type\":\"WebSite\",\"@id\":\"https:\/\/stereovisiondedios.com\/#website\",\"url\":\"https:\/\/stereovisiondedios.com\/\",\"name\":\"Stereo Visi\u00f3n de Dios\",\"description\":\"Conectate...\",\"publisher\":{\"@id\":\"https:\/\/stereovisiondedios.com\/#organization\"},\"potentialAction\":[{\"@type\":\"SearchAction\",\"target\":{\"@type\":\"EntryPoint\",\"urlTemplate\":\"https:\/\/stereovisiondedios.com\/?s={search_term_string}\"},\"query-input\":{\"@type\":\"PropertyValueSpecification\",\"valueRequired\":true,\"valueName\":\"search_term_string\"}}],\"inLanguage\":\"es\"},{\"@type\":\"Organization\",\"@id\":\"https:\/\/stereovisiondedios.com\/#organization\",\"name\":\"Radio Stereo Visi\u00f3n de Dios\",\"url\":\"https:\/\/stereovisiondedios.com\/\",\"logo\":{\"@type\":\"ImageObject\",\"inLanguage\":\"es\",\"@id\":\"https:\/\/stereovisiondedios.com\/#\/schema\/logo\/image\/\",\"url\":\"https:\/\/stereovisiondedios.com\/wp-content\/uploads\/2024\/10\/www.fmhorizontesalta.com_.ar-5-1.png\",\"contentUrl\":\"https:\/\/stereovisiondedios.com\/wp-content\/uploads\/2024\/10\/www.fmhorizontesalta.com_.ar-5-1.png\",\"width\":555,\"height\":114,\"caption\":\"Radio Stereo Visi\u00f3n de Dios\"},\"image\":{\"@id\":\"https:\/\/stereovisiondedios.com\/#\/schema\/logo\/image\/\"},\"sameAs\":[\"https:\/\/www.facebook.com\/visiondedios106.9fm\",\"https:\/\/www.tiktok.com\/@vision_de_dios_106_9_fm\",\"https:\/\/www.youtube.com\/@radiovisiondediosstereo106.9\"]},{\"@type\":\"Person\",\"@id\":\"https:\/\/stereovisiondedios.com\/#\/schema\/person\/32b4d07d90fc8962809b81993562e343\",\"name\":\"NexoRadio\",\"image\":{\"@type\":\"ImageObject\",\"inLanguage\":\"es\",\"@id\":\"https:\/\/stereovisiondedios.com\/#\/schema\/person\/image\/\",\"url\":\"https:\/\/secure.gravatar.com\/avatar\/5c8c3ec5af674c12295d543b84fe993caada4dedbc52804dace89aa6e7f89070?s=96&d=mm&r=g\",\"contentUrl\":\"https:\/\/secure.gravatar.com\/avatar\/5c8c3ec5af674c12295d543b84fe993caada4dedbc52804dace89aa6e7f89070?s=96&d=mm&r=g\",\"caption\":\"NexoRadio\"},\"url\":\"https:\/\/stereovisiondedios.com\/?author=2\"}]}<\/script>\n<!-- \/ Yoast SEO Premium plugin. -->","yoast_head_json":{"title":"R. Dominicana | L\u00edderes evang\u00e9licos respaldan esfuerzo del Gobierno y preparan propuestas para mitigar la crisis mundial - Stereo Visi\u00f3n de Dios","robots":{"index":"index","follow":"follow","max-snippet":"max-snippet:-1","max-image-preview":"max-image-preview:large","max-video-preview":"max-video-preview:-1"},"canonical":"https:\/\/stereovisiondedios.com\/?p=7530","og_locale":"es_ES","og_type":"article","og_title":"R. Dominicana | L\u00edderes evang\u00e9licos respaldan esfuerzo del Gobierno y preparan propuestas para mitigar la crisis mundial","og_description":"El Gobierno dominicano sostuvo este pasado viernes el quinto encuentro de la comisi\u00f3n designada por el presidente Luis Abinader para avanzar hacia un acuerdo nacional que permita enfrentar los efectos de la crisis global derivada del conflicto b\u00e9lico en Medio Oriente, especialmente la situaci\u00f3n en Ir\u00e1n. La reuni\u00f3n se celebr\u00f3 en la sede del Servicio [&hellip;]","og_url":"https:\/\/stereovisiondedios.com\/?p=7530","og_site_name":"Stereo Visi\u00f3n de Dios","article_publisher":"https:\/\/www.facebook.com\/visiondedios106.9fm","article_published_time":"2026-04-27T16:54:46+00:00","author":"NexoRadio","twitter_card":"summary_large_image","twitter_misc":{"Escrito por":"NexoRadio","Tiempo de lectura":"2 minutos"},"schema":{"@context":"https:\/\/schema.org","@graph":[{"@type":"Article","@id":"https:\/\/stereovisiondedios.com\/?p=7530#article","isPartOf":{"@id":"https:\/\/stereovisiondedios.com\/?p=7530"},"author":{"name":"NexoRadio","@id":"https:\/\/stereovisiondedios.com\/#\/schema\/person\/32b4d07d90fc8962809b81993562e343"},"headline":"R. Dominicana | L\u00edderes evang\u00e9licos respaldan esfuerzo del Gobierno y preparan propuestas para mitigar la crisis mundial","datePublished":"2026-04-27T16:54:46+00:00","mainEntityOfPage":{"@id":"https:\/\/stereovisiondedios.com\/?p=7530"},"wordCount":476,"publisher":{"@id":"https:\/\/stereovisiondedios.com\/#organization"},"articleSection":["NexoPost"],"inLanguage":"es"},{"@type":"WebPage","@id":"https:\/\/stereovisiondedios.com\/?p=7530","url":"https:\/\/stereovisiondedios.com\/?p=7530","name":"R. Dominicana | L\u00edderes evang\u00e9licos respaldan esfuerzo del Gobierno y preparan propuestas para mitigar la crisis mundial - Stereo Visi\u00f3n de Dios","isPartOf":{"@id":"https:\/\/stereovisiondedios.com\/#website"},"datePublished":"2026-04-27T16:54:46+00:00","breadcrumb":{"@id":"https:\/\/stereovisiondedios.com\/?p=7530#breadcrumb"},"inLanguage":"es","potentialAction":[{"@type":"ReadAction","target":["https:\/\/stereovisiondedios.com\/?p=7530"]}]},{"@type":"BreadcrumbList","@id":"https:\/\/stereovisiondedios.com\/?p=7530#breadcrumb","itemListElement":[{"@type":"ListItem","position":1,"name":"Home","item":"https:\/\/stereovisiondedios.com\/"},{"@type":"ListItem","position":2,"name":"R. Dominicana | L\u00edderes evang\u00e9licos respaldan esfuerzo del Gobierno y preparan propuestas para mitigar la crisis mundial"}]},{"@type":"WebSite","@id":"https:\/\/stereovisiondedios.com\/#website","url":"https:\/\/stereovisiondedios.com\/","name":"Stereo Visi\u00f3n de Dios","description":"Conectate...","publisher":{"@id":"https:\/\/stereovisiondedios.com\/#organization"},"potentialAction":[{"@type":"SearchAction","target":{"@type":"EntryPoint","urlTemplate":"https:\/\/stereovisiondedios.com\/?s={search_term_string}"},"query-input":{"@type":"PropertyValueSpecification","valueRequired":true,"valueName":"search_term_string"}}],"inLanguage":"es"},{"@type":"Organization","@id":"https:\/\/stereovisiondedios.com\/#organization","name":"Radio Stereo Visi\u00f3n de Dios","url":"https:\/\/stereovisiondedios.com\/","logo":{"@type":"ImageObject","inLanguage":"es","@id":"https:\/\/stereovisiondedios.com\/#\/schema\/logo\/image\/","url":"https:\/\/stereovisiondedios.com\/wp-content\/uploads\/2024\/10\/www.fmhorizontesalta.com_.ar-5-1.png","contentUrl":"https:\/\/stereovisiondedios.com\/wp-content\/uploads\/2024\/10\/www.fmhorizontesalta.com_.ar-5-1.png","width":555,"height":114,"caption":"Radio Stereo Visi\u00f3n de Dios"},"image":{"@id":"https:\/\/stereovisiondedios.com\/#\/schema\/logo\/image\/"},"sameAs":["https:\/\/www.facebook.com\/visiondedios106.9fm","https:\/\/www.tiktok.com\/@vision_de_dios_106_9_fm","https:\/\/www.youtube.com\/@radiovisiondediosstereo106.9"]},{"@type":"Person","@id":"https:\/\/stereovisiondedios.com\/#\/schema\/person\/32b4d07d90fc8962809b81993562e343","name":"NexoRadio","image":{"@type":"ImageObject","inLanguage":"es","@id":"https:\/\/stereovisiondedios.com\/#\/schema\/person\/image\/","url":"https:\/\/secure.gravatar.com\/avatar\/5c8c3ec5af674c12295d543b84fe993caada4dedbc52804dace89aa6e7f89070?s=96&d=mm&r=g","contentUrl":"https:\/\/secure.gravatar.com\/avatar\/5c8c3ec5af674c12295d543b84fe993caada4dedbc52804dace89aa6e7f89070?s=96&d=mm&r=g","caption":"NexoRadio"},"url":"https:\/\/stereovisiondedios.com\/?author=2"}]}},"_links":{"self":[{"href":"https:\/\/stereovisiondedios.com\/index.php?rest_route=\/wp\/v2\/posts\/7530","targetHints":{"allow":["GET"]}}],"collection":[{"href":"https:\/\/stereovisiondedios.com\/index.php?rest_route=\/wp\/v2\/posts"}],"about":[{"href":"https:\/\/stereovisiondedios.com\/index.php?rest_route=\/wp\/v2\/types\/post"}],"author":[{"embeddable":true,"href":"https:\/\/stereovisiondedios.com\/index.php?rest_route=\/wp\/v2\/users\/2"}],"replies":[{"embeddable":true,"href":"https:\/\/stereovisiondedios.com\/index.php?rest_route=%2Fwp%2Fv2%2Fcomments&post=7530"}],"version-history":[{"count":0,"href":"https:\/\/stereovisiondedios.com\/index.php?rest_route=\/wp\/v2\/posts\/7530\/revisions"}],"wp:attachment":[{"href":"https:\/\/stereovisiondedios.com\/index.php?rest_route=%2Fwp%2Fv2%2Fmedia&parent=7530"}],"wp:term":[{"taxonomy":"category","embeddable":true,"href":"https:\/\/stereovisiondedios.com\/index.php?rest_route=%2Fwp%2Fv2%2Fcategories&post=7530"},{"taxonomy":"post_tag","embeddable":true,"href":"https:\/\/stereovisiondedios.com\/index.php?rest_route=%2Fwp%2Fv2%2Ftags&post=7530"}],"curies":[{"name":"wp","href":"https:\/\/api.w.org\/{rel}","templated":true}]}}