{"id":7535,"date":"2026-04-29T15:01:22","date_gmt":"2026-04-29T21:01:22","guid":{"rendered":"https:\/\/stereovisiondedios.com\/?p=7535"},"modified":"2026-04-29T15:01:22","modified_gmt":"2026-04-29T21:01:22","slug":"foro-continental-destaca-papel-de-la-fe-cristiana-en-los-cambios-politicos-de-america-latina","status":"publish","type":"post","link":"https:\/\/stereovisiondedios.com\/?p=7535","title":{"rendered":"Foro continental destaca papel de la fe cristiana en los cambios pol\u00edticos de Am\u00e9rica Latina"},"content":{"rendered":"<p><br \/>\n<\/p>\n<div>\n<p><strong>El Congreso Iberoamericano por la Vida y la Familia inaugur\u00f3 este pasado lunes 28 de abril su primer Foro de Di\u00e1logo Continental de 2026, un espacio destinado a reflexionar sobre los acelerados cambios pol\u00edticos en Am\u00e9rica Latina.<\/strong><\/p>\n<p>Hubo cerca de cien asistentes por v\u00eda zoom, muchos de ellos conocidos creyentes presentes en la actividad pol\u00edtica en sus pa\u00edses, como Aar\u00f3n Lara, Gerardo Amarilla, \u00c1lvaro Dastugue, F\u00e1tima Oliva, Xes\u00fas Manuel Su\u00e1rez, Germ\u00e1n Chica y Pedro Tarquis, entre otros.<\/p>\n<p>A ellos se a\u00f1aden los <strong>tres ponentes, conocidos y respetados pol\u00edticos de Honduras, Bolivia y Chile<\/strong>, quienes compartieron experiencias personales, institucionales y pol\u00edticas desde sus respectivos contextos.<\/p>\n<p><strong>Con el denominador com\u00fan de fe, familia y libertad, los pol\u00edticos de los tres pa\u00edses coincidieron en que la fe cristiana est\u00e1 jugando un papel decisivo en la movilizaci\u00f3n ciudadana <\/strong>influyendo de manera creciente en los procesos pol\u00edticos del continente y en la evaluaci\u00f3n \u00e9tica de los liderazgos pol\u00edticos. Por ello, insistieron en que la defensa de la vida, la familia y las libertades fundamentales seguir\u00e1 siendo un eje articulador de la sociedad civil en Am\u00e9rica Latina durante los pr\u00f3ximos a\u00f1os.<\/p>\n<p>Si bien, tambi\u00e9n coincidieron en que <strong>el futuro estar\u00e1 marcado por una buena gesti\u00f3n que resuelve los diferentes problemas estructurales, econ\u00f3micos y sociales de los pa\u00edses, junto con los valores provida y profamilia tradicionales.<\/strong><\/p>\n<p>Se lanz\u00f3 la idea de <strong>crear un Frente Continental<\/strong> con una agenda pol\u00edtica de valores que incluyen los diferentes aspectos de la vida social y pol\u00edtica desde una perspectiva cristiana; que pueda ser aplicada por cualquier partido, sea cual sea su ideolog\u00eda, en sus agendas; as\u00ed como con personas de fe cristiana que est\u00e9n trabajando en altos niveles de interlocuci\u00f3n. El siguiente Foro se celebrar\u00e1 el 25 de mayo pr\u00f3ximo.<\/p>\n<div style=\"font-size:16px;color:#83979d;\" class=\"text-right photo-info-content\"><span class=\"photo-info\"><strong><span>&gt;&gt;&gt;&gt;&gt; <\/span><\/strong><em>Sigue el <a href=\"https:\/\/whatsapp.com\/channel\/0029VbBbpCrGpLHHil73qg0r\" target=\"_blank\"><strong>Canal de Evang\u00e9lico Digital en WhatsApp<\/strong><\/a>, actualizado al minuto con los art\u00edculos y noticias publicados<\/em><\/span> <\/div>\n<p>En primer lugar intervino el diputado boliviano <strong>Richard Rivera,<\/strong> odont\u00f3logo, dirigente social en Santa Cruz y diputado nacional electo en 2020 y que ha sufrido un injusto encarcelamiento como persecuci\u00f3n pol\u00edtica.<\/p>\n<p>Relat\u00f3 que su pa\u00eds atraviesa un periodo de transici\u00f3n tras a\u00f1os de persecuci\u00f3n pol\u00edtica y crisis institucional. Afirm\u00f3 que su propia fortaleza durante su encarcelamiento se debi\u00f3 a su fe: \u201cDios actu\u00f3 por m\u00ed; \u00c9l me dio valent\u00eda cuando el miedo era inevitable\u201d.<\/p>\n<p>Rivera sostuvo que <strong>Bolivia no vivi\u00f3 un giro ideol\u00f3gico de izquierda a derecha, sino un \u201cvoto de agotamiento\u201d<\/strong> tras casi dos d\u00e9cadas de un gobierno caracterizado \u2014seg\u00fan su testimonio\u2014 por hostigamiento, persecuci\u00f3n pol\u00edtica, corrupci\u00f3n e impunidad. Explic\u00f3 que la crisis econ\u00f3mica gener\u00f3 un clima inflacionario y un profundo malestar social.<\/p>\n<p>Advirti\u00f3 que <strong>la izquierda podr\u00eda regresar si no se resuelven problemas estructurales<\/strong> como la inflaci\u00f3n, la corrupci\u00f3n, la falta de combustible, la especulaci\u00f3n de precios y la ausencia de pol\u00edticas que integren al pa\u00eds en su diversidad cultural. Subray\u00f3 que Bolivia necesita reconstruir un sentido de unidad nacional entre regiones hist\u00f3ricamente enfrentadas.<\/p>\n<p>Rivera se\u00f1al\u00f3 que <strong>el triunfo del actual presidente Rodrigo Paz no debe interpretarse como una consolidaci\u00f3n de la derecha, sino como un periodo de transici\u00f3n cuyo rumbo depender\u00e1 de la buena o mala gesti\u00f3n gubernamental<\/strong>. \u00a0Consider\u00f3 que la sociedad civil, las iglesias y los sectores provida deben mantenerse vigilantes para evitar retrocesos hacia gobiernos totalitarios, sean de izquierda o de derecha.<\/p>\n<p>Valor\u00f3 que<strong> la esperanza del electorado boliviano se centra en tener gobernantes con<\/strong> <strong>temor de Dios, estabilidad personal y vocaci\u00f3n de servicio<\/strong>, pilares que -seg\u00fan dijo- son esenciales para consolidar un pa\u00eds democr\u00e1tico y respetuoso de la vida y la familia.<\/p>\n<p>\u00a0<\/p>\n<p><strong>El diputado chileno Eduardo Dur\u00e1n destac\u00f3 que el reciente giro pol\u00edtico en su pa\u00eds estuvo acompa\u00f1ado por una demanda ciudadana de orden, seguridad y defensa de valores tradicionales<\/strong>. Se\u00f1al\u00f3 que amplios sectores cristianos perciben que la agenda progresista ha avanzado sobre temas sensibles como la familia, lo que ha impulsado una reacci\u00f3n social en favor de principios conservadores.<\/p>\n<p>Respecto al futuro, <strong>advirti\u00f3 que la izquierda podr\u00eda reorganizarse y volver al poder si la derecha no entrega resultados concretos<\/strong>. Para consolidarse, el gobierno de Kast deber\u00e1 \u2014seg\u00fan Dur\u00e1n\u2014 mejorar la seguridad, reactivar la econom\u00eda, desarrollar una agenda social propia, evitar los extremos ideol\u00f3gicos y dar la batalla cultural con inteligencia. Subray\u00f3 que la derecha debe aprender a comunicar mejor, conectar con los sectores populares y demostrar que sus valores se traducen en soluciones reales.<\/p>\n<p>Dur\u00e1n subray\u00f3 que <strong>la derecha chilena ha recuperado terreno cuando \u201cdefiende sin complejos la libertad religiosa, la vida y la familia\u201d<\/strong>, y cuando conecta con las preocupaciones cotidianas de las comunidades de fe.<\/p>\n<p>\u00a0<\/p>\n<p><strong>La vicepresidenta del Congreso Nacional de Honduras, Lissi Matute<\/strong>, intervino en sustituci\u00f3n del diputado Tom\u00e1s Zambrano, quien acababa de recibir en Nueva York el premio Richard Nixon por su defensa de la democracia hondure\u00f1a.<\/p>\n<p>Matute, afirm\u00f3 que <strong>su pa\u00eds vive un proceso de recuperaci\u00f3n democr\u00e1tica tras una etapa de deterioro institucional. Destac\u00f3 que el nuevo gobierno ha puesto en el centro valores espirituales y familiares<\/strong>, al punto de sustituir retratos oficiales honrando a los pol\u00edticos electos por una oraci\u00f3n del nuevo presidente Asfura por el pa\u00eds en oficinas p\u00fablicas como s\u00edmbolo de orientaci\u00f3n moral.<\/p>\n<p>Se\u00f1al\u00f3 tambi\u00e9n que la sociedad hondure\u00f1a exige gobernantes que \u201crespeten la vida desde la concepci\u00f3n, protejan la familia y garanticen la libertad de culto\u201d, y que estos principios est\u00e1n guiando las reformas institucionales y econ\u00f3micas en marcha.<\/p>\n<p>Sobre la permanencia del nuevo gobierno, advirti\u00f3 que nada est\u00e1 asegurado: <strong>la izquierda podr\u00eda reorganizarse si la derecha no gobierna bien ni comunica eficazmente sus logros<\/strong>. Subray\u00f3 que las elecciones se ganan tanto con votos como con percepciones, incluyendo la percepci\u00f3n internacional. Tambi\u00e9n destac\u00f3 la necesidad de formar nuevos liderazgos, recuperar espacios culturales y medi\u00e1ticos, y construir una narrativa propia que contrarreste la hegemon\u00eda comunicacional de la izquierda.<\/p>\n<p><img decoding=\"async\" alt=\"Foro continental destaca papel de la fe cristiana en los cambios pol\u00edticos de Am\u00e9rica Latina\" title=\"Foro continental destaca papel de la fe cristiana en los cambios pol\u00edticos de Am\u00e9rica Latina\" src=\"https:\/\/cms.evangelicodigital.com\/upload\/imagenes\/69f1e846db154_forocontinentalW1.jpg\"\/><\/p>\n<p>Durante la ronda de preguntas, los expositores coincidieron en que <strong>los medios de comunicaci\u00f3n jugaron un papel determinante en las elecciones en sus pa\u00edses<\/strong>. En Bolivia, la prensa ayud\u00f3 a alertar sobre posibles intentos de fraude; en Chile, los medios mostraron un sesgo hacia la izquierda; y en Honduras, la cobertura period\u00edstica fue clave para evitar manipulaciones durante el proceso electoral.<\/p>\n<p><strong>Sobre la familia<\/strong>, los tres panelistas destacaron que sus gobiernos defienden la vida desde la concepci\u00f3n, la libertad religiosa y los valores tradicionales.<\/p>\n<p><strong>En materia econ\u00f3mica<\/strong>, cada pa\u00eds enfrenta desaf\u00edos distintos: Bolivia requiere combatir la corrupci\u00f3n y reactivar sectores productivos; Chile busca promover la inversi\u00f3n y controlar el endeudamiento; Honduras apuesta por infraestructura y agricultura para generar empleo y dinamizar la econom\u00eda.<\/p>\n<p>Finalmente, cada expositor defini\u00f3 <strong>el legado <\/strong>que esperan de sus gobiernos: Bolivia, erradicar la corrupci\u00f3n, fortalecer la educaci\u00f3n y garantizar certidumbre; Chile: restablecer el orden, reducir la delincuencia y recuperar el crecimiento econ\u00f3mico; y Honduras: reconstruir la institucionalidad y devolver la esperanza a la poblaci\u00f3n.<\/p>\n<\/p><\/div>\n<p>\n          Publicado en: <span class=\"text-turquoise\"> <a href=\"https:\/\/www.evangelicodigital.com\">EVANG\u00c9LICO DIGITAL<\/a> &#8211; <a href=\"https:\/\/www.evangelicodigital.com\/latinoamerica\">LATINOAM\u00c9RICA<\/a><\/span><br \/>\n          &#8211; Foro continental destaca papel de la fe cristiana en los cambios pol\u00edticos de Am\u00e9rica Latina\n        <\/p>\n<p><br \/>\n<br \/><a href=\"https:\/\/www.evangelicodigital.com\/latinoamerica\/41330\/foro-continental-destaca-papel-de-fe-cristiana-en-cambios-politicos-de-america-latina\">Source link <\/a><\/p>\n","protected":false},"excerpt":{"rendered":"<p>El Congreso Iberoamericano por la Vida y la Familia inaugur\u00f3 este pasado lunes 28 de abril su primer Foro de Di\u00e1logo Continental de 2026, un espacio destinado a reflexionar sobre los acelerados cambios pol\u00edticos en Am\u00e9rica Latina. Hubo cerca de cien asistentes por v\u00eda zoom, muchos de ellos conocidos creyentes presentes en la actividad pol\u00edtica [&hellip;]<\/p>\n","protected":false},"author":2,"featured_media":7536,"comment_status":"","ping_status":"open","sticky":false,"template":"","format":"standard","meta":{"fifu_image_url":"https:\/\/cms.evangelicodigital.com\/upload\/imagenes\/69f1e846db154_forocontinentalW1.jpg","fifu_image_alt":"","footnotes":""},"categories":[1],"tags":[],"class_list":["post-7535","post","type-post","status-publish","format-standard","has-post-thumbnail","hentry","category-nexopost"],"yoast_head":"<!-- This site is optimized with the Yoast SEO Premium plugin v25.7.1 (Yoast SEO v26.5) - https:\/\/yoast.com\/wordpress\/plugins\/seo\/ -->\n<title>Foro continental destaca papel de la fe cristiana en los cambios pol\u00edticos de Am\u00e9rica Latina - Stereo Visi\u00f3n de Dios<\/title>\n<meta name=\"robots\" content=\"index, follow, max-snippet:-1, max-image-preview:large, max-video-preview:-1\" \/>\n<link rel=\"canonical\" href=\"https:\/\/stereovisiondedios.com\/?p=7535\" \/>\n<meta property=\"og:locale\" content=\"es_ES\" \/>\n<meta property=\"og:type\" content=\"article\" \/>\n<meta property=\"og:title\" content=\"Foro continental destaca papel de la fe cristiana en los cambios pol\u00edticos de Am\u00e9rica Latina\" \/>\n<meta property=\"og:description\" content=\"El Congreso Iberoamericano por la Vida y la Familia inaugur\u00f3 este pasado lunes 28 de abril su primer Foro de Di\u00e1logo Continental de 2026, un espacio destinado a reflexionar sobre los acelerados cambios pol\u00edticos en Am\u00e9rica Latina. Hubo cerca de cien asistentes por v\u00eda zoom, muchos de ellos conocidos creyentes presentes en la actividad pol\u00edtica [&hellip;]\" \/>\n<meta property=\"og:url\" content=\"https:\/\/stereovisiondedios.com\/?p=7535\" \/>\n<meta property=\"og:site_name\" content=\"Stereo Visi\u00f3n de Dios\" \/>\n<meta property=\"article:publisher\" content=\"https:\/\/www.facebook.com\/visiondedios106.9fm\" \/>\n<meta property=\"article:published_time\" content=\"2026-04-29T21:01:22+00:00\" \/>\n<meta property=\"og:image\" content=\"https:\/\/cms.evangelicodigital.com\/upload\/imagenes\/69f1e846db154_forocontinentalW1.jpg\" \/>\n<meta name=\"author\" content=\"NexoRadio\" \/>\n<meta name=\"twitter:card\" content=\"summary_large_image\" \/>\n<meta name=\"twitter:image\" content=\"https:\/\/cms.evangelicodigital.com\/upload\/imagenes\/69f1e846db154_forocontinentalW1.jpg\" \/>\n<meta name=\"twitter:label1\" content=\"Escrito por\" \/>\n\t<meta name=\"twitter:data1\" content=\"NexoRadio\" \/>\n\t<meta name=\"twitter:label2\" content=\"Tiempo de lectura\" \/>\n\t<meta name=\"twitter:data2\" content=\"6 minutos\" \/>\n<script type=\"application\/ld+json\" class=\"yoast-schema-graph\">{\"@context\":\"https:\/\/schema.org\",\"@graph\":[{\"@type\":\"Article\",\"@id\":\"https:\/\/stereovisiondedios.com\/?p=7535#article\",\"isPartOf\":{\"@id\":\"https:\/\/stereovisiondedios.com\/?p=7535\"},\"author\":{\"name\":\"NexoRadio\",\"@id\":\"https:\/\/stereovisiondedios.com\/#\/schema\/person\/32b4d07d90fc8962809b81993562e343\"},\"headline\":\"Foro continental destaca papel de la fe cristiana en los cambios pol\u00edticos de Am\u00e9rica Latina\",\"datePublished\":\"2026-04-29T21:01:22+00:00\",\"mainEntityOfPage\":{\"@id\":\"https:\/\/stereovisiondedios.com\/?p=7535\"},\"wordCount\":1281,\"publisher\":{\"@id\":\"https:\/\/stereovisiondedios.com\/#organization\"},\"image\":{\"@id\":\"https:\/\/stereovisiondedios.com\/?p=7535#primaryimage\"},\"thumbnailUrl\":\"https:\/\/cms.evangelicodigital.com\/upload\/imagenes\/69f1e846db154_forocontinentalW1.jpg\",\"articleSection\":[\"NexoPost\"],\"inLanguage\":\"es\"},{\"@type\":\"WebPage\",\"@id\":\"https:\/\/stereovisiondedios.com\/?p=7535\",\"url\":\"https:\/\/stereovisiondedios.com\/?p=7535\",\"name\":\"Foro continental destaca papel de la fe cristiana en los cambios pol\u00edticos de Am\u00e9rica Latina - Stereo Visi\u00f3n de Dios\",\"isPartOf\":{\"@id\":\"https:\/\/stereovisiondedios.com\/#website\"},\"primaryImageOfPage\":{\"@id\":\"https:\/\/stereovisiondedios.com\/?p=7535#primaryimage\"},\"image\":{\"@id\":\"https:\/\/stereovisiondedios.com\/?p=7535#primaryimage\"},\"thumbnailUrl\":\"https:\/\/cms.evangelicodigital.com\/upload\/imagenes\/69f1e846db154_forocontinentalW1.jpg\",\"datePublished\":\"2026-04-29T21:01:22+00:00\",\"breadcrumb\":{\"@id\":\"https:\/\/stereovisiondedios.com\/?p=7535#breadcrumb\"},\"inLanguage\":\"es\",\"potentialAction\":[{\"@type\":\"ReadAction\",\"target\":[\"https:\/\/stereovisiondedios.com\/?p=7535\"]}]},{\"@type\":\"ImageObject\",\"inLanguage\":\"es\",\"@id\":\"https:\/\/stereovisiondedios.com\/?p=7535#primaryimage\",\"url\":\"https:\/\/cms.evangelicodigital.com\/upload\/imagenes\/69f1e846db154_forocontinentalW1.jpg\",\"contentUrl\":\"https:\/\/cms.evangelicodigital.com\/upload\/imagenes\/69f1e846db154_forocontinentalW1.jpg\"},{\"@type\":\"BreadcrumbList\",\"@id\":\"https:\/\/stereovisiondedios.com\/?p=7535#breadcrumb\",\"itemListElement\":[{\"@type\":\"ListItem\",\"position\":1,\"name\":\"Home\",\"item\":\"https:\/\/stereovisiondedios.com\/\"},{\"@type\":\"ListItem\",\"position\":2,\"name\":\"Foro continental destaca papel de la fe cristiana en los cambios pol\u00edticos de Am\u00e9rica Latina\"}]},{\"@type\":\"WebSite\",\"@id\":\"https:\/\/stereovisiondedios.com\/#website\",\"url\":\"https:\/\/stereovisiondedios.com\/\",\"name\":\"Stereo Visi\u00f3n de Dios\",\"description\":\"Conectate...\",\"publisher\":{\"@id\":\"https:\/\/stereovisiondedios.com\/#organization\"},\"potentialAction\":[{\"@type\":\"SearchAction\",\"target\":{\"@type\":\"EntryPoint\",\"urlTemplate\":\"https:\/\/stereovisiondedios.com\/?s={search_term_string}\"},\"query-input\":{\"@type\":\"PropertyValueSpecification\",\"valueRequired\":true,\"valueName\":\"search_term_string\"}}],\"inLanguage\":\"es\"},{\"@type\":\"Organization\",\"@id\":\"https:\/\/stereovisiondedios.com\/#organization\",\"name\":\"Radio Stereo Visi\u00f3n de Dios\",\"url\":\"https:\/\/stereovisiondedios.com\/\",\"logo\":{\"@type\":\"ImageObject\",\"inLanguage\":\"es\",\"@id\":\"https:\/\/stereovisiondedios.com\/#\/schema\/logo\/image\/\",\"url\":\"https:\/\/stereovisiondedios.com\/wp-content\/uploads\/2024\/10\/www.fmhorizontesalta.com_.ar-5-1.png\",\"contentUrl\":\"https:\/\/stereovisiondedios.com\/wp-content\/uploads\/2024\/10\/www.fmhorizontesalta.com_.ar-5-1.png\",\"width\":555,\"height\":114,\"caption\":\"Radio Stereo Visi\u00f3n de Dios\"},\"image\":{\"@id\":\"https:\/\/stereovisiondedios.com\/#\/schema\/logo\/image\/\"},\"sameAs\":[\"https:\/\/www.facebook.com\/visiondedios106.9fm\",\"https:\/\/www.tiktok.com\/@vision_de_dios_106_9_fm\",\"https:\/\/www.youtube.com\/@radiovisiondediosstereo106.9\"]},{\"@type\":\"Person\",\"@id\":\"https:\/\/stereovisiondedios.com\/#\/schema\/person\/32b4d07d90fc8962809b81993562e343\",\"name\":\"NexoRadio\",\"image\":{\"@type\":\"ImageObject\",\"inLanguage\":\"es\",\"@id\":\"https:\/\/stereovisiondedios.com\/#\/schema\/person\/image\/\",\"url\":\"https:\/\/secure.gravatar.com\/avatar\/5c8c3ec5af674c12295d543b84fe993caada4dedbc52804dace89aa6e7f89070?s=96&d=mm&r=g\",\"contentUrl\":\"https:\/\/secure.gravatar.com\/avatar\/5c8c3ec5af674c12295d543b84fe993caada4dedbc52804dace89aa6e7f89070?s=96&d=mm&r=g\",\"caption\":\"NexoRadio\"},\"url\":\"https:\/\/stereovisiondedios.com\/?author=2\"}]}<\/script>\n<!-- \/ Yoast SEO Premium plugin. -->","yoast_head_json":{"title":"Foro continental destaca papel de la fe cristiana en los cambios pol\u00edticos de Am\u00e9rica Latina - Stereo Visi\u00f3n de Dios","robots":{"index":"index","follow":"follow","max-snippet":"max-snippet:-1","max-image-preview":"max-image-preview:large","max-video-preview":"max-video-preview:-1"},"canonical":"https:\/\/stereovisiondedios.com\/?p=7535","og_locale":"es_ES","og_type":"article","og_title":"Foro continental destaca papel de la fe cristiana en los cambios pol\u00edticos de Am\u00e9rica Latina","og_description":"El Congreso Iberoamericano por la Vida y la Familia inaugur\u00f3 este pasado lunes 28 de abril su primer Foro de Di\u00e1logo Continental de 2026, un espacio destinado a reflexionar sobre los acelerados cambios pol\u00edticos en Am\u00e9rica Latina. Hubo cerca de cien asistentes por v\u00eda zoom, muchos de ellos conocidos creyentes presentes en la actividad pol\u00edtica [&hellip;]","og_url":"https:\/\/stereovisiondedios.com\/?p=7535","og_site_name":"Stereo Visi\u00f3n de Dios","article_publisher":"https:\/\/www.facebook.com\/visiondedios106.9fm","article_published_time":"2026-04-29T21:01:22+00:00","og_image":[{"url":"https:\/\/cms.evangelicodigital.com\/upload\/imagenes\/69f1e846db154_forocontinentalW1.jpg","type":"","width":"","height":""}],"author":"NexoRadio","twitter_card":"summary_large_image","twitter_image":"https:\/\/cms.evangelicodigital.com\/upload\/imagenes\/69f1e846db154_forocontinentalW1.jpg","twitter_misc":{"Escrito por":"NexoRadio","Tiempo de lectura":"6 minutos"},"schema":{"@context":"https:\/\/schema.org","@graph":[{"@type":"Article","@id":"https:\/\/stereovisiondedios.com\/?p=7535#article","isPartOf":{"@id":"https:\/\/stereovisiondedios.com\/?p=7535"},"author":{"name":"NexoRadio","@id":"https:\/\/stereovisiondedios.com\/#\/schema\/person\/32b4d07d90fc8962809b81993562e343"},"headline":"Foro continental destaca papel de la fe cristiana en los cambios pol\u00edticos de Am\u00e9rica Latina","datePublished":"2026-04-29T21:01:22+00:00","mainEntityOfPage":{"@id":"https:\/\/stereovisiondedios.com\/?p=7535"},"wordCount":1281,"publisher":{"@id":"https:\/\/stereovisiondedios.com\/#organization"},"image":{"@id":"https:\/\/stereovisiondedios.com\/?p=7535#primaryimage"},"thumbnailUrl":"https:\/\/cms.evangelicodigital.com\/upload\/imagenes\/69f1e846db154_forocontinentalW1.jpg","articleSection":["NexoPost"],"inLanguage":"es"},{"@type":"WebPage","@id":"https:\/\/stereovisiondedios.com\/?p=7535","url":"https:\/\/stereovisiondedios.com\/?p=7535","name":"Foro continental destaca papel de la fe cristiana en los cambios pol\u00edticos de Am\u00e9rica Latina - Stereo Visi\u00f3n de Dios","isPartOf":{"@id":"https:\/\/stereovisiondedios.com\/#website"},"primaryImageOfPage":{"@id":"https:\/\/stereovisiondedios.com\/?p=7535#primaryimage"},"image":{"@id":"https:\/\/stereovisiondedios.com\/?p=7535#primaryimage"},"thumbnailUrl":"https:\/\/cms.evangelicodigital.com\/upload\/imagenes\/69f1e846db154_forocontinentalW1.jpg","datePublished":"2026-04-29T21:01:22+00:00","breadcrumb":{"@id":"https:\/\/stereovisiondedios.com\/?p=7535#breadcrumb"},"inLanguage":"es","potentialAction":[{"@type":"ReadAction","target":["https:\/\/stereovisiondedios.com\/?p=7535"]}]},{"@type":"ImageObject","inLanguage":"es","@id":"https:\/\/stereovisiondedios.com\/?p=7535#primaryimage","url":"https:\/\/cms.evangelicodigital.com\/upload\/imagenes\/69f1e846db154_forocontinentalW1.jpg","contentUrl":"https:\/\/cms.evangelicodigital.com\/upload\/imagenes\/69f1e846db154_forocontinentalW1.jpg"},{"@type":"BreadcrumbList","@id":"https:\/\/stereovisiondedios.com\/?p=7535#breadcrumb","itemListElement":[{"@type":"ListItem","position":1,"name":"Home","item":"https:\/\/stereovisiondedios.com\/"},{"@type":"ListItem","position":2,"name":"Foro continental destaca papel de la fe cristiana en los cambios pol\u00edticos de Am\u00e9rica Latina"}]},{"@type":"WebSite","@id":"https:\/\/stereovisiondedios.com\/#website","url":"https:\/\/stereovisiondedios.com\/","name":"Stereo Visi\u00f3n de Dios","description":"Conectate...","publisher":{"@id":"https:\/\/stereovisiondedios.com\/#organization"},"potentialAction":[{"@type":"SearchAction","target":{"@type":"EntryPoint","urlTemplate":"https:\/\/stereovisiondedios.com\/?s={search_term_string}"},"query-input":{"@type":"PropertyValueSpecification","valueRequired":true,"valueName":"search_term_string"}}],"inLanguage":"es"},{"@type":"Organization","@id":"https:\/\/stereovisiondedios.com\/#organization","name":"Radio Stereo Visi\u00f3n de Dios","url":"https:\/\/stereovisiondedios.com\/","logo":{"@type":"ImageObject","inLanguage":"es","@id":"https:\/\/stereovisiondedios.com\/#\/schema\/logo\/image\/","url":"https:\/\/stereovisiondedios.com\/wp-content\/uploads\/2024\/10\/www.fmhorizontesalta.com_.ar-5-1.png","contentUrl":"https:\/\/stereovisiondedios.com\/wp-content\/uploads\/2024\/10\/www.fmhorizontesalta.com_.ar-5-1.png","width":555,"height":114,"caption":"Radio Stereo Visi\u00f3n de Dios"},"image":{"@id":"https:\/\/stereovisiondedios.com\/#\/schema\/logo\/image\/"},"sameAs":["https:\/\/www.facebook.com\/visiondedios106.9fm","https:\/\/www.tiktok.com\/@vision_de_dios_106_9_fm","https:\/\/www.youtube.com\/@radiovisiondediosstereo106.9"]},{"@type":"Person","@id":"https:\/\/stereovisiondedios.com\/#\/schema\/person\/32b4d07d90fc8962809b81993562e343","name":"NexoRadio","image":{"@type":"ImageObject","inLanguage":"es","@id":"https:\/\/stereovisiondedios.com\/#\/schema\/person\/image\/","url":"https:\/\/secure.gravatar.com\/avatar\/5c8c3ec5af674c12295d543b84fe993caada4dedbc52804dace89aa6e7f89070?s=96&d=mm&r=g","contentUrl":"https:\/\/secure.gravatar.com\/avatar\/5c8c3ec5af674c12295d543b84fe993caada4dedbc52804dace89aa6e7f89070?s=96&d=mm&r=g","caption":"NexoRadio"},"url":"https:\/\/stereovisiondedios.com\/?author=2"}]}},"_links":{"self":[{"href":"https:\/\/stereovisiondedios.com\/index.php?rest_route=\/wp\/v2\/posts\/7535","targetHints":{"allow":["GET"]}}],"collection":[{"href":"https:\/\/stereovisiondedios.com\/index.php?rest_route=\/wp\/v2\/posts"}],"about":[{"href":"https:\/\/stereovisiondedios.com\/index.php?rest_route=\/wp\/v2\/types\/post"}],"author":[{"embeddable":true,"href":"https:\/\/stereovisiondedios.com\/index.php?rest_route=\/wp\/v2\/users\/2"}],"replies":[{"embeddable":true,"href":"https:\/\/stereovisiondedios.com\/index.php?rest_route=%2Fwp%2Fv2%2Fcomments&post=7535"}],"version-history":[{"count":0,"href":"https:\/\/stereovisiondedios.com\/index.php?rest_route=\/wp\/v2\/posts\/7535\/revisions"}],"wp:featuredmedia":[{"embeddable":true,"href":"https:\/\/stereovisiondedios.com\/index.php?rest_route=\/wp\/v2\/media\/7536"}],"wp:attachment":[{"href":"https:\/\/stereovisiondedios.com\/index.php?rest_route=%2Fwp%2Fv2%2Fmedia&parent=7535"}],"wp:term":[{"taxonomy":"category","embeddable":true,"href":"https:\/\/stereovisiondedios.com\/index.php?rest_route=%2Fwp%2Fv2%2Fcategories&post=7535"},{"taxonomy":"post_tag","embeddable":true,"href":"https:\/\/stereovisiondedios.com\/index.php?rest_route=%2Fwp%2Fv2%2Ftags&post=7535"}],"curies":[{"name":"wp","href":"https:\/\/api.w.org\/{rel}","templated":true}]}}