{"id":7537,"date":"2026-04-30T04:01:59","date_gmt":"2026-04-30T10:01:59","guid":{"rendered":"https:\/\/stereovisiondedios.com\/?p=7537"},"modified":"2026-04-30T04:01:59","modified_gmt":"2026-04-30T10:01:59","slug":"cuba-maltrata-en-la-carcel-al-hijo-de-un-pastor-cuya-iglesia-quieren-cerrar","status":"publish","type":"post","link":"https:\/\/stereovisiondedios.com\/?p=7537","title":{"rendered":"Cuba maltrata en la c\u00e1rcel al hijo de un pastor, cuya iglesia quieren cerrar"},"content":{"rendered":"<p><br \/>\n<\/p>\n<div>\n<p><strong>El adolescente Jonathan Muir Burgos, de 16 a\u00f1os, contin\u00faa detenido en Cuba desde el 16 de marzo de 2026<\/strong>, tras las protestas ocurridas en <strong>Mor\u00f3n<\/strong>, Ciego de \u00c1vila. <strong>Su caso se ha convertido en uno de los ejemplos m\u00e1s visibles de la <a href=\"https:\/\/www.evangelicodigital.com\/latinoamerica\/40253\/influencers-evangelicos-en-cuba-luchan-contra-la-tirania\" target=\"_blank\">represi\u00f3n contra j\u00f3venes cristianos evang\u00e9licos<\/a>, y ha generado preocupaci\u00f3n internacional por su estado de salud, las condiciones de reclusi\u00f3n y el uso de menores en procesos penales.<\/strong><\/p>\n<p>Jonathan fue arrestado cuando acudi\u00f3 con su padre, el pastor <strong>Elier Muir \u00c1vila<\/strong>, a una citaci\u00f3n policial. Aunque el padre fue liberado horas despu\u00e9s, el joven fue trasladado al Departamento T\u00e9cnico de Investigaciones (DTI) y posteriormente a la prisi\u00f3n de adultos de Canaleta, donde <strong>permanece acusado de sabotaje, un delito que implica penas m\u00ednimas de siete a\u00f1os.<\/strong> La familia present\u00f3 un recurso de h\u00e1beas corpus, que fue rechazado.<\/p>\n<p><strong>Los padres de Jonathan, pastores evang\u00e9licos, han denunciado a\u00f1os de vigilancia, amenazas, actos de repudio y presiones para cerrar su iglesia independiente<\/strong>. La madre, <strong>Minervina Burgos L\u00f3pez<\/strong>, tambi\u00e9n ha sido citada por la Fiscal\u00eda en lo que organizaciones consideran una forma de intimidaci\u00f3n.<\/p>\n<div style=\"font-size:16px;color:#83979d;\" class=\"text-right photo-info-content\"><span class=\"photo-info\"><strong><span>&gt;&gt;&gt;&gt;&gt; <\/span><\/strong><em>Sigue el <a href=\"https:\/\/whatsapp.com\/channel\/0029VbBbpCrGpLHHil73qg0r\" target=\"_blank\"><strong>Canal de Evang\u00e9lico Digital en WhatsApp<\/strong><\/a>, actualizado al minuto con los art\u00edculos y noticias publicados<\/em><\/span> <\/div>\n<p><strong>El adolescente padece deshidrosis severa, una enfermedad que provoca ampollas, grietas e infecciones bacterianas. Su familia afirma que necesitaba iniciar un tratamiento urgente que qued\u00f3 interrumpido por la detenci\u00f3n<\/strong>. En prisi\u00f3n, duerme en el suelo por la infestaci\u00f3n de chinches, sufre mala alimentaci\u00f3n y ha mostrado deterioro psicol\u00f3gico, seg\u00fan denuncias del padre y del pastor Mario F\u00e9lix Lleonart.<\/p>\n<p>Organizaciones como <strong>Christian Solidarity Worldwide (CSW)<\/strong> y familiares se\u00f1alan que Jonathan ha perdido peso, est\u00e1 nervioso y teme por su vida. La <strong>CIDH<\/strong> otorg\u00f3 medidas cautelares al considerar que enfrenta un riesgo grave e inminente.<\/p>\n<p>En un intento de contrarrestar las denuncias, el sitio oficialista <strong>Razones de Cuba<\/strong> public\u00f3 el 29 de abril una foto del menor \u201ctocando el piano\u201d en un acto cultural dentro del penal, asegurando que las denuncias sobre su estado de salud eran \u201cmanipulaciones\u201d promovidas por \u201coperadores pol\u00edticos financiados por Estados Unidos\u201d. El texto oficialista evit\u00f3 mencionar que el propio padre ha denunciado que su hijo no recibe el tratamiento m\u00e9dico que necesita.<\/p>\n<p>Sin embargo, la imagen \u2014en la que aparece rapado, delgado y rodeado de guardias\u2014 gener\u00f3 el efecto contrario en redes sociales, donde periodistas y activistas se\u00f1alaron que la publicaci\u00f3n confirma su estado de vulnerabilidad.<\/p>\n<p>\u00a0<\/p>\n<p>Organizaciones como <strong>Prisoners Defenders<\/strong> y <strong>Cubalex<\/strong> han documentado un aumento de arrestos de j\u00f3venes cristianos y creadores de contenido religioso que critican al gobierno.<\/p>\n<p><strong>CSW, Amnesty International y la CIDH han denunciado la detenci\u00f3n del menor, se\u00f1alando que Cuba viola est\u00e1ndares internacionales al mantener a un adolescente enfermo en una prisi\u00f3n de adultos, sin juicio y sin atenci\u00f3n m\u00e9dica adecuada<\/strong>. UNICEF ha reconocido dificultades para cuantificar detenciones de menores, pero el caso de Jonathan ha encendido alarmas sobre la criminalizaci\u00f3n de j\u00f3venes en protestas.<\/p>\n<\/p><\/div>\n<p><br \/>\n<br \/><a href=\"https:\/\/www.evangelicodigital.com\/latinoamerica\/41336\/cuba-maltrata-en-prision-a-hijo-de-pastor-cuya-iglesia-quieren-cerrar\">Source link <\/a><\/p>\n","protected":false},"excerpt":{"rendered":"<p>El adolescente Jonathan Muir Burgos, de 16 a\u00f1os, contin\u00faa detenido en Cuba desde el 16 de marzo de 2026, tras las protestas ocurridas en Mor\u00f3n, Ciego de \u00c1vila. Su caso se ha convertido en uno de los ejemplos m\u00e1s visibles de la represi\u00f3n contra j\u00f3venes cristianos evang\u00e9licos, y ha generado preocupaci\u00f3n internacional por su estado [&hellip;]<\/p>\n","protected":false},"author":2,"featured_media":0,"comment_status":"","ping_status":"open","sticky":false,"template":"","format":"standard","meta":{"fifu_image_url":"","fifu_image_alt":"","footnotes":""},"categories":[1],"tags":[],"class_list":["post-7537","post","type-post","status-publish","format-standard","hentry","category-nexopost"],"yoast_head":"<!-- This site is optimized with the Yoast SEO Premium plugin v25.7.1 (Yoast SEO v26.5) - https:\/\/yoast.com\/wordpress\/plugins\/seo\/ -->\n<title>Cuba maltrata en la c\u00e1rcel al hijo de un pastor, cuya iglesia quieren cerrar - Stereo Visi\u00f3n de Dios<\/title>\n<meta name=\"robots\" content=\"index, follow, max-snippet:-1, max-image-preview:large, max-video-preview:-1\" \/>\n<link rel=\"canonical\" href=\"https:\/\/stereovisiondedios.com\/?p=7537\" \/>\n<meta property=\"og:locale\" content=\"es_ES\" \/>\n<meta property=\"og:type\" content=\"article\" \/>\n<meta property=\"og:title\" content=\"Cuba maltrata en la c\u00e1rcel al hijo de un pastor, cuya iglesia quieren cerrar\" \/>\n<meta property=\"og:description\" content=\"El adolescente Jonathan Muir Burgos, de 16 a\u00f1os, contin\u00faa detenido en Cuba desde el 16 de marzo de 2026, tras las protestas ocurridas en Mor\u00f3n, Ciego de \u00c1vila. Su caso se ha convertido en uno de los ejemplos m\u00e1s visibles de la represi\u00f3n contra j\u00f3venes cristianos evang\u00e9licos, y ha generado preocupaci\u00f3n internacional por su estado [&hellip;]\" \/>\n<meta property=\"og:url\" content=\"https:\/\/stereovisiondedios.com\/?p=7537\" \/>\n<meta property=\"og:site_name\" content=\"Stereo Visi\u00f3n de Dios\" \/>\n<meta property=\"article:publisher\" content=\"https:\/\/www.facebook.com\/visiondedios106.9fm\" \/>\n<meta property=\"article:published_time\" content=\"2026-04-30T10:01:59+00:00\" \/>\n<meta name=\"author\" content=\"NexoRadio\" \/>\n<meta name=\"twitter:card\" content=\"summary_large_image\" \/>\n<meta name=\"twitter:label1\" content=\"Escrito por\" \/>\n\t<meta name=\"twitter:data1\" content=\"NexoRadio\" \/>\n\t<meta name=\"twitter:label2\" content=\"Tiempo de lectura\" \/>\n\t<meta name=\"twitter:data2\" content=\"3 minutos\" \/>\n<script type=\"application\/ld+json\" class=\"yoast-schema-graph\">{\"@context\":\"https:\/\/schema.org\",\"@graph\":[{\"@type\":\"Article\",\"@id\":\"https:\/\/stereovisiondedios.com\/?p=7537#article\",\"isPartOf\":{\"@id\":\"https:\/\/stereovisiondedios.com\/?p=7537\"},\"author\":{\"name\":\"NexoRadio\",\"@id\":\"https:\/\/stereovisiondedios.com\/#\/schema\/person\/32b4d07d90fc8962809b81993562e343\"},\"headline\":\"Cuba maltrata en la c\u00e1rcel al hijo de un pastor, cuya iglesia quieren cerrar\",\"datePublished\":\"2026-04-30T10:01:59+00:00\",\"mainEntityOfPage\":{\"@id\":\"https:\/\/stereovisiondedios.com\/?p=7537\"},\"wordCount\":545,\"publisher\":{\"@id\":\"https:\/\/stereovisiondedios.com\/#organization\"},\"articleSection\":[\"NexoPost\"],\"inLanguage\":\"es\"},{\"@type\":\"WebPage\",\"@id\":\"https:\/\/stereovisiondedios.com\/?p=7537\",\"url\":\"https:\/\/stereovisiondedios.com\/?p=7537\",\"name\":\"Cuba maltrata en la c\u00e1rcel al hijo de un pastor, cuya iglesia quieren cerrar - Stereo Visi\u00f3n de Dios\",\"isPartOf\":{\"@id\":\"https:\/\/stereovisiondedios.com\/#website\"},\"datePublished\":\"2026-04-30T10:01:59+00:00\",\"breadcrumb\":{\"@id\":\"https:\/\/stereovisiondedios.com\/?p=7537#breadcrumb\"},\"inLanguage\":\"es\",\"potentialAction\":[{\"@type\":\"ReadAction\",\"target\":[\"https:\/\/stereovisiondedios.com\/?p=7537\"]}]},{\"@type\":\"BreadcrumbList\",\"@id\":\"https:\/\/stereovisiondedios.com\/?p=7537#breadcrumb\",\"itemListElement\":[{\"@type\":\"ListItem\",\"position\":1,\"name\":\"Home\",\"item\":\"https:\/\/stereovisiondedios.com\/\"},{\"@type\":\"ListItem\",\"position\":2,\"name\":\"Cuba maltrata en la c\u00e1rcel al hijo de un pastor, cuya iglesia quieren cerrar\"}]},{\"@type\":\"WebSite\",\"@id\":\"https:\/\/stereovisiondedios.com\/#website\",\"url\":\"https:\/\/stereovisiondedios.com\/\",\"name\":\"Stereo Visi\u00f3n de Dios\",\"description\":\"Conectate...\",\"publisher\":{\"@id\":\"https:\/\/stereovisiondedios.com\/#organization\"},\"potentialAction\":[{\"@type\":\"SearchAction\",\"target\":{\"@type\":\"EntryPoint\",\"urlTemplate\":\"https:\/\/stereovisiondedios.com\/?s={search_term_string}\"},\"query-input\":{\"@type\":\"PropertyValueSpecification\",\"valueRequired\":true,\"valueName\":\"search_term_string\"}}],\"inLanguage\":\"es\"},{\"@type\":\"Organization\",\"@id\":\"https:\/\/stereovisiondedios.com\/#organization\",\"name\":\"Radio Stereo Visi\u00f3n de Dios\",\"url\":\"https:\/\/stereovisiondedios.com\/\",\"logo\":{\"@type\":\"ImageObject\",\"inLanguage\":\"es\",\"@id\":\"https:\/\/stereovisiondedios.com\/#\/schema\/logo\/image\/\",\"url\":\"https:\/\/stereovisiondedios.com\/wp-content\/uploads\/2024\/10\/www.fmhorizontesalta.com_.ar-5-1.png\",\"contentUrl\":\"https:\/\/stereovisiondedios.com\/wp-content\/uploads\/2024\/10\/www.fmhorizontesalta.com_.ar-5-1.png\",\"width\":555,\"height\":114,\"caption\":\"Radio Stereo Visi\u00f3n de Dios\"},\"image\":{\"@id\":\"https:\/\/stereovisiondedios.com\/#\/schema\/logo\/image\/\"},\"sameAs\":[\"https:\/\/www.facebook.com\/visiondedios106.9fm\",\"https:\/\/www.tiktok.com\/@vision_de_dios_106_9_fm\",\"https:\/\/www.youtube.com\/@radiovisiondediosstereo106.9\"]},{\"@type\":\"Person\",\"@id\":\"https:\/\/stereovisiondedios.com\/#\/schema\/person\/32b4d07d90fc8962809b81993562e343\",\"name\":\"NexoRadio\",\"image\":{\"@type\":\"ImageObject\",\"inLanguage\":\"es\",\"@id\":\"https:\/\/stereovisiondedios.com\/#\/schema\/person\/image\/\",\"url\":\"https:\/\/secure.gravatar.com\/avatar\/5c8c3ec5af674c12295d543b84fe993caada4dedbc52804dace89aa6e7f89070?s=96&d=mm&r=g\",\"contentUrl\":\"https:\/\/secure.gravatar.com\/avatar\/5c8c3ec5af674c12295d543b84fe993caada4dedbc52804dace89aa6e7f89070?s=96&d=mm&r=g\",\"caption\":\"NexoRadio\"},\"url\":\"https:\/\/stereovisiondedios.com\/?author=2\"}]}<\/script>\n<!-- \/ Yoast SEO Premium plugin. -->","yoast_head_json":{"title":"Cuba maltrata en la c\u00e1rcel al hijo de un pastor, cuya iglesia quieren cerrar - Stereo Visi\u00f3n de Dios","robots":{"index":"index","follow":"follow","max-snippet":"max-snippet:-1","max-image-preview":"max-image-preview:large","max-video-preview":"max-video-preview:-1"},"canonical":"https:\/\/stereovisiondedios.com\/?p=7537","og_locale":"es_ES","og_type":"article","og_title":"Cuba maltrata en la c\u00e1rcel al hijo de un pastor, cuya iglesia quieren cerrar","og_description":"El adolescente Jonathan Muir Burgos, de 16 a\u00f1os, contin\u00faa detenido en Cuba desde el 16 de marzo de 2026, tras las protestas ocurridas en Mor\u00f3n, Ciego de \u00c1vila. Su caso se ha convertido en uno de los ejemplos m\u00e1s visibles de la represi\u00f3n contra j\u00f3venes cristianos evang\u00e9licos, y ha generado preocupaci\u00f3n internacional por su estado [&hellip;]","og_url":"https:\/\/stereovisiondedios.com\/?p=7537","og_site_name":"Stereo Visi\u00f3n de Dios","article_publisher":"https:\/\/www.facebook.com\/visiondedios106.9fm","article_published_time":"2026-04-30T10:01:59+00:00","author":"NexoRadio","twitter_card":"summary_large_image","twitter_misc":{"Escrito por":"NexoRadio","Tiempo de lectura":"3 minutos"},"schema":{"@context":"https:\/\/schema.org","@graph":[{"@type":"Article","@id":"https:\/\/stereovisiondedios.com\/?p=7537#article","isPartOf":{"@id":"https:\/\/stereovisiondedios.com\/?p=7537"},"author":{"name":"NexoRadio","@id":"https:\/\/stereovisiondedios.com\/#\/schema\/person\/32b4d07d90fc8962809b81993562e343"},"headline":"Cuba maltrata en la c\u00e1rcel al hijo de un pastor, cuya iglesia quieren cerrar","datePublished":"2026-04-30T10:01:59+00:00","mainEntityOfPage":{"@id":"https:\/\/stereovisiondedios.com\/?p=7537"},"wordCount":545,"publisher":{"@id":"https:\/\/stereovisiondedios.com\/#organization"},"articleSection":["NexoPost"],"inLanguage":"es"},{"@type":"WebPage","@id":"https:\/\/stereovisiondedios.com\/?p=7537","url":"https:\/\/stereovisiondedios.com\/?p=7537","name":"Cuba maltrata en la c\u00e1rcel al hijo de un pastor, cuya iglesia quieren cerrar - Stereo Visi\u00f3n de Dios","isPartOf":{"@id":"https:\/\/stereovisiondedios.com\/#website"},"datePublished":"2026-04-30T10:01:59+00:00","breadcrumb":{"@id":"https:\/\/stereovisiondedios.com\/?p=7537#breadcrumb"},"inLanguage":"es","potentialAction":[{"@type":"ReadAction","target":["https:\/\/stereovisiondedios.com\/?p=7537"]}]},{"@type":"BreadcrumbList","@id":"https:\/\/stereovisiondedios.com\/?p=7537#breadcrumb","itemListElement":[{"@type":"ListItem","position":1,"name":"Home","item":"https:\/\/stereovisiondedios.com\/"},{"@type":"ListItem","position":2,"name":"Cuba maltrata en la c\u00e1rcel al hijo de un pastor, cuya iglesia quieren cerrar"}]},{"@type":"WebSite","@id":"https:\/\/stereovisiondedios.com\/#website","url":"https:\/\/stereovisiondedios.com\/","name":"Stereo Visi\u00f3n de Dios","description":"Conectate...","publisher":{"@id":"https:\/\/stereovisiondedios.com\/#organization"},"potentialAction":[{"@type":"SearchAction","target":{"@type":"EntryPoint","urlTemplate":"https:\/\/stereovisiondedios.com\/?s={search_term_string}"},"query-input":{"@type":"PropertyValueSpecification","valueRequired":true,"valueName":"search_term_string"}}],"inLanguage":"es"},{"@type":"Organization","@id":"https:\/\/stereovisiondedios.com\/#organization","name":"Radio Stereo Visi\u00f3n de Dios","url":"https:\/\/stereovisiondedios.com\/","logo":{"@type":"ImageObject","inLanguage":"es","@id":"https:\/\/stereovisiondedios.com\/#\/schema\/logo\/image\/","url":"https:\/\/stereovisiondedios.com\/wp-content\/uploads\/2024\/10\/www.fmhorizontesalta.com_.ar-5-1.png","contentUrl":"https:\/\/stereovisiondedios.com\/wp-content\/uploads\/2024\/10\/www.fmhorizontesalta.com_.ar-5-1.png","width":555,"height":114,"caption":"Radio Stereo Visi\u00f3n de Dios"},"image":{"@id":"https:\/\/stereovisiondedios.com\/#\/schema\/logo\/image\/"},"sameAs":["https:\/\/www.facebook.com\/visiondedios106.9fm","https:\/\/www.tiktok.com\/@vision_de_dios_106_9_fm","https:\/\/www.youtube.com\/@radiovisiondediosstereo106.9"]},{"@type":"Person","@id":"https:\/\/stereovisiondedios.com\/#\/schema\/person\/32b4d07d90fc8962809b81993562e343","name":"NexoRadio","image":{"@type":"ImageObject","inLanguage":"es","@id":"https:\/\/stereovisiondedios.com\/#\/schema\/person\/image\/","url":"https:\/\/secure.gravatar.com\/avatar\/5c8c3ec5af674c12295d543b84fe993caada4dedbc52804dace89aa6e7f89070?s=96&d=mm&r=g","contentUrl":"https:\/\/secure.gravatar.com\/avatar\/5c8c3ec5af674c12295d543b84fe993caada4dedbc52804dace89aa6e7f89070?s=96&d=mm&r=g","caption":"NexoRadio"},"url":"https:\/\/stereovisiondedios.com\/?author=2"}]}},"_links":{"self":[{"href":"https:\/\/stereovisiondedios.com\/index.php?rest_route=\/wp\/v2\/posts\/7537","targetHints":{"allow":["GET"]}}],"collection":[{"href":"https:\/\/stereovisiondedios.com\/index.php?rest_route=\/wp\/v2\/posts"}],"about":[{"href":"https:\/\/stereovisiondedios.com\/index.php?rest_route=\/wp\/v2\/types\/post"}],"author":[{"embeddable":true,"href":"https:\/\/stereovisiondedios.com\/index.php?rest_route=\/wp\/v2\/users\/2"}],"replies":[{"embeddable":true,"href":"https:\/\/stereovisiondedios.com\/index.php?rest_route=%2Fwp%2Fv2%2Fcomments&post=7537"}],"version-history":[{"count":0,"href":"https:\/\/stereovisiondedios.com\/index.php?rest_route=\/wp\/v2\/posts\/7537\/revisions"}],"wp:attachment":[{"href":"https:\/\/stereovisiondedios.com\/index.php?rest_route=%2Fwp%2Fv2%2Fmedia&parent=7537"}],"wp:term":[{"taxonomy":"category","embeddable":true,"href":"https:\/\/stereovisiondedios.com\/index.php?rest_route=%2Fwp%2Fv2%2Fcategories&post=7537"},{"taxonomy":"post_tag","embeddable":true,"href":"https:\/\/stereovisiondedios.com\/index.php?rest_route=%2Fwp%2Fv2%2Ftags&post=7537"}],"curies":[{"name":"wp","href":"https:\/\/api.w.org\/{rel}","templated":true}]}}