{"id":7797,"date":"2026-08-31T04:51:31","date_gmt":"2026-08-31T10:51:31","guid":{"rendered":"https:\/\/stereovisiondedios.com\/?p=7797"},"modified":"2026-08-31T04:51:31","modified_gmt":"2026-08-31T10:51:31","slug":"encuesta-mapa-religioso-de-uruguay-ante-la-visita-del-papa","status":"publish","type":"post","link":"https:\/\/stereovisiondedios.com\/?p=7797","title":{"rendered":"Encuesta | Mapa religioso de Uruguay ante la visita del Papa"},"content":{"rendered":"<p><br \/>\n<\/p>\n<div>\n<p><strong>La \u00faltima encuesta nacional de CIFRA, realizada entre el 7 y el 18 de agosto de 2026, confirma una tendencia que Uruguay viene consolidando desde hace tres d\u00e9cadas: la religiosidad disminuye, el catolicismo pierde peso y las identidades no cat\u00f3licas \u2014incluidas las evang\u00e9licas\u2014 ganan visibilidad dentro de un pa\u00eds que se reconoce cada vez m\u00e1s laico y secular.<\/strong><\/p>\n<p>Los cat\u00f3licos suponen ya solo un tercio del pa\u00eds, aunque mantiene la identidad hist\u00f3rica del mismo. Seg\u00fan CIFRA, <strong>33% de los adultos se identifica como cat\u00f3lico, aunque solo 9% practica su fe de manera activa<\/strong>. La mayor\u00eda de ellos (24%) se declara cat\u00f3lica pero no practicante.<\/p>\n<p>La ca\u00edda es pronunciada si se compara con d\u00e9cadas anteriores: en 1997, 58% de los uruguayos era cat\u00f3lico y 21% practicante. Hoy, el catolicismo es una identidad minoritaria y envejecida: entre los menores de 30 a\u00f1os, solo 16% se considera cat\u00f3lico.<\/p>\n<p>Por otro lado c<strong>recen los \u201ccreyentes sin religi\u00f3n\u201d y los no creyentes. <\/strong>El estudio muestra que<strong> el 28% cree en Dios pero no se adscribe a ninguna religi\u00f3n, y otro 28% se declara agn\u00f3stico o ateo. Uruguay es, de hecho, el pa\u00eds menos religioso de Am\u00e9rica Latina<\/strong>, seg\u00fan Latinobar\u00f3metro 2023, donde 47,3% dijo no profesar ninguna religi\u00f3n.<\/p>\n<div style=\"font-size:16px;color:#83979d;\" class=\"text-right photo-info-content\"><span class=\"photo-info\"><strong><span>&gt;&gt;&gt;&gt;&gt; <\/span><\/strong><em>Sigue el <a href=\"https:\/\/whatsapp.com\/channel\/0029VbBbpCrGpLHHil73qg0r\" target=\"_blank\"><strong>Canal de Evang\u00e9lico Digital en WhatsApp<\/strong><\/a>, actualizado al minuto con los art\u00edculos y noticias publicados<\/em><\/span> <\/div>\n<p><strong>CIFRA indica que 11% de los uruguayos se identifica con \u201cotra religi\u00f3n\u201d, categor\u00eda que incluye protestantes y\/o evang\u00e9licos, jud\u00edos y otros grupos<\/strong>.<\/p>\n<p>El dato m\u00e1s confiable en cuanto a los cristianos evang\u00e9licos para Uruguay en 2023\u20132026 es el de Latinobar\u00f3metro y CIFRA. Ambos coinciden en que los evang\u00e9licos representan un 5% de la poblaci\u00f3n, mientras que el resto de las religiones no cat\u00f3licas se reparte en peque\u00f1as minor\u00edas (jud\u00edos, afroamericanos, adventistas, testigos de Jehov\u00e1, mormones, etc.).<\/p>\n<p><strong>Para precisar ese universo, el Latinobar\u00f3metro de 2023 especifica que en Uruguay entre quienes s\u00ed profesan una religi\u00f3n, hay aproximadamente un 5% de evang\u00e9licos o protestantes<\/strong> (4,6% de evang\u00e9licos sin especificar y 0,3% de protestantes hist\u00f3ricos. En el pa\u00eds no se ha producido un crecimiento explosivo como en otros pa\u00edses de la regi\u00f3n<\/p>\n<p>De otras religiones est\u00e1n los adventistas (0,2%), Testigos de Jehov\u00e1 (0,6%), mormones (0,2%), cultos afroamericanos (Umbanda, etc. 2,8%), y jud\u00edos.<\/p>\n<p>Las religiones no cat\u00f3licas -incluida la evang\u00e9lica- se mantienen estables y con mayor proporci\u00f3n de practicantes, y son m\u00e1s practicantes que los cat\u00f3licos.\u00a0<\/p>\n<p>\u00a0<\/p>\n<p><strong>La encuesta se publica en un contexto particular: la pr\u00f3xima visita del papa Francisco.<\/strong> Aunque Uruguay es profundamente laico, una mayor\u00eda de la poblaci\u00f3n considera apropiado que el papa visite el Parlamento, incluso entre quienes no profesan ninguna religi\u00f3n.<\/p>\n<\/p><\/div>\n<p><br \/>\n<br \/><a href=\"https:\/\/www.evangelicodigital.com\/latinoamerica\/43035\/encuesta-mapa-religioso-uruguay-ante-visita-papa\">Source link <\/a><\/p>\n","protected":false},"excerpt":{"rendered":"<p>La \u00faltima encuesta nacional de CIFRA, realizada entre el 7 y el 18 de agosto de 2026, confirma una tendencia que Uruguay viene consolidando desde hace tres d\u00e9cadas: la religiosidad disminuye, el catolicismo pierde peso y las identidades no cat\u00f3licas \u2014incluidas las evang\u00e9licas\u2014 ganan visibilidad dentro de un pa\u00eds que se reconoce cada vez m\u00e1s [&hellip;]<\/p>\n","protected":false},"author":2,"featured_media":0,"comment_status":"","ping_status":"open","sticky":false,"template":"","format":"standard","meta":{"fifu_image_url":"","fifu_image_alt":"","footnotes":""},"categories":[1],"tags":[],"class_list":["post-7797","post","type-post","status-publish","format-standard","hentry","category-nexopost"],"yoast_head":"<!-- This site is optimized with the Yoast SEO Premium plugin v25.7.1 (Yoast SEO v27.7) - https:\/\/yoast.com\/product\/yoast-seo-premium-wordpress\/ -->\n<title>Encuesta | Mapa religioso de Uruguay ante la visita del Papa - Stereo Visi\u00f3n de Dios<\/title>\n<meta name=\"robots\" content=\"index, follow, max-snippet:-1, max-image-preview:large, max-video-preview:-1\" \/>\n<link rel=\"canonical\" href=\"https:\/\/stereovisiondedios.com\/?p=7797\" \/>\n<meta property=\"og:locale\" content=\"es_ES\" \/>\n<meta property=\"og:type\" content=\"article\" \/>\n<meta property=\"og:title\" content=\"Encuesta | Mapa religioso de Uruguay ante la visita del Papa\" \/>\n<meta property=\"og:description\" content=\"La \u00faltima encuesta nacional de CIFRA, realizada entre el 7 y el 18 de agosto de 2026, confirma una tendencia que Uruguay viene consolidando desde hace tres d\u00e9cadas: la religiosidad disminuye, el catolicismo pierde peso y las identidades no cat\u00f3licas \u2014incluidas las evang\u00e9licas\u2014 ganan visibilidad dentro de un pa\u00eds que se reconoce cada vez m\u00e1s [&hellip;]\" \/>\n<meta property=\"og:url\" content=\"https:\/\/stereovisiondedios.com\/?p=7797\" \/>\n<meta property=\"og:site_name\" content=\"Stereo Visi\u00f3n de Dios\" \/>\n<meta property=\"article:publisher\" content=\"https:\/\/www.facebook.com\/visiondedios106.9fm\" \/>\n<meta property=\"article:published_time\" content=\"2026-08-31T10:51:31+00:00\" \/>\n<meta name=\"author\" content=\"NexoRadio\" \/>\n<meta name=\"twitter:card\" content=\"summary_large_image\" \/>\n<meta name=\"twitter:label1\" content=\"Escrito por\" \/>\n\t<meta name=\"twitter:data1\" content=\"NexoRadio\" \/>\n\t<meta name=\"twitter:label2\" content=\"Tiempo de lectura\" \/>\n\t<meta name=\"twitter:data2\" content=\"2 minutos\" \/>\n<script type=\"application\/ld+json\" class=\"yoast-schema-graph\">{\"@context\":\"https:\\\/\\\/schema.org\",\"@graph\":[{\"@type\":\"Article\",\"@id\":\"https:\\\/\\\/stereovisiondedios.com\\\/?p=7797#article\",\"isPartOf\":{\"@id\":\"https:\\\/\\\/stereovisiondedios.com\\\/?p=7797\"},\"author\":{\"name\":\"NexoRadio\",\"@id\":\"https:\\\/\\\/stereovisiondedios.com\\\/#\\\/schema\\\/person\\\/32b4d07d90fc8962809b81993562e343\"},\"headline\":\"Encuesta | Mapa religioso de Uruguay ante la visita del Papa\",\"datePublished\":\"2026-08-31T10:51:31+00:00\",\"mainEntityOfPage\":{\"@id\":\"https:\\\/\\\/stereovisiondedios.com\\\/?p=7797\"},\"wordCount\":483,\"publisher\":{\"@id\":\"https:\\\/\\\/stereovisiondedios.com\\\/#organization\"},\"articleSection\":[\"NexoPost\"],\"inLanguage\":\"es\"},{\"@type\":\"WebPage\",\"@id\":\"https:\\\/\\\/stereovisiondedios.com\\\/?p=7797\",\"url\":\"https:\\\/\\\/stereovisiondedios.com\\\/?p=7797\",\"name\":\"Encuesta | Mapa religioso de Uruguay ante la visita del Papa - Stereo Visi\u00f3n de Dios\",\"isPartOf\":{\"@id\":\"https:\\\/\\\/stereovisiondedios.com\\\/#website\"},\"datePublished\":\"2026-08-31T10:51:31+00:00\",\"breadcrumb\":{\"@id\":\"https:\\\/\\\/stereovisiondedios.com\\\/?p=7797#breadcrumb\"},\"inLanguage\":\"es\",\"potentialAction\":[{\"@type\":\"ReadAction\",\"target\":[\"https:\\\/\\\/stereovisiondedios.com\\\/?p=7797\"]}]},{\"@type\":\"BreadcrumbList\",\"@id\":\"https:\\\/\\\/stereovisiondedios.com\\\/?p=7797#breadcrumb\",\"itemListElement\":[{\"@type\":\"ListItem\",\"position\":1,\"name\":\"Home\",\"item\":\"https:\\\/\\\/stereovisiondedios.com\\\/\"},{\"@type\":\"ListItem\",\"position\":2,\"name\":\"Encuesta | Mapa religioso de Uruguay ante la visita del Papa\"}]},{\"@type\":\"WebSite\",\"@id\":\"https:\\\/\\\/stereovisiondedios.com\\\/#website\",\"url\":\"https:\\\/\\\/stereovisiondedios.com\\\/\",\"name\":\"Stereo Visi\u00f3n de Dios\",\"description\":\"Conectate...\",\"publisher\":{\"@id\":\"https:\\\/\\\/stereovisiondedios.com\\\/#organization\"},\"potentialAction\":[{\"@type\":\"SearchAction\",\"target\":{\"@type\":\"EntryPoint\",\"urlTemplate\":\"https:\\\/\\\/stereovisiondedios.com\\\/?s={search_term_string}\"},\"query-input\":{\"@type\":\"PropertyValueSpecification\",\"valueRequired\":true,\"valueName\":\"search_term_string\"}}],\"inLanguage\":\"es\"},{\"@type\":\"Organization\",\"@id\":\"https:\\\/\\\/stereovisiondedios.com\\\/#organization\",\"name\":\"Radio Stereo Visi\u00f3n de Dios\",\"url\":\"https:\\\/\\\/stereovisiondedios.com\\\/\",\"logo\":{\"@type\":\"ImageObject\",\"inLanguage\":\"es\",\"@id\":\"https:\\\/\\\/stereovisiondedios.com\\\/#\\\/schema\\\/logo\\\/image\\\/\",\"url\":\"https:\\\/\\\/stereovisiondedios.com\\\/wp-content\\\/uploads\\\/2024\\\/10\\\/www.fmhorizontesalta.com_.ar-5-1.png\",\"contentUrl\":\"https:\\\/\\\/stereovisiondedios.com\\\/wp-content\\\/uploads\\\/2024\\\/10\\\/www.fmhorizontesalta.com_.ar-5-1.png\",\"width\":555,\"height\":114,\"caption\":\"Radio Stereo Visi\u00f3n de Dios\"},\"image\":{\"@id\":\"https:\\\/\\\/stereovisiondedios.com\\\/#\\\/schema\\\/logo\\\/image\\\/\"},\"sameAs\":[\"https:\\\/\\\/www.facebook.com\\\/visiondedios106.9fm\",\"https:\\\/\\\/www.tiktok.com\\\/@vision_de_dios_106_9_fm\",\"https:\\\/\\\/www.youtube.com\\\/@radiovisiondediosstereo106.9\"]},{\"@type\":\"Person\",\"@id\":\"https:\\\/\\\/stereovisiondedios.com\\\/#\\\/schema\\\/person\\\/32b4d07d90fc8962809b81993562e343\",\"name\":\"NexoRadio\",\"image\":{\"@type\":\"ImageObject\",\"inLanguage\":\"es\",\"@id\":\"https:\\\/\\\/secure.gravatar.com\\\/avatar\\\/5c8c3ec5af674c12295d543b84fe993caada4dedbc52804dace89aa6e7f89070?s=96&d=mm&r=g\",\"url\":\"https:\\\/\\\/secure.gravatar.com\\\/avatar\\\/5c8c3ec5af674c12295d543b84fe993caada4dedbc52804dace89aa6e7f89070?s=96&d=mm&r=g\",\"contentUrl\":\"https:\\\/\\\/secure.gravatar.com\\\/avatar\\\/5c8c3ec5af674c12295d543b84fe993caada4dedbc52804dace89aa6e7f89070?s=96&d=mm&r=g\",\"caption\":\"NexoRadio\"},\"url\":\"https:\\\/\\\/stereovisiondedios.com\\\/?author=2\"}]}<\/script>\n<!-- \/ Yoast SEO Premium plugin. -->","yoast_head_json":{"title":"Encuesta | Mapa religioso de Uruguay ante la visita del Papa - Stereo Visi\u00f3n de Dios","robots":{"index":"index","follow":"follow","max-snippet":"max-snippet:-1","max-image-preview":"max-image-preview:large","max-video-preview":"max-video-preview:-1"},"canonical":"https:\/\/stereovisiondedios.com\/?p=7797","og_locale":"es_ES","og_type":"article","og_title":"Encuesta | Mapa religioso de Uruguay ante la visita del Papa","og_description":"La \u00faltima encuesta nacional de CIFRA, realizada entre el 7 y el 18 de agosto de 2026, confirma una tendencia que Uruguay viene consolidando desde hace tres d\u00e9cadas: la religiosidad disminuye, el catolicismo pierde peso y las identidades no cat\u00f3licas \u2014incluidas las evang\u00e9licas\u2014 ganan visibilidad dentro de un pa\u00eds que se reconoce cada vez m\u00e1s [&hellip;]","og_url":"https:\/\/stereovisiondedios.com\/?p=7797","og_site_name":"Stereo Visi\u00f3n de Dios","article_publisher":"https:\/\/www.facebook.com\/visiondedios106.9fm","article_published_time":"2026-08-31T10:51:31+00:00","author":"NexoRadio","twitter_card":"summary_large_image","twitter_misc":{"Escrito por":"NexoRadio","Tiempo de lectura":"2 minutos"},"schema":{"@context":"https:\/\/schema.org","@graph":[{"@type":"Article","@id":"https:\/\/stereovisiondedios.com\/?p=7797#article","isPartOf":{"@id":"https:\/\/stereovisiondedios.com\/?p=7797"},"author":{"name":"NexoRadio","@id":"https:\/\/stereovisiondedios.com\/#\/schema\/person\/32b4d07d90fc8962809b81993562e343"},"headline":"Encuesta | Mapa religioso de Uruguay ante la visita del Papa","datePublished":"2026-08-31T10:51:31+00:00","mainEntityOfPage":{"@id":"https:\/\/stereovisiondedios.com\/?p=7797"},"wordCount":483,"publisher":{"@id":"https:\/\/stereovisiondedios.com\/#organization"},"articleSection":["NexoPost"],"inLanguage":"es"},{"@type":"WebPage","@id":"https:\/\/stereovisiondedios.com\/?p=7797","url":"https:\/\/stereovisiondedios.com\/?p=7797","name":"Encuesta | Mapa religioso de Uruguay ante la visita del Papa - Stereo Visi\u00f3n de Dios","isPartOf":{"@id":"https:\/\/stereovisiondedios.com\/#website"},"datePublished":"2026-08-31T10:51:31+00:00","breadcrumb":{"@id":"https:\/\/stereovisiondedios.com\/?p=7797#breadcrumb"},"inLanguage":"es","potentialAction":[{"@type":"ReadAction","target":["https:\/\/stereovisiondedios.com\/?p=7797"]}]},{"@type":"BreadcrumbList","@id":"https:\/\/stereovisiondedios.com\/?p=7797#breadcrumb","itemListElement":[{"@type":"ListItem","position":1,"name":"Home","item":"https:\/\/stereovisiondedios.com\/"},{"@type":"ListItem","position":2,"name":"Encuesta | Mapa religioso de Uruguay ante la visita del Papa"}]},{"@type":"WebSite","@id":"https:\/\/stereovisiondedios.com\/#website","url":"https:\/\/stereovisiondedios.com\/","name":"Stereo Visi\u00f3n de Dios","description":"Conectate...","publisher":{"@id":"https:\/\/stereovisiondedios.com\/#organization"},"potentialAction":[{"@type":"SearchAction","target":{"@type":"EntryPoint","urlTemplate":"https:\/\/stereovisiondedios.com\/?s={search_term_string}"},"query-input":{"@type":"PropertyValueSpecification","valueRequired":true,"valueName":"search_term_string"}}],"inLanguage":"es"},{"@type":"Organization","@id":"https:\/\/stereovisiondedios.com\/#organization","name":"Radio Stereo Visi\u00f3n de Dios","url":"https:\/\/stereovisiondedios.com\/","logo":{"@type":"ImageObject","inLanguage":"es","@id":"https:\/\/stereovisiondedios.com\/#\/schema\/logo\/image\/","url":"https:\/\/stereovisiondedios.com\/wp-content\/uploads\/2024\/10\/www.fmhorizontesalta.com_.ar-5-1.png","contentUrl":"https:\/\/stereovisiondedios.com\/wp-content\/uploads\/2024\/10\/www.fmhorizontesalta.com_.ar-5-1.png","width":555,"height":114,"caption":"Radio Stereo Visi\u00f3n de Dios"},"image":{"@id":"https:\/\/stereovisiondedios.com\/#\/schema\/logo\/image\/"},"sameAs":["https:\/\/www.facebook.com\/visiondedios106.9fm","https:\/\/www.tiktok.com\/@vision_de_dios_106_9_fm","https:\/\/www.youtube.com\/@radiovisiondediosstereo106.9"]},{"@type":"Person","@id":"https:\/\/stereovisiondedios.com\/#\/schema\/person\/32b4d07d90fc8962809b81993562e343","name":"NexoRadio","image":{"@type":"ImageObject","inLanguage":"es","@id":"https:\/\/secure.gravatar.com\/avatar\/5c8c3ec5af674c12295d543b84fe993caada4dedbc52804dace89aa6e7f89070?s=96&d=mm&r=g","url":"https:\/\/secure.gravatar.com\/avatar\/5c8c3ec5af674c12295d543b84fe993caada4dedbc52804dace89aa6e7f89070?s=96&d=mm&r=g","contentUrl":"https:\/\/secure.gravatar.com\/avatar\/5c8c3ec5af674c12295d543b84fe993caada4dedbc52804dace89aa6e7f89070?s=96&d=mm&r=g","caption":"NexoRadio"},"url":"https:\/\/stereovisiondedios.com\/?author=2"}]}},"_links":{"self":[{"href":"https:\/\/stereovisiondedios.com\/index.php?rest_route=\/wp\/v2\/posts\/7797","targetHints":{"allow":["GET"]}}],"collection":[{"href":"https:\/\/stereovisiondedios.com\/index.php?rest_route=\/wp\/v2\/posts"}],"about":[{"href":"https:\/\/stereovisiondedios.com\/index.php?rest_route=\/wp\/v2\/types\/post"}],"author":[{"embeddable":true,"href":"https:\/\/stereovisiondedios.com\/index.php?rest_route=\/wp\/v2\/users\/2"}],"replies":[{"embeddable":true,"href":"https:\/\/stereovisiondedios.com\/index.php?rest_route=%2Fwp%2Fv2%2Fcomments&post=7797"}],"version-history":[{"count":0,"href":"https:\/\/stereovisiondedios.com\/index.php?rest_route=\/wp\/v2\/posts\/7797\/revisions"}],"wp:attachment":[{"href":"https:\/\/stereovisiondedios.com\/index.php?rest_route=%2Fwp%2Fv2%2Fmedia&parent=7797"}],"wp:term":[{"taxonomy":"category","embeddable":true,"href":"https:\/\/stereovisiondedios.com\/index.php?rest_route=%2Fwp%2Fv2%2Fcategories&post=7797"},{"taxonomy":"post_tag","embeddable":true,"href":"https:\/\/stereovisiondedios.com\/index.php?rest_route=%2Fwp%2Fv2%2Ftags&post=7797"}],"curies":[{"name":"wp","href":"https:\/\/api.w.org\/{rel}","templated":true}]}}