{"id":7800,"date":"2026-09-01T20:00:07","date_gmt":"2026-09-02T02:00:07","guid":{"rendered":"https:\/\/stereovisiondedios.com\/?p=7800"},"modified":"2026-09-01T20:00:07","modified_gmt":"2026-09-02T02:00:07","slug":"dialogo-continental-los-cristianos-ni-de-derecha-ni-de-izquierda","status":"publish","type":"post","link":"https:\/\/stereovisiondedios.com\/?p=7800","title":{"rendered":"Di\u00e1logo continental: los cristianos \u2018ni de derecha ni de izquierda\u2019"},"content":{"rendered":"<p><br \/>\n<\/p>\n<div>\n<p><strong>La Universidad Nacional Evang\u00e9lica (UNEV) transmiti\u00f3 este pasado 31 de agosto, a trav\u00e9s de la plataforma Zoom, el di\u00e1logo continental \u201cNi de derecha ni de izquierda\u201d, organizado por el Congreso Iberoamericano por la Vida y la Familia (*)<\/strong>, actividad que reuni\u00f3 en el recinto Miraflores de Santo Domingo a pastores, l\u00edderes y miembros de la comunidad universitaria interesados en reflexionar sobre la participaci\u00f3n cristiana en la vida p\u00fablica y pol\u00edtica. A ellos se unieron v\u00eda internet cientos de inscritos de dieciocho diferentes pa\u00edses.<\/p>\n<p>El encuentro cont\u00f3 con las exposiciones de los doctores <strong>Jos\u00e9 Gonz\u00e1lez, Xes\u00fas Manuel Su\u00e1rez y Pablo Marzilli,<\/strong> quienes <strong>abordaron desde distintas perspectivas hist\u00f3ricas, filos\u00f3ficas, sociales y teol\u00f3gicas la necesidad de construir una visi\u00f3n pol\u00edtica fundamentada en los valores y principios de la cosmovisi\u00f3n cristiana<\/strong>, sin una identificaci\u00f3n autom\u00e1tica con las tradicionales categor\u00edas de derecha o izquierda.<\/p>\n<p>El doctor <strong>Jos\u00e9 Gonz\u00e1lez<\/strong> ha sido mentor por 40 a\u00f1os de gran parte de los l\u00edderes cristianos que est\u00e1n impactando Latinoam\u00e9rica. Present\u00f3 una explicaci\u00f3n hist\u00f3rica sobre el origen de los conceptos pol\u00edticos de \u201cizquierda\u201d y \u201cderecha\u201d, surgidos en el contexto de la Revoluci\u00f3n Francesa y de la distribuci\u00f3n ideol\u00f3gica de los miembros de la Asamblea Nacional Constituyente. <strong>Su exposici\u00f3n analiz\u00f3 las diferencias entre los grupos revolucionarios y las consecuencias pol\u00edticas, sociales y religiosas derivadas de aquel proceso hist\u00f3rico.<\/strong><\/p>\n<p>Asimismo, estableci\u00f3 una <strong>comparaci\u00f3n entre la Revoluci\u00f3n Francesa y la Revoluci\u00f3n Americana<\/strong>, destacando las distintas concepciones acerca del papel de la religi\u00f3n, la libertad y la organizaci\u00f3n del Estado que influyeron en ambos procesos. Mientras la v\u00eda francesa dej\u00f3 a Dios de forma expresa fuera de la vida p\u00fablica, mientras que la americana quiere \u201crestaurar las cosas\u201d en el orden de Dios.<\/p>\n<div style=\"font-size:16px;color:#83979d;\" class=\"text-right photo-info-content\"><span class=\"photo-info\"><strong><span>&gt;&gt;&gt;&gt;&gt; <\/span><\/strong><em>Sigue el <a href=\"https:\/\/whatsapp.com\/channel\/0029VbBbpCrGpLHHil73qg0r\" target=\"_blank\"><strong>Canal de Evang\u00e9lico Digital en WhatsApp<\/strong><\/a>, actualizado al minuto con los art\u00edculos y noticias publicados<\/em><\/span> <\/div>\n<p>En segundo lugar intervino <strong>Xes\u00fas Manuel Su\u00e1rez,<\/strong> m\u00e9dico, pol\u00edtico y responsable de las relaciones internacionales de la Alianza Evang\u00e9lica Espa\u00f1ola. Plante\u00f3 que <strong>los cristianos no deben ofrecer un respaldo incondicional a ning\u00fan sector pol\u00edtico simplemente por identificarse como conservador o progresista<\/strong>. Propuso, en cambio, evaluar las propuestas y los actores pol\u00edticos a la luz de una cosmovisi\u00f3n cristiana, siguiendo el principio b\u00edblico de \u201cexaminarlo todo y retener lo bueno\u201d.<\/p>\n<p>Defendi\u00f3 que ir \u201ccontracorriente\u201d frente al poder pol\u00edtico ha sido una postura de la iglesia, desde su inicio (frente al Imperio de Roma), pasando por figuras como los valdenses, Mart\u00edn Lutero, Wilberforce, Martin Luther King y Desmond Tutu entre muchos otros.<\/p>\n<p>Su\u00e1rez insisti\u00f3 en la <strong>necesidad de construir una agenda pol\u00edtica propia, independiente de los intereses ideol\u00f3gicos de la derecha y la izquierda, y fundamentada b\u00edblicamente<\/strong>. Esta agenda, se\u00f1al\u00f3, debe abordar integralmente los grandes desaf\u00edos sociales, incluyendo temas como la econom\u00eda, la educaci\u00f3n, la sanidad, las comunicaciones, las relaciones internacionales y la justicia social.<\/p>\n<p>En ese sentido, <strong>exhort\u00f3 a superar una postura meramente defensiva y a desarrollar propuestas concretas que demuestren la capacidad del pensamiento cristiano para contribuir a la transformaci\u00f3n positiva de la sociedad.<\/strong><\/p>\n<p>Finalmente, el doctor <strong>Pablo Marzilli<\/strong> (abogado, doctor en Sociolog\u00eda y escritor) <strong>abord\u00f3 los fundamentos filos\u00f3ficos del marxismo<\/strong>. Explic\u00f3 las diferencias entre el materialismo dial\u00e9ctico y el materialismo hist\u00f3rico, conceptos desarrollados principalmente a partir del pensamiento de Karl Marx y Friedrich Engels.<\/p>\n<p>Marzilli tambi\u00e9n <strong>destac\u00f3 la influencia hist\u00f3rica del protestantismo en importantes procesos de transformaci\u00f3n social, particularmente en la defensa de la ni\u00f1ez, la promoci\u00f3n de la educaci\u00f3n y la mejora de las condiciones de vida de amplios sectores de la poblaci\u00f3n<\/strong>. Record\u00f3, entre otros aportes, el papel de la Escuela B\u00edblica Dominical y de diversos movimientos cristianos en la lucha contra la explotaci\u00f3n infantil.<\/p>\n<p><img decoding=\"async\" alt=\"Di\u00e1logo continental: los cristianos \u2018ni de derecha ni de izquierda\u2019\" title=\"Di\u00e1logo continental: los cristianos \u2018ni de derecha ni de izquierda\u2019\" src=\"https:\/\/cms.evangelicodigital.com\/upload\/imagenes\/6a97113375ded_ciberunev.jpg\"\/><\/p>\n<p>Como conclusi\u00f3n del encuentro, se anunci\u00f3 la realizaci\u00f3n de un panel conversatorio en vivo entre los asistentes en en el recinto Miraflores de Santo Domingo. Participaron el reverendo <strong>Alfredo Ossers<\/strong>, decano de la Facultad de Teolog\u00eda de la UNEV; el obispo <strong>Mauro Vargas<\/strong>, de la Iglesia de Dios; y <strong>Tom\u00e1s G\u00f3mez Bueno<\/strong>, director de Comunicaci\u00f3n y Relaciones P\u00fablicas de la Universidad Nacional Evang\u00e9lica.<\/p>\n<p>La actividad gener\u00f3 importantes reflexiones y propuestas que podr\u00edan contribuir al desarrollo de nuevas iniciativas acad\u00e9micas y formativas desde la Facultad de Teolog\u00eda de la UNEV, las cuales ser\u00e1n dadas a conocer pr\u00f3ximamente.<\/p>\n<p>&#8212;&#8212;&#8212;&#8212;&#8212;&#8212;&#8212;-<\/p>\n<p><strong>(*)<\/strong> El siguiente evento de Di\u00e1logos Continentales (sobre este mismo tema) ser\u00e1 el lunes 28 de septiembre. Quien desea inscribirse y recibir los materiales puede hacerlo en el whatsapp\u00a0+52 55 6901 1784.<\/p>\n<p>En base a estos di\u00e1logos y ponencias se ha comenzado a trabajar una agenda para concluir una Carta de Principios que definan la posici\u00f3n pol\u00edtica desde una cosmovisi\u00f3n cristiana y b\u00edblica.<\/p>\n<\/p><\/div>\n<p><br \/>\n<br \/><a href=\"https:\/\/www.evangelicodigital.com\/latinoamerica\/43060\/dialogo-continental-los-cristianos-ni-de-derecha-ni-de-izquierda\">Source link <\/a><\/p>\n","protected":false},"excerpt":{"rendered":"<p>La Universidad Nacional Evang\u00e9lica (UNEV) transmiti\u00f3 este pasado 31 de agosto, a trav\u00e9s de la plataforma Zoom, el di\u00e1logo continental \u201cNi de derecha ni de izquierda\u201d, organizado por el Congreso Iberoamericano por la Vida y la Familia (*), actividad que reuni\u00f3 en el recinto Miraflores de Santo Domingo a pastores, l\u00edderes y miembros de la [&hellip;]<\/p>\n","protected":false},"author":2,"featured_media":7801,"comment_status":"","ping_status":"open","sticky":false,"template":"","format":"standard","meta":{"fifu_image_url":"https:\/\/cms.evangelicodigital.com\/upload\/imagenes\/6a97113375ded_ciberunev.jpg","fifu_image_alt":"","footnotes":""},"categories":[1],"tags":[],"class_list":["post-7800","post","type-post","status-publish","format-standard","has-post-thumbnail","hentry","category-nexopost"],"yoast_head":"<!-- This site is optimized with the Yoast SEO Premium plugin v25.7.1 (Yoast SEO v27.7) - https:\/\/yoast.com\/product\/yoast-seo-premium-wordpress\/ -->\n<title>Di\u00e1logo continental: los cristianos \u2018ni de derecha ni de izquierda\u2019 - Stereo Visi\u00f3n de Dios<\/title>\n<meta name=\"robots\" content=\"index, follow, max-snippet:-1, max-image-preview:large, max-video-preview:-1\" \/>\n<link rel=\"canonical\" href=\"https:\/\/stereovisiondedios.com\/?p=7800\" \/>\n<meta property=\"og:locale\" content=\"es_ES\" \/>\n<meta property=\"og:type\" content=\"article\" \/>\n<meta property=\"og:title\" content=\"Di\u00e1logo continental: los cristianos \u2018ni de derecha ni de izquierda\u2019\" \/>\n<meta property=\"og:description\" content=\"La Universidad Nacional Evang\u00e9lica (UNEV) transmiti\u00f3 este pasado 31 de agosto, a trav\u00e9s de la plataforma Zoom, el di\u00e1logo continental \u201cNi de derecha ni de izquierda\u201d, organizado por el Congreso Iberoamericano por la Vida y la Familia (*), actividad que reuni\u00f3 en el recinto Miraflores de Santo Domingo a pastores, l\u00edderes y miembros de la [&hellip;]\" \/>\n<meta property=\"og:url\" content=\"https:\/\/stereovisiondedios.com\/?p=7800\" \/>\n<meta property=\"og:site_name\" content=\"Stereo Visi\u00f3n de Dios\" \/>\n<meta property=\"article:publisher\" content=\"https:\/\/www.facebook.com\/visiondedios106.9fm\" \/>\n<meta property=\"article:published_time\" content=\"2026-09-02T02:00:07+00:00\" \/>\n<meta property=\"og:image\" content=\"https:\/\/cms.evangelicodigital.com\/upload\/imagenes\/6a97113375ded_ciberunev.jpg\" \/>\n<meta name=\"author\" content=\"NexoRadio\" \/>\n<meta name=\"twitter:card\" content=\"summary_large_image\" \/>\n<meta name=\"twitter:image\" content=\"https:\/\/cms.evangelicodigital.com\/upload\/imagenes\/6a97113375ded_ciberunev.jpg\" \/>\n<meta name=\"twitter:label1\" content=\"Escrito por\" \/>\n\t<meta name=\"twitter:data1\" content=\"NexoRadio\" \/>\n\t<meta name=\"twitter:label2\" content=\"Tiempo de lectura\" \/>\n\t<meta name=\"twitter:data2\" content=\"4 minutos\" \/>\n<script type=\"application\/ld+json\" class=\"yoast-schema-graph\">{\"@context\":\"https:\\\/\\\/schema.org\",\"@graph\":[{\"@type\":\"Article\",\"@id\":\"https:\\\/\\\/stereovisiondedios.com\\\/?p=7800#article\",\"isPartOf\":{\"@id\":\"https:\\\/\\\/stereovisiondedios.com\\\/?p=7800\"},\"author\":{\"name\":\"NexoRadio\",\"@id\":\"https:\\\/\\\/stereovisiondedios.com\\\/#\\\/schema\\\/person\\\/32b4d07d90fc8962809b81993562e343\"},\"headline\":\"Di\u00e1logo continental: los cristianos \u2018ni de derecha ni de izquierda\u2019\",\"datePublished\":\"2026-09-02T02:00:07+00:00\",\"mainEntityOfPage\":{\"@id\":\"https:\\\/\\\/stereovisiondedios.com\\\/?p=7800\"},\"wordCount\":864,\"publisher\":{\"@id\":\"https:\\\/\\\/stereovisiondedios.com\\\/#organization\"},\"image\":{\"@id\":\"https:\\\/\\\/stereovisiondedios.com\\\/?p=7800#primaryimage\"},\"thumbnailUrl\":\"https:\\\/\\\/cms.evangelicodigital.com\\\/upload\\\/imagenes\\\/6a97113375ded_ciberunev.jpg\",\"articleSection\":[\"NexoPost\"],\"inLanguage\":\"es\"},{\"@type\":\"WebPage\",\"@id\":\"https:\\\/\\\/stereovisiondedios.com\\\/?p=7800\",\"url\":\"https:\\\/\\\/stereovisiondedios.com\\\/?p=7800\",\"name\":\"Di\u00e1logo continental: los cristianos \u2018ni de derecha ni de izquierda\u2019 - Stereo Visi\u00f3n de Dios\",\"isPartOf\":{\"@id\":\"https:\\\/\\\/stereovisiondedios.com\\\/#website\"},\"primaryImageOfPage\":{\"@id\":\"https:\\\/\\\/stereovisiondedios.com\\\/?p=7800#primaryimage\"},\"image\":{\"@id\":\"https:\\\/\\\/stereovisiondedios.com\\\/?p=7800#primaryimage\"},\"thumbnailUrl\":\"https:\\\/\\\/cms.evangelicodigital.com\\\/upload\\\/imagenes\\\/6a97113375ded_ciberunev.jpg\",\"datePublished\":\"2026-09-02T02:00:07+00:00\",\"breadcrumb\":{\"@id\":\"https:\\\/\\\/stereovisiondedios.com\\\/?p=7800#breadcrumb\"},\"inLanguage\":\"es\",\"potentialAction\":[{\"@type\":\"ReadAction\",\"target\":[\"https:\\\/\\\/stereovisiondedios.com\\\/?p=7800\"]}]},{\"@type\":\"ImageObject\",\"inLanguage\":\"es\",\"@id\":\"https:\\\/\\\/stereovisiondedios.com\\\/?p=7800#primaryimage\",\"url\":\"https:\\\/\\\/cms.evangelicodigital.com\\\/upload\\\/imagenes\\\/6a97113375ded_ciberunev.jpg\",\"contentUrl\":\"https:\\\/\\\/cms.evangelicodigital.com\\\/upload\\\/imagenes\\\/6a97113375ded_ciberunev.jpg\"},{\"@type\":\"BreadcrumbList\",\"@id\":\"https:\\\/\\\/stereovisiondedios.com\\\/?p=7800#breadcrumb\",\"itemListElement\":[{\"@type\":\"ListItem\",\"position\":1,\"name\":\"Home\",\"item\":\"https:\\\/\\\/stereovisiondedios.com\\\/\"},{\"@type\":\"ListItem\",\"position\":2,\"name\":\"Di\u00e1logo continental: los cristianos \u2018ni de derecha ni de izquierda\u2019\"}]},{\"@type\":\"WebSite\",\"@id\":\"https:\\\/\\\/stereovisiondedios.com\\\/#website\",\"url\":\"https:\\\/\\\/stereovisiondedios.com\\\/\",\"name\":\"Stereo Visi\u00f3n de Dios\",\"description\":\"Conectate...\",\"publisher\":{\"@id\":\"https:\\\/\\\/stereovisiondedios.com\\\/#organization\"},\"potentialAction\":[{\"@type\":\"SearchAction\",\"target\":{\"@type\":\"EntryPoint\",\"urlTemplate\":\"https:\\\/\\\/stereovisiondedios.com\\\/?s={search_term_string}\"},\"query-input\":{\"@type\":\"PropertyValueSpecification\",\"valueRequired\":true,\"valueName\":\"search_term_string\"}}],\"inLanguage\":\"es\"},{\"@type\":\"Organization\",\"@id\":\"https:\\\/\\\/stereovisiondedios.com\\\/#organization\",\"name\":\"Radio Stereo Visi\u00f3n de Dios\",\"url\":\"https:\\\/\\\/stereovisiondedios.com\\\/\",\"logo\":{\"@type\":\"ImageObject\",\"inLanguage\":\"es\",\"@id\":\"https:\\\/\\\/stereovisiondedios.com\\\/#\\\/schema\\\/logo\\\/image\\\/\",\"url\":\"https:\\\/\\\/stereovisiondedios.com\\\/wp-content\\\/uploads\\\/2024\\\/10\\\/www.fmhorizontesalta.com_.ar-5-1.png\",\"contentUrl\":\"https:\\\/\\\/stereovisiondedios.com\\\/wp-content\\\/uploads\\\/2024\\\/10\\\/www.fmhorizontesalta.com_.ar-5-1.png\",\"width\":555,\"height\":114,\"caption\":\"Radio Stereo Visi\u00f3n de Dios\"},\"image\":{\"@id\":\"https:\\\/\\\/stereovisiondedios.com\\\/#\\\/schema\\\/logo\\\/image\\\/\"},\"sameAs\":[\"https:\\\/\\\/www.facebook.com\\\/visiondedios106.9fm\",\"https:\\\/\\\/www.tiktok.com\\\/@vision_de_dios_106_9_fm\",\"https:\\\/\\\/www.youtube.com\\\/@radiovisiondediosstereo106.9\"]},{\"@type\":\"Person\",\"@id\":\"https:\\\/\\\/stereovisiondedios.com\\\/#\\\/schema\\\/person\\\/32b4d07d90fc8962809b81993562e343\",\"name\":\"NexoRadio\",\"image\":{\"@type\":\"ImageObject\",\"inLanguage\":\"es\",\"@id\":\"https:\\\/\\\/secure.gravatar.com\\\/avatar\\\/5c8c3ec5af674c12295d543b84fe993caada4dedbc52804dace89aa6e7f89070?s=96&d=mm&r=g\",\"url\":\"https:\\\/\\\/secure.gravatar.com\\\/avatar\\\/5c8c3ec5af674c12295d543b84fe993caada4dedbc52804dace89aa6e7f89070?s=96&d=mm&r=g\",\"contentUrl\":\"https:\\\/\\\/secure.gravatar.com\\\/avatar\\\/5c8c3ec5af674c12295d543b84fe993caada4dedbc52804dace89aa6e7f89070?s=96&d=mm&r=g\",\"caption\":\"NexoRadio\"},\"url\":\"https:\\\/\\\/stereovisiondedios.com\\\/?author=2\"}]}<\/script>\n<!-- \/ Yoast SEO Premium plugin. -->","yoast_head_json":{"title":"Di\u00e1logo continental: los cristianos \u2018ni de derecha ni de izquierda\u2019 - Stereo Visi\u00f3n de Dios","robots":{"index":"index","follow":"follow","max-snippet":"max-snippet:-1","max-image-preview":"max-image-preview:large","max-video-preview":"max-video-preview:-1"},"canonical":"https:\/\/stereovisiondedios.com\/?p=7800","og_locale":"es_ES","og_type":"article","og_title":"Di\u00e1logo continental: los cristianos \u2018ni de derecha ni de izquierda\u2019","og_description":"La Universidad Nacional Evang\u00e9lica (UNEV) transmiti\u00f3 este pasado 31 de agosto, a trav\u00e9s de la plataforma Zoom, el di\u00e1logo continental \u201cNi de derecha ni de izquierda\u201d, organizado por el Congreso Iberoamericano por la Vida y la Familia (*), actividad que reuni\u00f3 en el recinto Miraflores de Santo Domingo a pastores, l\u00edderes y miembros de la [&hellip;]","og_url":"https:\/\/stereovisiondedios.com\/?p=7800","og_site_name":"Stereo Visi\u00f3n de Dios","article_publisher":"https:\/\/www.facebook.com\/visiondedios106.9fm","article_published_time":"2026-09-02T02:00:07+00:00","og_image":[{"url":"https:\/\/cms.evangelicodigital.com\/upload\/imagenes\/6a97113375ded_ciberunev.jpg","type":"","width":"","height":""}],"author":"NexoRadio","twitter_card":"summary_large_image","twitter_image":"https:\/\/cms.evangelicodigital.com\/upload\/imagenes\/6a97113375ded_ciberunev.jpg","twitter_misc":{"Escrito por":"NexoRadio","Tiempo de lectura":"4 minutos"},"schema":{"@context":"https:\/\/schema.org","@graph":[{"@type":"Article","@id":"https:\/\/stereovisiondedios.com\/?p=7800#article","isPartOf":{"@id":"https:\/\/stereovisiondedios.com\/?p=7800"},"author":{"name":"NexoRadio","@id":"https:\/\/stereovisiondedios.com\/#\/schema\/person\/32b4d07d90fc8962809b81993562e343"},"headline":"Di\u00e1logo continental: los cristianos \u2018ni de derecha ni de izquierda\u2019","datePublished":"2026-09-02T02:00:07+00:00","mainEntityOfPage":{"@id":"https:\/\/stereovisiondedios.com\/?p=7800"},"wordCount":864,"publisher":{"@id":"https:\/\/stereovisiondedios.com\/#organization"},"image":{"@id":"https:\/\/stereovisiondedios.com\/?p=7800#primaryimage"},"thumbnailUrl":"https:\/\/cms.evangelicodigital.com\/upload\/imagenes\/6a97113375ded_ciberunev.jpg","articleSection":["NexoPost"],"inLanguage":"es"},{"@type":"WebPage","@id":"https:\/\/stereovisiondedios.com\/?p=7800","url":"https:\/\/stereovisiondedios.com\/?p=7800","name":"Di\u00e1logo continental: los cristianos \u2018ni de derecha ni de izquierda\u2019 - Stereo Visi\u00f3n de Dios","isPartOf":{"@id":"https:\/\/stereovisiondedios.com\/#website"},"primaryImageOfPage":{"@id":"https:\/\/stereovisiondedios.com\/?p=7800#primaryimage"},"image":{"@id":"https:\/\/stereovisiondedios.com\/?p=7800#primaryimage"},"thumbnailUrl":"https:\/\/cms.evangelicodigital.com\/upload\/imagenes\/6a97113375ded_ciberunev.jpg","datePublished":"2026-09-02T02:00:07+00:00","breadcrumb":{"@id":"https:\/\/stereovisiondedios.com\/?p=7800#breadcrumb"},"inLanguage":"es","potentialAction":[{"@type":"ReadAction","target":["https:\/\/stereovisiondedios.com\/?p=7800"]}]},{"@type":"ImageObject","inLanguage":"es","@id":"https:\/\/stereovisiondedios.com\/?p=7800#primaryimage","url":"https:\/\/cms.evangelicodigital.com\/upload\/imagenes\/6a97113375ded_ciberunev.jpg","contentUrl":"https:\/\/cms.evangelicodigital.com\/upload\/imagenes\/6a97113375ded_ciberunev.jpg"},{"@type":"BreadcrumbList","@id":"https:\/\/stereovisiondedios.com\/?p=7800#breadcrumb","itemListElement":[{"@type":"ListItem","position":1,"name":"Home","item":"https:\/\/stereovisiondedios.com\/"},{"@type":"ListItem","position":2,"name":"Di\u00e1logo continental: los cristianos \u2018ni de derecha ni de izquierda\u2019"}]},{"@type":"WebSite","@id":"https:\/\/stereovisiondedios.com\/#website","url":"https:\/\/stereovisiondedios.com\/","name":"Stereo Visi\u00f3n de Dios","description":"Conectate...","publisher":{"@id":"https:\/\/stereovisiondedios.com\/#organization"},"potentialAction":[{"@type":"SearchAction","target":{"@type":"EntryPoint","urlTemplate":"https:\/\/stereovisiondedios.com\/?s={search_term_string}"},"query-input":{"@type":"PropertyValueSpecification","valueRequired":true,"valueName":"search_term_string"}}],"inLanguage":"es"},{"@type":"Organization","@id":"https:\/\/stereovisiondedios.com\/#organization","name":"Radio Stereo Visi\u00f3n de Dios","url":"https:\/\/stereovisiondedios.com\/","logo":{"@type":"ImageObject","inLanguage":"es","@id":"https:\/\/stereovisiondedios.com\/#\/schema\/logo\/image\/","url":"https:\/\/stereovisiondedios.com\/wp-content\/uploads\/2024\/10\/www.fmhorizontesalta.com_.ar-5-1.png","contentUrl":"https:\/\/stereovisiondedios.com\/wp-content\/uploads\/2024\/10\/www.fmhorizontesalta.com_.ar-5-1.png","width":555,"height":114,"caption":"Radio Stereo Visi\u00f3n de Dios"},"image":{"@id":"https:\/\/stereovisiondedios.com\/#\/schema\/logo\/image\/"},"sameAs":["https:\/\/www.facebook.com\/visiondedios106.9fm","https:\/\/www.tiktok.com\/@vision_de_dios_106_9_fm","https:\/\/www.youtube.com\/@radiovisiondediosstereo106.9"]},{"@type":"Person","@id":"https:\/\/stereovisiondedios.com\/#\/schema\/person\/32b4d07d90fc8962809b81993562e343","name":"NexoRadio","image":{"@type":"ImageObject","inLanguage":"es","@id":"https:\/\/secure.gravatar.com\/avatar\/5c8c3ec5af674c12295d543b84fe993caada4dedbc52804dace89aa6e7f89070?s=96&d=mm&r=g","url":"https:\/\/secure.gravatar.com\/avatar\/5c8c3ec5af674c12295d543b84fe993caada4dedbc52804dace89aa6e7f89070?s=96&d=mm&r=g","contentUrl":"https:\/\/secure.gravatar.com\/avatar\/5c8c3ec5af674c12295d543b84fe993caada4dedbc52804dace89aa6e7f89070?s=96&d=mm&r=g","caption":"NexoRadio"},"url":"https:\/\/stereovisiondedios.com\/?author=2"}]}},"_links":{"self":[{"href":"https:\/\/stereovisiondedios.com\/index.php?rest_route=\/wp\/v2\/posts\/7800","targetHints":{"allow":["GET"]}}],"collection":[{"href":"https:\/\/stereovisiondedios.com\/index.php?rest_route=\/wp\/v2\/posts"}],"about":[{"href":"https:\/\/stereovisiondedios.com\/index.php?rest_route=\/wp\/v2\/types\/post"}],"author":[{"embeddable":true,"href":"https:\/\/stereovisiondedios.com\/index.php?rest_route=\/wp\/v2\/users\/2"}],"replies":[{"embeddable":true,"href":"https:\/\/stereovisiondedios.com\/index.php?rest_route=%2Fwp%2Fv2%2Fcomments&post=7800"}],"version-history":[{"count":0,"href":"https:\/\/stereovisiondedios.com\/index.php?rest_route=\/wp\/v2\/posts\/7800\/revisions"}],"wp:featuredmedia":[{"embeddable":true,"href":"https:\/\/stereovisiondedios.com\/index.php?rest_route=\/wp\/v2\/media\/7801"}],"wp:attachment":[{"href":"https:\/\/stereovisiondedios.com\/index.php?rest_route=%2Fwp%2Fv2%2Fmedia&parent=7800"}],"wp:term":[{"taxonomy":"category","embeddable":true,"href":"https:\/\/stereovisiondedios.com\/index.php?rest_route=%2Fwp%2Fv2%2Fcategories&post=7800"},{"taxonomy":"post_tag","embeddable":true,"href":"https:\/\/stereovisiondedios.com\/index.php?rest_route=%2Fwp%2Fv2%2Ftags&post=7800"}],"curies":[{"name":"wp","href":"https:\/\/api.w.org\/{rel}","templated":true}]}}