{"id":7802,"date":"2026-09-02T09:01:30","date_gmt":"2026-09-02T15:01:30","guid":{"rendered":"https:\/\/stereovisiondedios.com\/?p=7802"},"modified":"2026-09-02T09:01:30","modified_gmt":"2026-09-02T15:01:30","slug":"la-dictadura-militar-de-myanmar-ejecuta-a-pastor-bautista-junto-a-otro-cristiano","status":"publish","type":"post","link":"https:\/\/stereovisiondedios.com\/?p=7802","title":{"rendered":"La dictadura militar de Myanmar ejecuta a pastor bautista junto a otro cristiano"},"content":{"rendered":"<p><br \/>\n<\/p>\n<div>\n<p><strong>La junta militar de Myanmar ejecut\u00f3 dos cristianos, Nam Ceu y el pastor bautista William, tras meses de detenci\u00f3n. Un caso denunciado por organizaciones de derechos humanos y vinculado al aumento de la violencia contra minor\u00edas \u00e9tnicas y religiosas.<\/strong><\/p>\n<p>Ambos, <a href=\"https:\/\/www.christianpost.com\/news\/baptist-pastor-killed-by-myanmar-military-junta-watchdog-says.html\" target=\"_blank\">informa Christian Post,<\/a>\u00a0hab\u00edan sido arrestados en mayo y permanec\u00edan detenidos desde entonces, acusados de colaborar con la Fuerza de Defensa Hakha Chinland, un grupo armado que combate al r\u00e9gimen militar.<\/p>\n<p><strong>William, que pastore\u00f3 a su congregaci\u00f3n durante m\u00e1s de 25 a\u00f1os, fue asesinado el 4 de junio<\/strong>. Su funeral se celebr\u00f3 el 26 de agosto en la localidad de Chungcung, seg\u00fan el Burma Research Institute, con sede en Estados Unidos.<\/p>\n<p>La iglesia que dirig\u00eda fue saqueada e incendiada en 2021, y la aldea ha sufrido repetidos ataques desde el golpe de Estado que llev\u00f3 al ej\u00e9rcito al poder ese mismo a\u00f1o. El pastor deja esposa y cinco hijos.<\/p>\n<p><strong>El reverendo Robin Stoops, presidente del Burma Research Institute, calific\u00f3 el hecho como un \u201casesinato extrajudicial\u201d<\/strong> perpetrado sin juicio ni debido proceso, y pidi\u00f3 a la comunidad internacional \u2014especialmente a Estados Unidos\u2014 que exija responsabilidades a la junta militar.<\/p>\n<div style=\"font-size:16px;color:#83979d;\" class=\"text-right photo-info-content\"><span class=\"photo-info\"><strong><span>&gt;&gt;&gt;&gt;&gt; <\/span><\/strong><em>Sigue el <a href=\"https:\/\/whatsapp.com\/channel\/0029VbBbpCrGpLHHil73qg0r\" target=\"_blank\"><strong>Canal de Evang\u00e9lico Digital en WhatsApp<\/strong><\/a>, actualizado al minuto con los art\u00edculos y noticias publicados<\/em><\/span> <\/div>\n<p><strong>M\u00e1s all\u00e1 del caso individual, la ejecuci\u00f3n de William refleja c\u00f3mo la represi\u00f3n militar se ha entrelazado con las tensiones \u00e9tnicas, religiosas y pol\u00edticas que atraviesan Myanmar (Birmania) desde el golpe de Estado.<\/strong><\/p>\n<p>El caso se inscribe en el conflicto generalizado que vive Myanmar desde el golpe de 2021, cuando el ej\u00e9rcito anul\u00f3 la victoria electoral del partido de Aung San Suu Kyi. Desde entonces, se han intensificado d\u00e9cadas de enfrentamientos entre las fuerzas militares y grupos armados \u00e9tnicos que reclaman autonom\u00eda en las zonas fronterizas.<\/p>\n<p><strong>Nuevos movimientos prodemocracia se han aliado adem\u00e1s con fuerzas \u00e9tnicas, algunas de ellas cristianas<\/strong>, lo que ha ampliado el alcance territorial y pol\u00edtico de la resistencia al r\u00e9gimen militar.<\/p>\n<p>\u00a0<\/p>\n<p><strong>La violencia ha incluido bombardeos, desplazamientos masivos y ataques contra templos cristianos y budistas<\/strong>. Entre los episodios recientes, soldados incendiaron la catedral de St. Patrick en Kachin en marzo de 2025, destruyeron escuelas y oficinas diocesanas, y varios ataques a\u00e9reos arrasaron iglesias en Chin y Kachin durante 2025 .<\/p>\n<p>Organizaciones de derechos humanos sostienen que estos ataques buscan castigar a comunidades sospechosas de apoyar a grupos de resistencia \u00e9tnica, que han logrado tomar cientos de puestos militares y han provocado deserciones dentro del ej\u00e9rcito.<\/p>\n<p><strong>El conflicto afecta especialmente a regiones donde viven cerca de dos millones de cristianos<\/strong>. Los ataques contra templos, escuelas y oficinas religiosas han acelerado el desplazamiento de miles de personas hacia India, Tailandia o campamentos fronterizos, donde permanecen durante largos periodos de incertidumbre.<\/p>\n<p>Para las comunidades cristianas de Chin y Kachin, el asesinato del pastor William se suma a una cadena de ataques, desplazamientos y destrucci\u00f3n de espacios religiosos que refleja el coste humano del conflicto y mantiene abierta la demanda de rendici\u00f3n de cuentas.<\/p>\n<\/p><\/div>\n<p>\n          Publicado en: <span class=\"text-turquoise\"> <a href=\"https:\/\/www.evangelicodigital.com\">EVANG\u00c9LICO DIGITAL<\/a> &#8211; <a href=\"https:\/\/www.evangelicodigital.com\/mundo\">MUNDO<\/a><\/span><br \/>\n          &#8211; La dictadura militar de Myanmar ejecuta a pastor bautista junto a otro cristiano\n        <\/p>\n<p><br \/>\n<br \/><a href=\"https:\/\/www.evangelicodigital.com\/mundo\/43074\/junta-militar-de-myanmar-ejecuta-pastor-bautista-junto-a-otro-cristiano\">Source link <\/a><\/p>\n","protected":false},"excerpt":{"rendered":"<p>La junta militar de Myanmar ejecut\u00f3 dos cristianos, Nam Ceu y el pastor bautista William, tras meses de detenci\u00f3n. Un caso denunciado por organizaciones de derechos humanos y vinculado al aumento de la violencia contra minor\u00edas \u00e9tnicas y religiosas. Ambos, informa Christian Post,\u00a0hab\u00edan sido arrestados en mayo y permanec\u00edan detenidos desde entonces, acusados de colaborar [&hellip;]<\/p>\n","protected":false},"author":2,"featured_media":0,"comment_status":"","ping_status":"open","sticky":false,"template":"","format":"standard","meta":{"fifu_image_url":"","fifu_image_alt":"","footnotes":""},"categories":[1],"tags":[],"class_list":["post-7802","post","type-post","status-publish","format-standard","hentry","category-nexopost"],"yoast_head":"<!-- This site is optimized with the Yoast SEO Premium plugin v25.7.1 (Yoast SEO v27.7) - https:\/\/yoast.com\/product\/yoast-seo-premium-wordpress\/ -->\n<title>La dictadura militar de Myanmar ejecuta a pastor bautista junto a otro cristiano - Stereo Visi\u00f3n de Dios<\/title>\n<meta name=\"robots\" content=\"index, follow, max-snippet:-1, max-image-preview:large, max-video-preview:-1\" \/>\n<link rel=\"canonical\" href=\"https:\/\/stereovisiondedios.com\/?p=7802\" \/>\n<meta property=\"og:locale\" content=\"es_ES\" \/>\n<meta property=\"og:type\" content=\"article\" \/>\n<meta property=\"og:title\" content=\"La dictadura militar de Myanmar ejecuta a pastor bautista junto a otro cristiano\" \/>\n<meta property=\"og:description\" content=\"La junta militar de Myanmar ejecut\u00f3 dos cristianos, Nam Ceu y el pastor bautista William, tras meses de detenci\u00f3n. Un caso denunciado por organizaciones de derechos humanos y vinculado al aumento de la violencia contra minor\u00edas \u00e9tnicas y religiosas. Ambos, informa Christian Post,\u00a0hab\u00edan sido arrestados en mayo y permanec\u00edan detenidos desde entonces, acusados de colaborar [&hellip;]\" \/>\n<meta property=\"og:url\" content=\"https:\/\/stereovisiondedios.com\/?p=7802\" \/>\n<meta property=\"og:site_name\" content=\"Stereo Visi\u00f3n de Dios\" \/>\n<meta property=\"article:publisher\" content=\"https:\/\/www.facebook.com\/visiondedios106.9fm\" \/>\n<meta property=\"article:published_time\" content=\"2026-09-02T15:01:30+00:00\" \/>\n<meta name=\"author\" content=\"NexoRadio\" \/>\n<meta name=\"twitter:card\" content=\"summary_large_image\" \/>\n<meta name=\"twitter:label1\" content=\"Escrito por\" \/>\n\t<meta name=\"twitter:data1\" content=\"NexoRadio\" \/>\n\t<meta name=\"twitter:label2\" content=\"Tiempo de lectura\" \/>\n\t<meta name=\"twitter:data2\" content=\"3 minutos\" \/>\n<script type=\"application\/ld+json\" class=\"yoast-schema-graph\">{\"@context\":\"https:\\\/\\\/schema.org\",\"@graph\":[{\"@type\":\"Article\",\"@id\":\"https:\\\/\\\/stereovisiondedios.com\\\/?p=7802#article\",\"isPartOf\":{\"@id\":\"https:\\\/\\\/stereovisiondedios.com\\\/?p=7802\"},\"author\":{\"name\":\"NexoRadio\",\"@id\":\"https:\\\/\\\/stereovisiondedios.com\\\/#\\\/schema\\\/person\\\/32b4d07d90fc8962809b81993562e343\"},\"headline\":\"La dictadura militar de Myanmar ejecuta a pastor bautista junto a otro cristiano\",\"datePublished\":\"2026-09-02T15:01:30+00:00\",\"mainEntityOfPage\":{\"@id\":\"https:\\\/\\\/stereovisiondedios.com\\\/?p=7802\"},\"wordCount\":553,\"publisher\":{\"@id\":\"https:\\\/\\\/stereovisiondedios.com\\\/#organization\"},\"articleSection\":[\"NexoPost\"],\"inLanguage\":\"es\"},{\"@type\":\"WebPage\",\"@id\":\"https:\\\/\\\/stereovisiondedios.com\\\/?p=7802\",\"url\":\"https:\\\/\\\/stereovisiondedios.com\\\/?p=7802\",\"name\":\"La dictadura militar de Myanmar ejecuta a pastor bautista junto a otro cristiano - Stereo Visi\u00f3n de Dios\",\"isPartOf\":{\"@id\":\"https:\\\/\\\/stereovisiondedios.com\\\/#website\"},\"datePublished\":\"2026-09-02T15:01:30+00:00\",\"breadcrumb\":{\"@id\":\"https:\\\/\\\/stereovisiondedios.com\\\/?p=7802#breadcrumb\"},\"inLanguage\":\"es\",\"potentialAction\":[{\"@type\":\"ReadAction\",\"target\":[\"https:\\\/\\\/stereovisiondedios.com\\\/?p=7802\"]}]},{\"@type\":\"BreadcrumbList\",\"@id\":\"https:\\\/\\\/stereovisiondedios.com\\\/?p=7802#breadcrumb\",\"itemListElement\":[{\"@type\":\"ListItem\",\"position\":1,\"name\":\"Home\",\"item\":\"https:\\\/\\\/stereovisiondedios.com\\\/\"},{\"@type\":\"ListItem\",\"position\":2,\"name\":\"La dictadura militar de Myanmar ejecuta a pastor bautista junto a otro cristiano\"}]},{\"@type\":\"WebSite\",\"@id\":\"https:\\\/\\\/stereovisiondedios.com\\\/#website\",\"url\":\"https:\\\/\\\/stereovisiondedios.com\\\/\",\"name\":\"Stereo Visi\u00f3n de Dios\",\"description\":\"Conectate...\",\"publisher\":{\"@id\":\"https:\\\/\\\/stereovisiondedios.com\\\/#organization\"},\"potentialAction\":[{\"@type\":\"SearchAction\",\"target\":{\"@type\":\"EntryPoint\",\"urlTemplate\":\"https:\\\/\\\/stereovisiondedios.com\\\/?s={search_term_string}\"},\"query-input\":{\"@type\":\"PropertyValueSpecification\",\"valueRequired\":true,\"valueName\":\"search_term_string\"}}],\"inLanguage\":\"es\"},{\"@type\":\"Organization\",\"@id\":\"https:\\\/\\\/stereovisiondedios.com\\\/#organization\",\"name\":\"Radio Stereo Visi\u00f3n de Dios\",\"url\":\"https:\\\/\\\/stereovisiondedios.com\\\/\",\"logo\":{\"@type\":\"ImageObject\",\"inLanguage\":\"es\",\"@id\":\"https:\\\/\\\/stereovisiondedios.com\\\/#\\\/schema\\\/logo\\\/image\\\/\",\"url\":\"https:\\\/\\\/stereovisiondedios.com\\\/wp-content\\\/uploads\\\/2024\\\/10\\\/www.fmhorizontesalta.com_.ar-5-1.png\",\"contentUrl\":\"https:\\\/\\\/stereovisiondedios.com\\\/wp-content\\\/uploads\\\/2024\\\/10\\\/www.fmhorizontesalta.com_.ar-5-1.png\",\"width\":555,\"height\":114,\"caption\":\"Radio Stereo Visi\u00f3n de Dios\"},\"image\":{\"@id\":\"https:\\\/\\\/stereovisiondedios.com\\\/#\\\/schema\\\/logo\\\/image\\\/\"},\"sameAs\":[\"https:\\\/\\\/www.facebook.com\\\/visiondedios106.9fm\",\"https:\\\/\\\/www.tiktok.com\\\/@vision_de_dios_106_9_fm\",\"https:\\\/\\\/www.youtube.com\\\/@radiovisiondediosstereo106.9\"]},{\"@type\":\"Person\",\"@id\":\"https:\\\/\\\/stereovisiondedios.com\\\/#\\\/schema\\\/person\\\/32b4d07d90fc8962809b81993562e343\",\"name\":\"NexoRadio\",\"image\":{\"@type\":\"ImageObject\",\"inLanguage\":\"es\",\"@id\":\"https:\\\/\\\/secure.gravatar.com\\\/avatar\\\/5c8c3ec5af674c12295d543b84fe993caada4dedbc52804dace89aa6e7f89070?s=96&d=mm&r=g\",\"url\":\"https:\\\/\\\/secure.gravatar.com\\\/avatar\\\/5c8c3ec5af674c12295d543b84fe993caada4dedbc52804dace89aa6e7f89070?s=96&d=mm&r=g\",\"contentUrl\":\"https:\\\/\\\/secure.gravatar.com\\\/avatar\\\/5c8c3ec5af674c12295d543b84fe993caada4dedbc52804dace89aa6e7f89070?s=96&d=mm&r=g\",\"caption\":\"NexoRadio\"},\"url\":\"https:\\\/\\\/stereovisiondedios.com\\\/?author=2\"}]}<\/script>\n<!-- \/ Yoast SEO Premium plugin. -->","yoast_head_json":{"title":"La dictadura militar de Myanmar ejecuta a pastor bautista junto a otro cristiano - Stereo Visi\u00f3n de Dios","robots":{"index":"index","follow":"follow","max-snippet":"max-snippet:-1","max-image-preview":"max-image-preview:large","max-video-preview":"max-video-preview:-1"},"canonical":"https:\/\/stereovisiondedios.com\/?p=7802","og_locale":"es_ES","og_type":"article","og_title":"La dictadura militar de Myanmar ejecuta a pastor bautista junto a otro cristiano","og_description":"La junta militar de Myanmar ejecut\u00f3 dos cristianos, Nam Ceu y el pastor bautista William, tras meses de detenci\u00f3n. Un caso denunciado por organizaciones de derechos humanos y vinculado al aumento de la violencia contra minor\u00edas \u00e9tnicas y religiosas. Ambos, informa Christian Post,\u00a0hab\u00edan sido arrestados en mayo y permanec\u00edan detenidos desde entonces, acusados de colaborar [&hellip;]","og_url":"https:\/\/stereovisiondedios.com\/?p=7802","og_site_name":"Stereo Visi\u00f3n de Dios","article_publisher":"https:\/\/www.facebook.com\/visiondedios106.9fm","article_published_time":"2026-09-02T15:01:30+00:00","author":"NexoRadio","twitter_card":"summary_large_image","twitter_misc":{"Escrito por":"NexoRadio","Tiempo de lectura":"3 minutos"},"schema":{"@context":"https:\/\/schema.org","@graph":[{"@type":"Article","@id":"https:\/\/stereovisiondedios.com\/?p=7802#article","isPartOf":{"@id":"https:\/\/stereovisiondedios.com\/?p=7802"},"author":{"name":"NexoRadio","@id":"https:\/\/stereovisiondedios.com\/#\/schema\/person\/32b4d07d90fc8962809b81993562e343"},"headline":"La dictadura militar de Myanmar ejecuta a pastor bautista junto a otro cristiano","datePublished":"2026-09-02T15:01:30+00:00","mainEntityOfPage":{"@id":"https:\/\/stereovisiondedios.com\/?p=7802"},"wordCount":553,"publisher":{"@id":"https:\/\/stereovisiondedios.com\/#organization"},"articleSection":["NexoPost"],"inLanguage":"es"},{"@type":"WebPage","@id":"https:\/\/stereovisiondedios.com\/?p=7802","url":"https:\/\/stereovisiondedios.com\/?p=7802","name":"La dictadura militar de Myanmar ejecuta a pastor bautista junto a otro cristiano - Stereo Visi\u00f3n de Dios","isPartOf":{"@id":"https:\/\/stereovisiondedios.com\/#website"},"datePublished":"2026-09-02T15:01:30+00:00","breadcrumb":{"@id":"https:\/\/stereovisiondedios.com\/?p=7802#breadcrumb"},"inLanguage":"es","potentialAction":[{"@type":"ReadAction","target":["https:\/\/stereovisiondedios.com\/?p=7802"]}]},{"@type":"BreadcrumbList","@id":"https:\/\/stereovisiondedios.com\/?p=7802#breadcrumb","itemListElement":[{"@type":"ListItem","position":1,"name":"Home","item":"https:\/\/stereovisiondedios.com\/"},{"@type":"ListItem","position":2,"name":"La dictadura militar de Myanmar ejecuta a pastor bautista junto a otro cristiano"}]},{"@type":"WebSite","@id":"https:\/\/stereovisiondedios.com\/#website","url":"https:\/\/stereovisiondedios.com\/","name":"Stereo Visi\u00f3n de Dios","description":"Conectate...","publisher":{"@id":"https:\/\/stereovisiondedios.com\/#organization"},"potentialAction":[{"@type":"SearchAction","target":{"@type":"EntryPoint","urlTemplate":"https:\/\/stereovisiondedios.com\/?s={search_term_string}"},"query-input":{"@type":"PropertyValueSpecification","valueRequired":true,"valueName":"search_term_string"}}],"inLanguage":"es"},{"@type":"Organization","@id":"https:\/\/stereovisiondedios.com\/#organization","name":"Radio Stereo Visi\u00f3n de Dios","url":"https:\/\/stereovisiondedios.com\/","logo":{"@type":"ImageObject","inLanguage":"es","@id":"https:\/\/stereovisiondedios.com\/#\/schema\/logo\/image\/","url":"https:\/\/stereovisiondedios.com\/wp-content\/uploads\/2024\/10\/www.fmhorizontesalta.com_.ar-5-1.png","contentUrl":"https:\/\/stereovisiondedios.com\/wp-content\/uploads\/2024\/10\/www.fmhorizontesalta.com_.ar-5-1.png","width":555,"height":114,"caption":"Radio Stereo Visi\u00f3n de Dios"},"image":{"@id":"https:\/\/stereovisiondedios.com\/#\/schema\/logo\/image\/"},"sameAs":["https:\/\/www.facebook.com\/visiondedios106.9fm","https:\/\/www.tiktok.com\/@vision_de_dios_106_9_fm","https:\/\/www.youtube.com\/@radiovisiondediosstereo106.9"]},{"@type":"Person","@id":"https:\/\/stereovisiondedios.com\/#\/schema\/person\/32b4d07d90fc8962809b81993562e343","name":"NexoRadio","image":{"@type":"ImageObject","inLanguage":"es","@id":"https:\/\/secure.gravatar.com\/avatar\/5c8c3ec5af674c12295d543b84fe993caada4dedbc52804dace89aa6e7f89070?s=96&d=mm&r=g","url":"https:\/\/secure.gravatar.com\/avatar\/5c8c3ec5af674c12295d543b84fe993caada4dedbc52804dace89aa6e7f89070?s=96&d=mm&r=g","contentUrl":"https:\/\/secure.gravatar.com\/avatar\/5c8c3ec5af674c12295d543b84fe993caada4dedbc52804dace89aa6e7f89070?s=96&d=mm&r=g","caption":"NexoRadio"},"url":"https:\/\/stereovisiondedios.com\/?author=2"}]}},"_links":{"self":[{"href":"https:\/\/stereovisiondedios.com\/index.php?rest_route=\/wp\/v2\/posts\/7802","targetHints":{"allow":["GET"]}}],"collection":[{"href":"https:\/\/stereovisiondedios.com\/index.php?rest_route=\/wp\/v2\/posts"}],"about":[{"href":"https:\/\/stereovisiondedios.com\/index.php?rest_route=\/wp\/v2\/types\/post"}],"author":[{"embeddable":true,"href":"https:\/\/stereovisiondedios.com\/index.php?rest_route=\/wp\/v2\/users\/2"}],"replies":[{"embeddable":true,"href":"https:\/\/stereovisiondedios.com\/index.php?rest_route=%2Fwp%2Fv2%2Fcomments&post=7802"}],"version-history":[{"count":0,"href":"https:\/\/stereovisiondedios.com\/index.php?rest_route=\/wp\/v2\/posts\/7802\/revisions"}],"wp:attachment":[{"href":"https:\/\/stereovisiondedios.com\/index.php?rest_route=%2Fwp%2Fv2%2Fmedia&parent=7802"}],"wp:term":[{"taxonomy":"category","embeddable":true,"href":"https:\/\/stereovisiondedios.com\/index.php?rest_route=%2Fwp%2Fv2%2Fcategories&post=7802"},{"taxonomy":"post_tag","embeddable":true,"href":"https:\/\/stereovisiondedios.com\/index.php?rest_route=%2Fwp%2Fv2%2Ftags&post=7802"}],"curies":[{"name":"wp","href":"https:\/\/api.w.org\/{rel}","templated":true}]}}