{"id":7805,"date":"2026-09-04T00:05:35","date_gmt":"2026-09-04T06:05:35","guid":{"rendered":"https:\/\/stereovisiondedios.com\/?p=7805"},"modified":"2026-09-04T00:05:35","modified_gmt":"2026-09-04T06:05:35","slug":"brasil-confirma-y-afina-su-censo-2022-un-27-de-la-poblacion-es-evangelica","status":"publish","type":"post","link":"https:\/\/stereovisiondedios.com\/?p=7805","title":{"rendered":"Brasil confirma y afina su Censo 2022: un 27% de la poblaci\u00f3n es evang\u00e9lica"},"content":{"rendered":"<p><br \/>\n<\/p>\n<div>\n<p><strong>El Instituto Brasile\u00f1o de Geograf\u00eda y Estad\u00edstica (IBGE) public\u00f3 los microdatos del Censo 2022, revelando por primera vez un mapa algo m\u00e1s detallado de la afiliaci\u00f3n religiosa en Brasil<\/strong>, con 210 millones de habitantes.<\/p>\n<p>El pa\u00eds contin\u00faa siendo de <strong>mayor\u00eda clara de cristianos en su conjunto (cat\u00f3licos y evang\u00e9licos) superando el 80% de la poblaci\u00f3n<\/strong>, aunque con transformaciones internas significativas entre sus distintas corrientes<strong>. Los datos muestran un crecimiento acelerado de personas sin religi\u00f3n y cambios metodol\u00f3gicos que afectan la medici\u00f3n de los grupos evang\u00e9licos, que suman en su conjunto un 26,9% de la poblaci\u00f3n<\/strong> (unos 56 millones de personas).<\/p>\n<p>El dem\u00f3grafo Jos\u00e9 Eust\u00e1quio Alves se\u00f1ala que la pandemia, los recortes presupuestarios durante el gobierno Bolsonaro, la coincidencia con las elecciones polarizadas de 2022 y la violencia en zonas controladas por narcotr\u00e1fico y milicias perjudicaron la recopilaci\u00f3n de datos.<\/p>\n<p><strong>El crecimiento evang\u00e9lico \u2014especialmente pentecostal\u2014 contin\u00faa, aunque la metodolog\u00eda del IBGE dificulta medirlo con precisi\u00f3n<\/strong>. Los cat\u00f3licos pierden peso, las religiones afrobrasile\u00f1as crecen y la secularizaci\u00f3n avanza lentamente.<\/p>\n<p><strong>Para los evang\u00e9licos, especialmente pentecostales, el informe confirma su papel central en la vida social y pol\u00edtica del pa\u00eds<\/strong>, aunque tambi\u00e9n evidencia la necesidad de mediciones m\u00e1s finas para comprender la magnitud real de su expansi\u00f3n.<\/p>\n<div style=\"font-size:16px;color:#83979d;\" class=\"text-right photo-info-content\"><span class=\"photo-info\"><strong><span>&gt;&gt;&gt;&gt;&gt; <\/span><\/strong><em>Sigue el <a href=\"https:\/\/whatsapp.com\/channel\/0029VbBbpCrGpLHHil73qg0r\" target=\"_blank\"><strong>Canal de Evang\u00e9lico Digital en WhatsApp<\/strong><\/a>, actualizado al minuto con los art\u00edculos y noticias publicados<\/em><\/span> <\/div>\n<p><strong>En el censo de 2022 la evidencia de que los evang\u00e9licos siguen ganando terreno, representando ahora el 26,9% de la poblaci\u00f3n, frente al 21,6% en 2010.\u00a0<\/strong>Adem\u00e1s,\u00a0los evang\u00e9licos son hoy el grupo religioso predominante entre los j\u00f3venes,\u00a0alcanzando un 31,6% en la franja de 10 a 14 a\u00f1os.<\/p>\n<p><strong>SIn embargo, aclaran ahora, la metodolog\u00eda de este Censo de 2022 dificulta medir con precisi\u00f3n el peso real de los pentecostales.<\/strong><\/p>\n<p>Los evang\u00e9licos \u201cno determinados\u201d son el grupo m\u00e1s numeroso dentro del campo evang\u00e9lico: 15,6% de la poblaci\u00f3n de 10 a\u00f1os o m\u00e1s se declar\u00f3 simplemente \u201cevang\u00e9lica\u201d o \u201ccreyente\u201d, sin especificar denominaci\u00f3n o iglesia. Pero este aumento est\u00e1 directamente vinculado a un cambio metodol\u00f3gico del IBGE, que dej\u00f3 de instruir a los encuestadores para que evitasen respuestas gen\u00e9ricas, lo que infl\u00f3 esta categor\u00eda y ocult\u00f3 parcialmente el tama\u00f1o real de los pentecostales.<\/p>\n<p><strong>Los pentecostales representan<\/strong> <strong>un 8,1% de los brasile\u00f1os<\/strong> <strong>(14,3 millones de personas). Son el n\u00facleo m\u00e1s din\u00e1mico del cristianismo brasile\u00f1o<\/strong>, con fuerte presencia en barrios populares y expansi\u00f3n sostenida en las \u00faltimas d\u00e9cadas. Especialistas se\u00f1alan que su peso real podr\u00eda ser mayor debido a las mencionadas respuestas gen\u00e9ricas que terminaron clasific\u00e1ndose como \u201cno determinadas\u201d.<\/p>\n<p><strong>Los protestantes hist\u00f3ricos<\/strong> procedentes de tradiciones como bautistas, presbiterianos o metodistas, suman 3,2% de la poblaci\u00f3n (5,6 millones).<\/p>\n<p>\u00a0<\/p>\n<p><strong>El catolicismo contin\u00faa siendo la religi\u00f3n m\u00e1s numerosa del pa\u00eds, pero su ca\u00edda es sostenida: <\/strong>74,4% en 2000, 65,5% en 2010, 57% en 2022 (100,6 millones de fieles)<\/p>\n<p>Aunque siguen siendo mayor\u00eda, los cat\u00f3licos pierden terreno frente al avance evang\u00e9lico y el aumento de personas sin religi\u00f3n.<\/p>\n<p>\u00a0<\/p>\n<p><strong>Las personas sin religi\u00f3n son una minor\u00eda, pero en crecimiento acelerado<\/strong><\/p>\n<p>El grupo de<strong> personas sin afiliaci\u00f3n religiosa llega a 16,4 millones<\/strong>. Dentro de este segmento: ateos: 1% (se triplicaron entre 2010 y 2022) y gn\u00f3sticos: 0,5% (aumentaron siete veces en el mismo per\u00edodo)<\/p>\n<p>Este crecimiento refleja una tendencia global de secularizaci\u00f3n, aunque en Brasil sigue siendo minoritaria.<\/p>\n<p>\u00a0<\/p>\n<p>Las religiones afrobrasile\u00f1as muestran un avance: umbanda: 0,8%, candombl\u00e9: 0,3% Ambas triplicaron su tama\u00f1o entre 2010 y 2022.<\/p>\n<p>En contraste, el espiritismo cay\u00f3 del 2,2% al 1,8%.<\/p>\n<\/p><\/div>\n<p><br \/>\n<br \/><a href=\"https:\/\/www.evangelicodigital.com\/latinoamerica\/43080\/brasil-afina-su-censo-2022-veintisiete-por-ciento-de-poblacion-evangelica\">Source link <\/a><\/p>\n","protected":false},"excerpt":{"rendered":"<p>El Instituto Brasile\u00f1o de Geograf\u00eda y Estad\u00edstica (IBGE) public\u00f3 los microdatos del Censo 2022, revelando por primera vez un mapa algo m\u00e1s detallado de la afiliaci\u00f3n religiosa en Brasil, con 210 millones de habitantes. El pa\u00eds contin\u00faa siendo de mayor\u00eda clara de cristianos en su conjunto (cat\u00f3licos y evang\u00e9licos) superando el 80% de la poblaci\u00f3n, [&hellip;]<\/p>\n","protected":false},"author":2,"featured_media":0,"comment_status":"","ping_status":"open","sticky":false,"template":"","format":"standard","meta":{"fifu_image_url":"","fifu_image_alt":"","footnotes":""},"categories":[1],"tags":[],"class_list":["post-7805","post","type-post","status-publish","format-standard","hentry","category-nexopost"],"yoast_head":"<!-- This site is optimized with the Yoast SEO Premium plugin v25.7.1 (Yoast SEO v27.7) - https:\/\/yoast.com\/product\/yoast-seo-premium-wordpress\/ -->\n<title>Brasil confirma y afina su Censo 2022: un 27% de la poblaci\u00f3n es evang\u00e9lica - Stereo Visi\u00f3n de Dios<\/title>\n<meta name=\"robots\" content=\"index, follow, max-snippet:-1, max-image-preview:large, max-video-preview:-1\" \/>\n<link rel=\"canonical\" href=\"https:\/\/stereovisiondedios.com\/?p=7805\" \/>\n<meta property=\"og:locale\" content=\"es_ES\" \/>\n<meta property=\"og:type\" content=\"article\" \/>\n<meta property=\"og:title\" content=\"Brasil confirma y afina su Censo 2022: un 27% de la poblaci\u00f3n es evang\u00e9lica\" \/>\n<meta property=\"og:description\" content=\"El Instituto Brasile\u00f1o de Geograf\u00eda y Estad\u00edstica (IBGE) public\u00f3 los microdatos del Censo 2022, revelando por primera vez un mapa algo m\u00e1s detallado de la afiliaci\u00f3n religiosa en Brasil, con 210 millones de habitantes. El pa\u00eds contin\u00faa siendo de mayor\u00eda clara de cristianos en su conjunto (cat\u00f3licos y evang\u00e9licos) superando el 80% de la poblaci\u00f3n, [&hellip;]\" \/>\n<meta property=\"og:url\" content=\"https:\/\/stereovisiondedios.com\/?p=7805\" \/>\n<meta property=\"og:site_name\" content=\"Stereo Visi\u00f3n de Dios\" \/>\n<meta property=\"article:publisher\" content=\"https:\/\/www.facebook.com\/visiondedios106.9fm\" \/>\n<meta property=\"article:published_time\" content=\"2026-09-04T06:05:35+00:00\" \/>\n<meta name=\"author\" content=\"NexoRadio\" \/>\n<meta name=\"twitter:card\" content=\"summary_large_image\" \/>\n<meta name=\"twitter:label1\" content=\"Escrito por\" \/>\n\t<meta name=\"twitter:data1\" content=\"NexoRadio\" \/>\n\t<meta name=\"twitter:label2\" content=\"Tiempo de lectura\" \/>\n\t<meta name=\"twitter:data2\" content=\"3 minutos\" \/>\n<script type=\"application\/ld+json\" class=\"yoast-schema-graph\">{\"@context\":\"https:\\\/\\\/schema.org\",\"@graph\":[{\"@type\":\"Article\",\"@id\":\"https:\\\/\\\/stereovisiondedios.com\\\/?p=7805#article\",\"isPartOf\":{\"@id\":\"https:\\\/\\\/stereovisiondedios.com\\\/?p=7805\"},\"author\":{\"name\":\"NexoRadio\",\"@id\":\"https:\\\/\\\/stereovisiondedios.com\\\/#\\\/schema\\\/person\\\/32b4d07d90fc8962809b81993562e343\"},\"headline\":\"Brasil confirma y afina su Censo 2022: un 27% de la poblaci\u00f3n es evang\u00e9lica\",\"datePublished\":\"2026-09-04T06:05:35+00:00\",\"mainEntityOfPage\":{\"@id\":\"https:\\\/\\\/stereovisiondedios.com\\\/?p=7805\"},\"wordCount\":636,\"publisher\":{\"@id\":\"https:\\\/\\\/stereovisiondedios.com\\\/#organization\"},\"articleSection\":[\"NexoPost\"],\"inLanguage\":\"es\"},{\"@type\":\"WebPage\",\"@id\":\"https:\\\/\\\/stereovisiondedios.com\\\/?p=7805\",\"url\":\"https:\\\/\\\/stereovisiondedios.com\\\/?p=7805\",\"name\":\"Brasil confirma y afina su Censo 2022: un 27% de la poblaci\u00f3n es evang\u00e9lica - Stereo Visi\u00f3n de Dios\",\"isPartOf\":{\"@id\":\"https:\\\/\\\/stereovisiondedios.com\\\/#website\"},\"datePublished\":\"2026-09-04T06:05:35+00:00\",\"breadcrumb\":{\"@id\":\"https:\\\/\\\/stereovisiondedios.com\\\/?p=7805#breadcrumb\"},\"inLanguage\":\"es\",\"potentialAction\":[{\"@type\":\"ReadAction\",\"target\":[\"https:\\\/\\\/stereovisiondedios.com\\\/?p=7805\"]}]},{\"@type\":\"BreadcrumbList\",\"@id\":\"https:\\\/\\\/stereovisiondedios.com\\\/?p=7805#breadcrumb\",\"itemListElement\":[{\"@type\":\"ListItem\",\"position\":1,\"name\":\"Home\",\"item\":\"https:\\\/\\\/stereovisiondedios.com\\\/\"},{\"@type\":\"ListItem\",\"position\":2,\"name\":\"Brasil confirma y afina su Censo 2022: un 27% de la poblaci\u00f3n es evang\u00e9lica\"}]},{\"@type\":\"WebSite\",\"@id\":\"https:\\\/\\\/stereovisiondedios.com\\\/#website\",\"url\":\"https:\\\/\\\/stereovisiondedios.com\\\/\",\"name\":\"Stereo Visi\u00f3n de Dios\",\"description\":\"Conectate...\",\"publisher\":{\"@id\":\"https:\\\/\\\/stereovisiondedios.com\\\/#organization\"},\"potentialAction\":[{\"@type\":\"SearchAction\",\"target\":{\"@type\":\"EntryPoint\",\"urlTemplate\":\"https:\\\/\\\/stereovisiondedios.com\\\/?s={search_term_string}\"},\"query-input\":{\"@type\":\"PropertyValueSpecification\",\"valueRequired\":true,\"valueName\":\"search_term_string\"}}],\"inLanguage\":\"es\"},{\"@type\":\"Organization\",\"@id\":\"https:\\\/\\\/stereovisiondedios.com\\\/#organization\",\"name\":\"Radio Stereo Visi\u00f3n de Dios\",\"url\":\"https:\\\/\\\/stereovisiondedios.com\\\/\",\"logo\":{\"@type\":\"ImageObject\",\"inLanguage\":\"es\",\"@id\":\"https:\\\/\\\/stereovisiondedios.com\\\/#\\\/schema\\\/logo\\\/image\\\/\",\"url\":\"https:\\\/\\\/stereovisiondedios.com\\\/wp-content\\\/uploads\\\/2024\\\/10\\\/www.fmhorizontesalta.com_.ar-5-1.png\",\"contentUrl\":\"https:\\\/\\\/stereovisiondedios.com\\\/wp-content\\\/uploads\\\/2024\\\/10\\\/www.fmhorizontesalta.com_.ar-5-1.png\",\"width\":555,\"height\":114,\"caption\":\"Radio Stereo Visi\u00f3n de Dios\"},\"image\":{\"@id\":\"https:\\\/\\\/stereovisiondedios.com\\\/#\\\/schema\\\/logo\\\/image\\\/\"},\"sameAs\":[\"https:\\\/\\\/www.facebook.com\\\/visiondedios106.9fm\",\"https:\\\/\\\/www.tiktok.com\\\/@vision_de_dios_106_9_fm\",\"https:\\\/\\\/www.youtube.com\\\/@radiovisiondediosstereo106.9\"]},{\"@type\":\"Person\",\"@id\":\"https:\\\/\\\/stereovisiondedios.com\\\/#\\\/schema\\\/person\\\/32b4d07d90fc8962809b81993562e343\",\"name\":\"NexoRadio\",\"image\":{\"@type\":\"ImageObject\",\"inLanguage\":\"es\",\"@id\":\"https:\\\/\\\/secure.gravatar.com\\\/avatar\\\/5c8c3ec5af674c12295d543b84fe993caada4dedbc52804dace89aa6e7f89070?s=96&d=mm&r=g\",\"url\":\"https:\\\/\\\/secure.gravatar.com\\\/avatar\\\/5c8c3ec5af674c12295d543b84fe993caada4dedbc52804dace89aa6e7f89070?s=96&d=mm&r=g\",\"contentUrl\":\"https:\\\/\\\/secure.gravatar.com\\\/avatar\\\/5c8c3ec5af674c12295d543b84fe993caada4dedbc52804dace89aa6e7f89070?s=96&d=mm&r=g\",\"caption\":\"NexoRadio\"},\"url\":\"https:\\\/\\\/stereovisiondedios.com\\\/?author=2\"}]}<\/script>\n<!-- \/ Yoast SEO Premium plugin. -->","yoast_head_json":{"title":"Brasil confirma y afina su Censo 2022: un 27% de la poblaci\u00f3n es evang\u00e9lica - Stereo Visi\u00f3n de Dios","robots":{"index":"index","follow":"follow","max-snippet":"max-snippet:-1","max-image-preview":"max-image-preview:large","max-video-preview":"max-video-preview:-1"},"canonical":"https:\/\/stereovisiondedios.com\/?p=7805","og_locale":"es_ES","og_type":"article","og_title":"Brasil confirma y afina su Censo 2022: un 27% de la poblaci\u00f3n es evang\u00e9lica","og_description":"El Instituto Brasile\u00f1o de Geograf\u00eda y Estad\u00edstica (IBGE) public\u00f3 los microdatos del Censo 2022, revelando por primera vez un mapa algo m\u00e1s detallado de la afiliaci\u00f3n religiosa en Brasil, con 210 millones de habitantes. El pa\u00eds contin\u00faa siendo de mayor\u00eda clara de cristianos en su conjunto (cat\u00f3licos y evang\u00e9licos) superando el 80% de la poblaci\u00f3n, [&hellip;]","og_url":"https:\/\/stereovisiondedios.com\/?p=7805","og_site_name":"Stereo Visi\u00f3n de Dios","article_publisher":"https:\/\/www.facebook.com\/visiondedios106.9fm","article_published_time":"2026-09-04T06:05:35+00:00","author":"NexoRadio","twitter_card":"summary_large_image","twitter_misc":{"Escrito por":"NexoRadio","Tiempo de lectura":"3 minutos"},"schema":{"@context":"https:\/\/schema.org","@graph":[{"@type":"Article","@id":"https:\/\/stereovisiondedios.com\/?p=7805#article","isPartOf":{"@id":"https:\/\/stereovisiondedios.com\/?p=7805"},"author":{"name":"NexoRadio","@id":"https:\/\/stereovisiondedios.com\/#\/schema\/person\/32b4d07d90fc8962809b81993562e343"},"headline":"Brasil confirma y afina su Censo 2022: un 27% de la poblaci\u00f3n es evang\u00e9lica","datePublished":"2026-09-04T06:05:35+00:00","mainEntityOfPage":{"@id":"https:\/\/stereovisiondedios.com\/?p=7805"},"wordCount":636,"publisher":{"@id":"https:\/\/stereovisiondedios.com\/#organization"},"articleSection":["NexoPost"],"inLanguage":"es"},{"@type":"WebPage","@id":"https:\/\/stereovisiondedios.com\/?p=7805","url":"https:\/\/stereovisiondedios.com\/?p=7805","name":"Brasil confirma y afina su Censo 2022: un 27% de la poblaci\u00f3n es evang\u00e9lica - Stereo Visi\u00f3n de Dios","isPartOf":{"@id":"https:\/\/stereovisiondedios.com\/#website"},"datePublished":"2026-09-04T06:05:35+00:00","breadcrumb":{"@id":"https:\/\/stereovisiondedios.com\/?p=7805#breadcrumb"},"inLanguage":"es","potentialAction":[{"@type":"ReadAction","target":["https:\/\/stereovisiondedios.com\/?p=7805"]}]},{"@type":"BreadcrumbList","@id":"https:\/\/stereovisiondedios.com\/?p=7805#breadcrumb","itemListElement":[{"@type":"ListItem","position":1,"name":"Home","item":"https:\/\/stereovisiondedios.com\/"},{"@type":"ListItem","position":2,"name":"Brasil confirma y afina su Censo 2022: un 27% de la poblaci\u00f3n es evang\u00e9lica"}]},{"@type":"WebSite","@id":"https:\/\/stereovisiondedios.com\/#website","url":"https:\/\/stereovisiondedios.com\/","name":"Stereo Visi\u00f3n de Dios","description":"Conectate...","publisher":{"@id":"https:\/\/stereovisiondedios.com\/#organization"},"potentialAction":[{"@type":"SearchAction","target":{"@type":"EntryPoint","urlTemplate":"https:\/\/stereovisiondedios.com\/?s={search_term_string}"},"query-input":{"@type":"PropertyValueSpecification","valueRequired":true,"valueName":"search_term_string"}}],"inLanguage":"es"},{"@type":"Organization","@id":"https:\/\/stereovisiondedios.com\/#organization","name":"Radio Stereo Visi\u00f3n de Dios","url":"https:\/\/stereovisiondedios.com\/","logo":{"@type":"ImageObject","inLanguage":"es","@id":"https:\/\/stereovisiondedios.com\/#\/schema\/logo\/image\/","url":"https:\/\/stereovisiondedios.com\/wp-content\/uploads\/2024\/10\/www.fmhorizontesalta.com_.ar-5-1.png","contentUrl":"https:\/\/stereovisiondedios.com\/wp-content\/uploads\/2024\/10\/www.fmhorizontesalta.com_.ar-5-1.png","width":555,"height":114,"caption":"Radio Stereo Visi\u00f3n de Dios"},"image":{"@id":"https:\/\/stereovisiondedios.com\/#\/schema\/logo\/image\/"},"sameAs":["https:\/\/www.facebook.com\/visiondedios106.9fm","https:\/\/www.tiktok.com\/@vision_de_dios_106_9_fm","https:\/\/www.youtube.com\/@radiovisiondediosstereo106.9"]},{"@type":"Person","@id":"https:\/\/stereovisiondedios.com\/#\/schema\/person\/32b4d07d90fc8962809b81993562e343","name":"NexoRadio","image":{"@type":"ImageObject","inLanguage":"es","@id":"https:\/\/secure.gravatar.com\/avatar\/5c8c3ec5af674c12295d543b84fe993caada4dedbc52804dace89aa6e7f89070?s=96&d=mm&r=g","url":"https:\/\/secure.gravatar.com\/avatar\/5c8c3ec5af674c12295d543b84fe993caada4dedbc52804dace89aa6e7f89070?s=96&d=mm&r=g","contentUrl":"https:\/\/secure.gravatar.com\/avatar\/5c8c3ec5af674c12295d543b84fe993caada4dedbc52804dace89aa6e7f89070?s=96&d=mm&r=g","caption":"NexoRadio"},"url":"https:\/\/stereovisiondedios.com\/?author=2"}]}},"_links":{"self":[{"href":"https:\/\/stereovisiondedios.com\/index.php?rest_route=\/wp\/v2\/posts\/7805","targetHints":{"allow":["GET"]}}],"collection":[{"href":"https:\/\/stereovisiondedios.com\/index.php?rest_route=\/wp\/v2\/posts"}],"about":[{"href":"https:\/\/stereovisiondedios.com\/index.php?rest_route=\/wp\/v2\/types\/post"}],"author":[{"embeddable":true,"href":"https:\/\/stereovisiondedios.com\/index.php?rest_route=\/wp\/v2\/users\/2"}],"replies":[{"embeddable":true,"href":"https:\/\/stereovisiondedios.com\/index.php?rest_route=%2Fwp%2Fv2%2Fcomments&post=7805"}],"version-history":[{"count":0,"href":"https:\/\/stereovisiondedios.com\/index.php?rest_route=\/wp\/v2\/posts\/7805\/revisions"}],"wp:attachment":[{"href":"https:\/\/stereovisiondedios.com\/index.php?rest_route=%2Fwp%2Fv2%2Fmedia&parent=7805"}],"wp:term":[{"taxonomy":"category","embeddable":true,"href":"https:\/\/stereovisiondedios.com\/index.php?rest_route=%2Fwp%2Fv2%2Fcategories&post=7805"},{"taxonomy":"post_tag","embeddable":true,"href":"https:\/\/stereovisiondedios.com\/index.php?rest_route=%2Fwp%2Fv2%2Ftags&post=7805"}],"curies":[{"name":"wp","href":"https:\/\/api.w.org\/{rel}","templated":true}]}}