{"id":7806,"date":"2026-09-04T13:06:13","date_gmt":"2026-09-04T19:06:13","guid":{"rendered":"https:\/\/stereovisiondedios.com\/?p=7806"},"modified":"2026-09-04T13:06:13","modified_gmt":"2026-09-04T19:06:13","slug":"colombia-viviane-morales-renuncia-como-ministra-de-educacion-por-motivos-personales","status":"publish","type":"post","link":"https:\/\/stereovisiondedios.com\/?p=7806","title":{"rendered":"Colombia | Viviane Morales renuncia como ministra de Educaci\u00f3n por \u2018motivos personales\u2019"},"content":{"rendered":"<p><br \/>\n<\/p>\n<div>\n<p>El presidente Abelardo de la Espriella oficializ\u00f3 el <strong>nombramiento de<\/strong> <strong>Ilva Myriam Hoyos Casta\u00f1eda<\/strong> <strong>como nueva ministra de Educaci\u00f3n Nacional, tras la renuncia de la evang\u00e9lica<\/strong> <a href=\"https:\/\/www.evangelicodigital.com\/latinoamerica\/42274\/la-evangelica-viviane-morales-nueva-ministra-de-educacion-de-colombia\" target=\"_blank\"><strong>Viviane Morales<\/strong>,<\/a> quien dej\u00f3 el cargo por una situaci\u00f3n personal\u00a0seg\u00fan inform\u00f3 el mandatario. En\u00a0concreto, <strong>en su carta de renuncia expresa \u00abuna situaci\u00f3n familiar inesperada que reclama mi presencia y toda mi atenci\u00f3n de forma inmediata\u00bb.<\/strong><\/p>\n<p>Morales, exfiscal y exembajadora, hab\u00eda llegado al gabinete como parte del equipo inicial del presidente.\u00a0Sobre su\u00a0salida\u00a0De la Espriella dijo tener una relaci\u00f3n de amistad, y\u00a0le agradeci\u00f3 su labor dese\u00e1ndole\u00a0una pronta resoluci\u00f3n del asunto personal que la lleva a dejar la cartera.<\/p>\n<blockquote class=\"twitter-tweet\"><p>&#13;<\/p>\n<p dir=\"ltr\" lang=\"es\">Colombianos:<\/p>\n<p>Hoy estoy designando a la doctora Ilva Myriam Hoyos como Ministra de Educaci\u00f3n Nacional. Su talante, fortaleza, honradez y firme defensa de los valores la preceden. Estoy seguro de que ser\u00e1 una gran ministra y de que servir\u00e1 a Colombia con entrega, car\u00e1cter y\u2026 <a href=\"https:\/\/t.co\/5nbFVIh1PE\">pic.twitter.com\/5nbFVIh1PE<\/a><\/p>\n<p>&#13;<br \/>\n\u2014 Abelardo De La Espriella (@ABDELAESPRIELLA) <a href=\"https:\/\/x.com\/ABDELAESPRIELLA\/status\/2095300237489271012?ref_src=twsrc%5Etfw\">September 2, 2026<\/a><\/p><\/blockquote>\n<p>\u00a0<\/p>\n<p>Por otro lado el presidente destac\u00f3 el <em>car\u00e1cter<\/em> y la <em>trayectoria<\/em> de Hoyos, asegurando que ejercer\u00e1 el cargo \u201ccon entrega, car\u00e1cter y convicci\u00f3n\u201d .<\/p>\n<p><strong>La llegada de Hoyos no cambia la l\u00ednea que impulsaba Morales, ya que figura con posiciones firmes en temas de familia, bio\u00e9tica y educaci\u00f3n; <\/strong>por lo que promete reactivar discusiones sobre el rumbo del sistema educativo y el equilibrio entre enfoques t\u00e9cnicos, ideol\u00f3gicos y de gesti\u00f3n. Su capacidad para articular pol\u00edticas en un sector hist\u00f3ricamente fragmentado ser\u00e1 determinante para el \u00e9xito de su gesti\u00f3n.<\/p>\n<p>Con este nombramiento, el Gobierno completa la conformaci\u00f3n de sus 18 ministerios desde la posesi\u00f3n del 7 de agosto.<\/p>\n<div style=\"font-size:16px;color:#83979d;\" class=\"text-right photo-info-content\"><span class=\"photo-info\"><strong><span>&gt;&gt;&gt;&gt;&gt; <\/span><\/strong><em>Sigue el <a href=\"https:\/\/whatsapp.com\/channel\/0029VbBbpCrGpLHHil73qg0r\" target=\"_blank\"><strong>Canal de Evang\u00e9lico Digital en WhatsApp<\/strong><\/a>, actualizado al minuto con los art\u00edculos y noticias publicados<\/em><\/span> <\/div>\n<p><strong>Hoyos es abogada de la Universidad del Rosario y doctora en Derecho por la Universidad de Navarra<\/strong>. Su trayectoria combina docencia, investigaci\u00f3n y direcci\u00f3n acad\u00e9mica: fue decana de la Facultad de Derecho y directora del Instituto de Humanidades de la Universidad de La Sabana, donde lider\u00f3 el grupo de investigaci\u00f3n en razonamiento constitucional.<\/p>\n<p><strong>Su cercan\u00eda a posturas conservadoras y a la Iglesia cat\u00f3lica es un rasgo distintivo<\/strong>: ha sido asesora del Pontificio Consejo para la Familia, del Celam y de la Conferencia Episcopal, adem\u00e1s de auditora en el S\u00ednodo de la Familia en el Vaticano . M\u00e1s recientemente presidi\u00f3 la Comisi\u00f3n Nacional de la Cultura del Cuidado.<\/p>\n<p>En el sector p\u00fablico, su papel como procuradora delegada para la Defensa de los Derechos de la Infancia la llev\u00f3 a protagonizar debates de alto perfil, incluido un enfrentamiento con la entonces ministra Gina Parody por la crisis del Programa de Alimentaci\u00f3n Escolar (PAE) . Tambi\u00e9n ha sido conjuez del Consejo de Estado.<\/p>\n<p>\u00a0<\/p>\n<p>De acuerdo con la Comunidad de Observatorios y Centros de Pensamiento en Educaci\u00f3n, <strong>Hoyos recibe una cartera con desaf\u00edos estructurales que requieren decisiones r\u00e1pidas y sostenidas:<\/strong><\/p>\n<ul>&#13;<\/p>\n<li><strong>Brechas en la trayectoria educativa:<\/strong> uno de cada dos ni\u00f1os no inicia educaci\u00f3n inicial, y muchos no culminan el colegio.<\/li>\n<p>&#13;<\/p>\n<li><strong>Calidad de aprendizaje:<\/strong> dos de cada tres ni\u00f1os de 10 a\u00f1os presentan dificultades cr\u00edticas de lectura.<\/li>\n<p>&#13;<\/p>\n<li><strong>Resultados en Pruebas Pisa:<\/strong> cerca de la mitad de los estudiantes de 15 a\u00f1os no alcanza el nivel m\u00ednimo de desempe\u00f1o.<\/li>\n<p>&#13;<\/p>\n<li><strong>Brechas urbano-rurales:<\/strong> los estudiantes rurales acumulan hasta dos a\u00f1os de rezago frente a los urbanos.<\/li>\n<p>&#13;<\/p>\n<li><strong>Formaci\u00f3n docente:<\/strong> urge un sistema robusto de desarrollo profesional que impacte la calidad del aprendizaje.<\/li>\n<p>&#13;<\/p>\n<li><strong>Sistema mixto:<\/strong> fortalecer la educaci\u00f3n p\u00fablica sin afectar a las instituciones privadas, como ocurri\u00f3 con la reducci\u00f3n de recursos al Icetex.<\/li>\n<p>&#13;<\/p>\n<li><strong>Uso de evaluaciones:<\/strong> convertirlas en herramientas reales para mejorar aprendizajes, m\u00e1s all\u00e1 de la medici\u00f3n.<\/li>\n<p>&#13;\n<\/ul>\n<\/p><\/div>\n<p>\n          Publicado en: <span class=\"text-turquoise\"> <a href=\"https:\/\/www.evangelicodigital.com\">EVANG\u00c9LICO DIGITAL<\/a> &#8211; <a href=\"https:\/\/www.evangelicodigital.com\/latinoamerica\">LATINOAM\u00c9RICA<\/a><\/span><br \/>\n          &#8211; Colombia | Viviane Morales renuncia como ministra de Educaci\u00f3n por \u2018motivos personales\u2019\n        <\/p>\n<p><script async src=\"\/\/platform.twitter.com\/widgets.js\" charset=\"utf-8\"><\/script><br \/>\n<br \/><br \/>\n<br \/><a href=\"https:\/\/www.evangelicodigital.com\/latinoamerica\/43095\/colombia-viviane-morales-renuncia-como-ministra-de-educacion-por-motivos-personales\">Source link <\/a><\/p>\n","protected":false},"excerpt":{"rendered":"<p>El presidente Abelardo de la Espriella oficializ\u00f3 el nombramiento de Ilva Myriam Hoyos Casta\u00f1eda como nueva ministra de Educaci\u00f3n Nacional, tras la renuncia de la evang\u00e9lica Viviane Morales, quien dej\u00f3 el cargo por una situaci\u00f3n personal\u00a0seg\u00fan inform\u00f3 el mandatario. En\u00a0concreto, en su carta de renuncia expresa \u00abuna situaci\u00f3n familiar inesperada que reclama mi presencia y [&hellip;]<\/p>\n","protected":false},"author":2,"featured_media":0,"comment_status":"","ping_status":"open","sticky":false,"template":"","format":"standard","meta":{"fifu_image_url":"","fifu_image_alt":"","footnotes":""},"categories":[1],"tags":[],"class_list":["post-7806","post","type-post","status-publish","format-standard","hentry","category-nexopost"],"yoast_head":"<!-- This site is optimized with the Yoast SEO Premium plugin v25.7.1 (Yoast SEO v27.7) - https:\/\/yoast.com\/product\/yoast-seo-premium-wordpress\/ -->\n<title>Colombia | Viviane Morales renuncia como ministra de Educaci\u00f3n por \u2018motivos personales\u2019 - Stereo Visi\u00f3n de Dios<\/title>\n<meta name=\"robots\" content=\"index, follow, max-snippet:-1, max-image-preview:large, max-video-preview:-1\" \/>\n<link rel=\"canonical\" href=\"https:\/\/stereovisiondedios.com\/?p=7806\" \/>\n<meta property=\"og:locale\" content=\"es_ES\" \/>\n<meta property=\"og:type\" content=\"article\" \/>\n<meta property=\"og:title\" content=\"Colombia | Viviane Morales renuncia como ministra de Educaci\u00f3n por \u2018motivos personales\u2019\" \/>\n<meta property=\"og:description\" content=\"El presidente Abelardo de la Espriella oficializ\u00f3 el nombramiento de Ilva Myriam Hoyos Casta\u00f1eda como nueva ministra de Educaci\u00f3n Nacional, tras la renuncia de la evang\u00e9lica Viviane Morales, quien dej\u00f3 el cargo por una situaci\u00f3n personal\u00a0seg\u00fan inform\u00f3 el mandatario. En\u00a0concreto, en su carta de renuncia expresa \u00abuna situaci\u00f3n familiar inesperada que reclama mi presencia y [&hellip;]\" \/>\n<meta property=\"og:url\" content=\"https:\/\/stereovisiondedios.com\/?p=7806\" \/>\n<meta property=\"og:site_name\" content=\"Stereo Visi\u00f3n de Dios\" \/>\n<meta property=\"article:publisher\" content=\"https:\/\/www.facebook.com\/visiondedios106.9fm\" \/>\n<meta property=\"article:published_time\" content=\"2026-09-04T19:06:13+00:00\" \/>\n<meta name=\"author\" content=\"NexoRadio\" \/>\n<meta name=\"twitter:card\" content=\"summary_large_image\" \/>\n<meta name=\"twitter:label1\" content=\"Escrito por\" \/>\n\t<meta name=\"twitter:data1\" content=\"NexoRadio\" \/>\n\t<meta name=\"twitter:label2\" content=\"Tiempo de lectura\" \/>\n\t<meta name=\"twitter:data2\" content=\"3 minutos\" \/>\n<script type=\"application\/ld+json\" class=\"yoast-schema-graph\">{\"@context\":\"https:\\\/\\\/schema.org\",\"@graph\":[{\"@type\":\"Article\",\"@id\":\"https:\\\/\\\/stereovisiondedios.com\\\/?p=7806#article\",\"isPartOf\":{\"@id\":\"https:\\\/\\\/stereovisiondedios.com\\\/?p=7806\"},\"author\":{\"name\":\"NexoRadio\",\"@id\":\"https:\\\/\\\/stereovisiondedios.com\\\/#\\\/schema\\\/person\\\/32b4d07d90fc8962809b81993562e343\"},\"headline\":\"Colombia | Viviane Morales renuncia como ministra de Educaci\u00f3n por \u2018motivos personales\u2019\",\"datePublished\":\"2026-09-04T19:06:13+00:00\",\"mainEntityOfPage\":{\"@id\":\"https:\\\/\\\/stereovisiondedios.com\\\/?p=7806\"},\"wordCount\":693,\"publisher\":{\"@id\":\"https:\\\/\\\/stereovisiondedios.com\\\/#organization\"},\"articleSection\":[\"NexoPost\"],\"inLanguage\":\"es\"},{\"@type\":\"WebPage\",\"@id\":\"https:\\\/\\\/stereovisiondedios.com\\\/?p=7806\",\"url\":\"https:\\\/\\\/stereovisiondedios.com\\\/?p=7806\",\"name\":\"Colombia | Viviane Morales renuncia como ministra de Educaci\u00f3n por \u2018motivos personales\u2019 - Stereo Visi\u00f3n de Dios\",\"isPartOf\":{\"@id\":\"https:\\\/\\\/stereovisiondedios.com\\\/#website\"},\"datePublished\":\"2026-09-04T19:06:13+00:00\",\"breadcrumb\":{\"@id\":\"https:\\\/\\\/stereovisiondedios.com\\\/?p=7806#breadcrumb\"},\"inLanguage\":\"es\",\"potentialAction\":[{\"@type\":\"ReadAction\",\"target\":[\"https:\\\/\\\/stereovisiondedios.com\\\/?p=7806\"]}]},{\"@type\":\"BreadcrumbList\",\"@id\":\"https:\\\/\\\/stereovisiondedios.com\\\/?p=7806#breadcrumb\",\"itemListElement\":[{\"@type\":\"ListItem\",\"position\":1,\"name\":\"Home\",\"item\":\"https:\\\/\\\/stereovisiondedios.com\\\/\"},{\"@type\":\"ListItem\",\"position\":2,\"name\":\"Colombia | Viviane Morales renuncia como ministra de Educaci\u00f3n por \u2018motivos personales\u2019\"}]},{\"@type\":\"WebSite\",\"@id\":\"https:\\\/\\\/stereovisiondedios.com\\\/#website\",\"url\":\"https:\\\/\\\/stereovisiondedios.com\\\/\",\"name\":\"Stereo Visi\u00f3n de Dios\",\"description\":\"Conectate...\",\"publisher\":{\"@id\":\"https:\\\/\\\/stereovisiondedios.com\\\/#organization\"},\"potentialAction\":[{\"@type\":\"SearchAction\",\"target\":{\"@type\":\"EntryPoint\",\"urlTemplate\":\"https:\\\/\\\/stereovisiondedios.com\\\/?s={search_term_string}\"},\"query-input\":{\"@type\":\"PropertyValueSpecification\",\"valueRequired\":true,\"valueName\":\"search_term_string\"}}],\"inLanguage\":\"es\"},{\"@type\":\"Organization\",\"@id\":\"https:\\\/\\\/stereovisiondedios.com\\\/#organization\",\"name\":\"Radio Stereo Visi\u00f3n de Dios\",\"url\":\"https:\\\/\\\/stereovisiondedios.com\\\/\",\"logo\":{\"@type\":\"ImageObject\",\"inLanguage\":\"es\",\"@id\":\"https:\\\/\\\/stereovisiondedios.com\\\/#\\\/schema\\\/logo\\\/image\\\/\",\"url\":\"https:\\\/\\\/stereovisiondedios.com\\\/wp-content\\\/uploads\\\/2024\\\/10\\\/www.fmhorizontesalta.com_.ar-5-1.png\",\"contentUrl\":\"https:\\\/\\\/stereovisiondedios.com\\\/wp-content\\\/uploads\\\/2024\\\/10\\\/www.fmhorizontesalta.com_.ar-5-1.png\",\"width\":555,\"height\":114,\"caption\":\"Radio Stereo Visi\u00f3n de Dios\"},\"image\":{\"@id\":\"https:\\\/\\\/stereovisiondedios.com\\\/#\\\/schema\\\/logo\\\/image\\\/\"},\"sameAs\":[\"https:\\\/\\\/www.facebook.com\\\/visiondedios106.9fm\",\"https:\\\/\\\/www.tiktok.com\\\/@vision_de_dios_106_9_fm\",\"https:\\\/\\\/www.youtube.com\\\/@radiovisiondediosstereo106.9\"]},{\"@type\":\"Person\",\"@id\":\"https:\\\/\\\/stereovisiondedios.com\\\/#\\\/schema\\\/person\\\/32b4d07d90fc8962809b81993562e343\",\"name\":\"NexoRadio\",\"image\":{\"@type\":\"ImageObject\",\"inLanguage\":\"es\",\"@id\":\"https:\\\/\\\/secure.gravatar.com\\\/avatar\\\/5c8c3ec5af674c12295d543b84fe993caada4dedbc52804dace89aa6e7f89070?s=96&d=mm&r=g\",\"url\":\"https:\\\/\\\/secure.gravatar.com\\\/avatar\\\/5c8c3ec5af674c12295d543b84fe993caada4dedbc52804dace89aa6e7f89070?s=96&d=mm&r=g\",\"contentUrl\":\"https:\\\/\\\/secure.gravatar.com\\\/avatar\\\/5c8c3ec5af674c12295d543b84fe993caada4dedbc52804dace89aa6e7f89070?s=96&d=mm&r=g\",\"caption\":\"NexoRadio\"},\"url\":\"https:\\\/\\\/stereovisiondedios.com\\\/?author=2\"}]}<\/script>\n<!-- \/ Yoast SEO Premium plugin. -->","yoast_head_json":{"title":"Colombia | Viviane Morales renuncia como ministra de Educaci\u00f3n por \u2018motivos personales\u2019 - Stereo Visi\u00f3n de Dios","robots":{"index":"index","follow":"follow","max-snippet":"max-snippet:-1","max-image-preview":"max-image-preview:large","max-video-preview":"max-video-preview:-1"},"canonical":"https:\/\/stereovisiondedios.com\/?p=7806","og_locale":"es_ES","og_type":"article","og_title":"Colombia | Viviane Morales renuncia como ministra de Educaci\u00f3n por \u2018motivos personales\u2019","og_description":"El presidente Abelardo de la Espriella oficializ\u00f3 el nombramiento de Ilva Myriam Hoyos Casta\u00f1eda como nueva ministra de Educaci\u00f3n Nacional, tras la renuncia de la evang\u00e9lica Viviane Morales, quien dej\u00f3 el cargo por una situaci\u00f3n personal\u00a0seg\u00fan inform\u00f3 el mandatario. En\u00a0concreto, en su carta de renuncia expresa \u00abuna situaci\u00f3n familiar inesperada que reclama mi presencia y [&hellip;]","og_url":"https:\/\/stereovisiondedios.com\/?p=7806","og_site_name":"Stereo Visi\u00f3n de Dios","article_publisher":"https:\/\/www.facebook.com\/visiondedios106.9fm","article_published_time":"2026-09-04T19:06:13+00:00","author":"NexoRadio","twitter_card":"summary_large_image","twitter_misc":{"Escrito por":"NexoRadio","Tiempo de lectura":"3 minutos"},"schema":{"@context":"https:\/\/schema.org","@graph":[{"@type":"Article","@id":"https:\/\/stereovisiondedios.com\/?p=7806#article","isPartOf":{"@id":"https:\/\/stereovisiondedios.com\/?p=7806"},"author":{"name":"NexoRadio","@id":"https:\/\/stereovisiondedios.com\/#\/schema\/person\/32b4d07d90fc8962809b81993562e343"},"headline":"Colombia | Viviane Morales renuncia como ministra de Educaci\u00f3n por \u2018motivos personales\u2019","datePublished":"2026-09-04T19:06:13+00:00","mainEntityOfPage":{"@id":"https:\/\/stereovisiondedios.com\/?p=7806"},"wordCount":693,"publisher":{"@id":"https:\/\/stereovisiondedios.com\/#organization"},"articleSection":["NexoPost"],"inLanguage":"es"},{"@type":"WebPage","@id":"https:\/\/stereovisiondedios.com\/?p=7806","url":"https:\/\/stereovisiondedios.com\/?p=7806","name":"Colombia | Viviane Morales renuncia como ministra de Educaci\u00f3n por \u2018motivos personales\u2019 - Stereo Visi\u00f3n de Dios","isPartOf":{"@id":"https:\/\/stereovisiondedios.com\/#website"},"datePublished":"2026-09-04T19:06:13+00:00","breadcrumb":{"@id":"https:\/\/stereovisiondedios.com\/?p=7806#breadcrumb"},"inLanguage":"es","potentialAction":[{"@type":"ReadAction","target":["https:\/\/stereovisiondedios.com\/?p=7806"]}]},{"@type":"BreadcrumbList","@id":"https:\/\/stereovisiondedios.com\/?p=7806#breadcrumb","itemListElement":[{"@type":"ListItem","position":1,"name":"Home","item":"https:\/\/stereovisiondedios.com\/"},{"@type":"ListItem","position":2,"name":"Colombia | Viviane Morales renuncia como ministra de Educaci\u00f3n por \u2018motivos personales\u2019"}]},{"@type":"WebSite","@id":"https:\/\/stereovisiondedios.com\/#website","url":"https:\/\/stereovisiondedios.com\/","name":"Stereo Visi\u00f3n de Dios","description":"Conectate...","publisher":{"@id":"https:\/\/stereovisiondedios.com\/#organization"},"potentialAction":[{"@type":"SearchAction","target":{"@type":"EntryPoint","urlTemplate":"https:\/\/stereovisiondedios.com\/?s={search_term_string}"},"query-input":{"@type":"PropertyValueSpecification","valueRequired":true,"valueName":"search_term_string"}}],"inLanguage":"es"},{"@type":"Organization","@id":"https:\/\/stereovisiondedios.com\/#organization","name":"Radio Stereo Visi\u00f3n de Dios","url":"https:\/\/stereovisiondedios.com\/","logo":{"@type":"ImageObject","inLanguage":"es","@id":"https:\/\/stereovisiondedios.com\/#\/schema\/logo\/image\/","url":"https:\/\/stereovisiondedios.com\/wp-content\/uploads\/2024\/10\/www.fmhorizontesalta.com_.ar-5-1.png","contentUrl":"https:\/\/stereovisiondedios.com\/wp-content\/uploads\/2024\/10\/www.fmhorizontesalta.com_.ar-5-1.png","width":555,"height":114,"caption":"Radio Stereo Visi\u00f3n de Dios"},"image":{"@id":"https:\/\/stereovisiondedios.com\/#\/schema\/logo\/image\/"},"sameAs":["https:\/\/www.facebook.com\/visiondedios106.9fm","https:\/\/www.tiktok.com\/@vision_de_dios_106_9_fm","https:\/\/www.youtube.com\/@radiovisiondediosstereo106.9"]},{"@type":"Person","@id":"https:\/\/stereovisiondedios.com\/#\/schema\/person\/32b4d07d90fc8962809b81993562e343","name":"NexoRadio","image":{"@type":"ImageObject","inLanguage":"es","@id":"https:\/\/secure.gravatar.com\/avatar\/5c8c3ec5af674c12295d543b84fe993caada4dedbc52804dace89aa6e7f89070?s=96&d=mm&r=g","url":"https:\/\/secure.gravatar.com\/avatar\/5c8c3ec5af674c12295d543b84fe993caada4dedbc52804dace89aa6e7f89070?s=96&d=mm&r=g","contentUrl":"https:\/\/secure.gravatar.com\/avatar\/5c8c3ec5af674c12295d543b84fe993caada4dedbc52804dace89aa6e7f89070?s=96&d=mm&r=g","caption":"NexoRadio"},"url":"https:\/\/stereovisiondedios.com\/?author=2"}]}},"_links":{"self":[{"href":"https:\/\/stereovisiondedios.com\/index.php?rest_route=\/wp\/v2\/posts\/7806","targetHints":{"allow":["GET"]}}],"collection":[{"href":"https:\/\/stereovisiondedios.com\/index.php?rest_route=\/wp\/v2\/posts"}],"about":[{"href":"https:\/\/stereovisiondedios.com\/index.php?rest_route=\/wp\/v2\/types\/post"}],"author":[{"embeddable":true,"href":"https:\/\/stereovisiondedios.com\/index.php?rest_route=\/wp\/v2\/users\/2"}],"replies":[{"embeddable":true,"href":"https:\/\/stereovisiondedios.com\/index.php?rest_route=%2Fwp%2Fv2%2Fcomments&post=7806"}],"version-history":[{"count":0,"href":"https:\/\/stereovisiondedios.com\/index.php?rest_route=\/wp\/v2\/posts\/7806\/revisions"}],"wp:attachment":[{"href":"https:\/\/stereovisiondedios.com\/index.php?rest_route=%2Fwp%2Fv2%2Fmedia&parent=7806"}],"wp:term":[{"taxonomy":"category","embeddable":true,"href":"https:\/\/stereovisiondedios.com\/index.php?rest_route=%2Fwp%2Fv2%2Fcategories&post=7806"},{"taxonomy":"post_tag","embeddable":true,"href":"https:\/\/stereovisiondedios.com\/index.php?rest_route=%2Fwp%2Fv2%2Ftags&post=7806"}],"curies":[{"name":"wp","href":"https:\/\/api.w.org\/{rel}","templated":true}]}}