{"id":7809,"date":"2026-09-06T04:13:43","date_gmt":"2026-09-06T10:13:43","guid":{"rendered":"https:\/\/stereovisiondedios.com\/?p=7809"},"modified":"2026-09-06T04:13:43","modified_gmt":"2026-09-06T10:13:43","slug":"vance-denuncia-una-europa-decadente-que-censura-los-valores-cristianos-en-la-conferencia-de-seguridad-de-munich","status":"publish","type":"post","link":"https:\/\/stereovisiondedios.com\/?p=7809","title":{"rendered":"Vance denuncia una Europa decadente que censura los valores cristianos en la Conferencia de Seguridad de M\u00fanich"},"content":{"rendered":"<p><br \/>\n<\/p>\n<div>\n<p><strong>JD Vance, vicepresidente de EE.UU., acus\u00f3 al liderazgo pol\u00edtico europeo en M\u00fanich que falte a los ideales democr\u00e1ticos al restringir contenido que se ha etiquetado como \u00abdesinformaci\u00f3n\u00bb en redes sociales o por silenciar puntos de vista conservadores o cristianos. \u201c<\/strong>Necesitan mandatos democr\u00e1ticos (\u2026) y creo que hay mucho de valor que se puede conseguir con mandatos que se derivan de ser m\u00e1s accesibles a las voces de sus ciudadanos\u201d dijo en su discurso.<\/p>\n<p>Fue durante su intervenci\u00f3n en la <strong>Conferencia de Seguridad de M\u00fanich<\/strong>, donde plante\u00f3 a los principales l\u00edderes de pa\u00edses europeos la necesidad de aceptar \u201cpuntos de vista alternativos\u201d a las corrientes ideol\u00f3gicas predominantes.<\/p>\n<p>El vicepresidente dio este discurso ante una audiencia que esperaba que delineara las prioridades de la Administraci\u00f3n Trump sobre la OTAN o sobre las negociaciones con Rusia para poner fin a la guerra en Ucrania.<\/p>\n<p><strong>Pero Vance se centr\u00f3 en cuestiones de guerra cultural<\/strong>, alej\u00e1ndose de los que son los temas habituales sobre seguridad y defensa. \u201c\u00bfC\u00f3mo siquiera empezar a reflexionar sobre cuestiones presupuestarias si ni siquiera sabemos qu\u00e9 es lo que estamos defendiendo en primer lugar?\u201d dijo Vance.<\/p>\n<p>As\u00ed, <strong>dedic\u00f3 la mayor parte de su intervenci\u00f3n a acusar a los gobiernos europeos de alejarse de sus valores<\/strong> e ignorar las preocupaciones de los votantes sobre la migraci\u00f3n y la libertad de expresi\u00f3n; con <strong>un duro ataque contra las democracias europeas, asegurando que la mayor amenaza que enfrenta el continente no proviene de Rusia y China, sino \u00abdesde dentro\u00bb.<\/strong><\/p>\n<p><strong>Aleg\u00f3 que los \u00abcomisarios\u00bb de la Uni\u00f3n Europea reprimen la libertad de expresi\u00f3n<\/strong>, culp\u00f3 al continente por la migraci\u00f3n masiva y acus\u00f3 a sus l\u00edderes de retirarse de \u00abalgunos de sus valores m\u00e1s fundamentales\u00bb.<\/p>\n<p>\u00abLa amenaza que m\u00e1s me preocupa respecto de Europa no es Rusia, no es China, no es ning\u00fan otro actor externo. <strong>Lo que me preocupa es la amenaza a Europa desde dentro, el retroceso de Europa en algunos de sus valores m\u00e1s fundamentales<\/strong>, valores compartidos con Estados Unidos\u00bb, dijo tambi\u00e9n el vicepresidente estadounidense.<\/p>\n<p>\u00a0<\/p>\n<p><strong>El vicepresidente critic\u00f3 ante la audiencia de M\u00fanich que se est\u00e9 faltando a los ideales democr\u00e1ticos al restringir o caricaturizar contenidos en redes sociales de puntos de vista de conservadores o cristianos, llegando incluso a censurarlos y silenciarlos.<\/strong><\/p>\n<p>Puso varios ejemplos de diferentes pa\u00edses europeos, entre ellos un caso legal en el que un veterano del ej\u00e9rcito brit\u00e1nico que oraba en silencio frente a una cl\u00ednica de abortos, que fue condenado por traspasar una zona de seguridad de 150 metros alrededor del centro; al estar prohibido en esa zona actividades a favor o en contra de los servicios de aborto, incluidas protestas, acoso y vigilias. <a href=\"https:\/\/www.evangelicodigital.com\/mundo\/25504\/mujer-britanica-enfrenta-cargos-por-orar-en-silencio-fuera-de-una-clinica-de-abortos\" target=\"_blank\">Uno de otros\u00a0casos similares<\/a>.<\/p>\n<p>Vance concluy\u00f3 que \u00abla libertad religiosa m\u00e1s b\u00e1sica de los brit\u00e1nicos religiosos\u00bb y en otros pa\u00edses de Europa est\u00e1 amenazada.<\/p>\n<p><iframe allowfullscreen=\"\" frameborder=\"0\" height=\"200\" loading=\"lazy\" scrolling=\"no\" src=\"https:\/\/www.ivoox.com\/player_ej_139960539_6_1.html?c1=c2d321\" width=\"100%\"><\/iframe><\/p>\n<p><strong>Esta idea la aplic\u00f3 tambi\u00e9n a la vida pol\u00edtica<\/strong>, criticando que la mayor\u00eda de los pa\u00edses organizadores del evento hayan \u201cprohibido participar a legisladores que representa a partidos populistas de izquierda y derecha\u201d.<\/p>\n<p>\u00abLa democracia se basa en el principio sagrado de que la voz del pueblo importa\u00bb, dijo Vance. \u00abNo hay lugar para cortafuegos. O se mantiene el principio o no\u00bb.<\/p>\n<p>\u201cCuando l\u00edderes pol\u00edticos representan a grupos electorales importantes, es nuestra responsabilidad dialogar con ellos. Para nosotros, al otro lado del Atl\u00e1ntico, nos parece que hay viejos intereses protegidos que se esconden tras palabras muy usadas en la era sovi\u00e9tica, como desinformaci\u00f3n, ya que simplemente a estos intereses no les gusta la idea de que alguien pueda expresar un punto de vista alternativo o que vote diferente; o todav\u00eda peor, que esos partidos puedan ganar unas elecciones\u201d, asegur\u00f3 Vance.<\/p>\n<p>\u201cSi corren ustedes por miedo a sus propios votantes, no hay nada que Estados Unidos pueda hacer por ustedes y tampoco habr\u00e1 nada que puedan hacer por el pueblo estadounidense que nos eligi\u00f3 a m\u00ed y al presidente Trump.\u201d, aleccion\u00f3 Vance.<\/p>\n<\/p><\/div>\n<p>\n          Publicado en: <span class=\"text-turquoise\"> <a href=\"https:\/\/www.evangelicodigital.com\">EVANG\u00c9LICO DIGITAL<\/a> &#8211; <a href=\"https:\/\/www.evangelicodigital.com\/mundo\">MUNDO<\/a><\/span><br \/>\n          &#8211; Vance denuncia una Europa decadente que censura los valores cristianos en la Conferencia de Seguridad de M\u00fanich\n        <\/p>\n<p><br \/>\n<br \/><a href=\"https:\/\/www.evangelicodigital.com\/mundo\/35126\/vance-denuncia-europa-decadente-que-censura-valores-cristianos-en-conferencia-seguridad-munich\">Source link <\/a><\/p>\n","protected":false},"excerpt":{"rendered":"<p>JD Vance, vicepresidente de EE.UU., acus\u00f3 al liderazgo pol\u00edtico europeo en M\u00fanich que falte a los ideales democr\u00e1ticos al restringir contenido que se ha etiquetado como \u00abdesinformaci\u00f3n\u00bb en redes sociales o por silenciar puntos de vista conservadores o cristianos. \u201cNecesitan mandatos democr\u00e1ticos (\u2026) y creo que hay mucho de valor que se puede conseguir con [&hellip;]<\/p>\n","protected":false},"author":2,"featured_media":0,"comment_status":"","ping_status":"open","sticky":false,"template":"","format":"standard","meta":{"fifu_image_url":"","fifu_image_alt":"","footnotes":""},"categories":[1],"tags":[],"class_list":["post-7809","post","type-post","status-publish","format-standard","hentry","category-nexopost"],"yoast_head":"<!-- This site is optimized with the Yoast SEO Premium plugin v25.7.1 (Yoast SEO v27.7) - https:\/\/yoast.com\/product\/yoast-seo-premium-wordpress\/ -->\n<title>Vance denuncia una Europa decadente que censura los valores cristianos en la Conferencia de Seguridad de M\u00fanich - Stereo Visi\u00f3n de Dios<\/title>\n<meta name=\"robots\" content=\"index, follow, max-snippet:-1, max-image-preview:large, max-video-preview:-1\" \/>\n<link rel=\"canonical\" href=\"https:\/\/stereovisiondedios.com\/?p=7809\" \/>\n<meta property=\"og:locale\" content=\"es_ES\" \/>\n<meta property=\"og:type\" content=\"article\" \/>\n<meta property=\"og:title\" content=\"Vance denuncia una Europa decadente que censura los valores cristianos en la Conferencia de Seguridad de M\u00fanich\" \/>\n<meta property=\"og:description\" content=\"JD Vance, vicepresidente de EE.UU., acus\u00f3 al liderazgo pol\u00edtico europeo en M\u00fanich que falte a los ideales democr\u00e1ticos al restringir contenido que se ha etiquetado como \u00abdesinformaci\u00f3n\u00bb en redes sociales o por silenciar puntos de vista conservadores o cristianos. \u201cNecesitan mandatos democr\u00e1ticos (\u2026) y creo que hay mucho de valor que se puede conseguir con [&hellip;]\" \/>\n<meta property=\"og:url\" content=\"https:\/\/stereovisiondedios.com\/?p=7809\" \/>\n<meta property=\"og:site_name\" content=\"Stereo Visi\u00f3n de Dios\" \/>\n<meta property=\"article:publisher\" content=\"https:\/\/www.facebook.com\/visiondedios106.9fm\" \/>\n<meta property=\"article:published_time\" content=\"2026-09-06T10:13:43+00:00\" \/>\n<meta name=\"author\" content=\"NexoRadio\" \/>\n<meta name=\"twitter:card\" content=\"summary_large_image\" \/>\n<meta name=\"twitter:label1\" content=\"Escrito por\" \/>\n\t<meta name=\"twitter:data1\" content=\"NexoRadio\" \/>\n\t<meta name=\"twitter:label2\" content=\"Tiempo de lectura\" \/>\n\t<meta name=\"twitter:data2\" content=\"4 minutos\" \/>\n<script type=\"application\/ld+json\" class=\"yoast-schema-graph\">{\"@context\":\"https:\\\/\\\/schema.org\",\"@graph\":[{\"@type\":\"Article\",\"@id\":\"https:\\\/\\\/stereovisiondedios.com\\\/?p=7809#article\",\"isPartOf\":{\"@id\":\"https:\\\/\\\/stereovisiondedios.com\\\/?p=7809\"},\"author\":{\"name\":\"NexoRadio\",\"@id\":\"https:\\\/\\\/stereovisiondedios.com\\\/#\\\/schema\\\/person\\\/32b4d07d90fc8962809b81993562e343\"},\"headline\":\"Vance denuncia una Europa decadente que censura los valores cristianos en la Conferencia de Seguridad de M\u00fanich\",\"datePublished\":\"2026-09-06T10:13:43+00:00\",\"mainEntityOfPage\":{\"@id\":\"https:\\\/\\\/stereovisiondedios.com\\\/?p=7809\"},\"wordCount\":736,\"publisher\":{\"@id\":\"https:\\\/\\\/stereovisiondedios.com\\\/#organization\"},\"articleSection\":[\"NexoPost\"],\"inLanguage\":\"es\"},{\"@type\":\"WebPage\",\"@id\":\"https:\\\/\\\/stereovisiondedios.com\\\/?p=7809\",\"url\":\"https:\\\/\\\/stereovisiondedios.com\\\/?p=7809\",\"name\":\"Vance denuncia una Europa decadente que censura los valores cristianos en la Conferencia de Seguridad de M\u00fanich - Stereo Visi\u00f3n de Dios\",\"isPartOf\":{\"@id\":\"https:\\\/\\\/stereovisiondedios.com\\\/#website\"},\"datePublished\":\"2026-09-06T10:13:43+00:00\",\"breadcrumb\":{\"@id\":\"https:\\\/\\\/stereovisiondedios.com\\\/?p=7809#breadcrumb\"},\"inLanguage\":\"es\",\"potentialAction\":[{\"@type\":\"ReadAction\",\"target\":[\"https:\\\/\\\/stereovisiondedios.com\\\/?p=7809\"]}]},{\"@type\":\"BreadcrumbList\",\"@id\":\"https:\\\/\\\/stereovisiondedios.com\\\/?p=7809#breadcrumb\",\"itemListElement\":[{\"@type\":\"ListItem\",\"position\":1,\"name\":\"Home\",\"item\":\"https:\\\/\\\/stereovisiondedios.com\\\/\"},{\"@type\":\"ListItem\",\"position\":2,\"name\":\"Vance denuncia una Europa decadente que censura los valores cristianos en la Conferencia de Seguridad de M\u00fanich\"}]},{\"@type\":\"WebSite\",\"@id\":\"https:\\\/\\\/stereovisiondedios.com\\\/#website\",\"url\":\"https:\\\/\\\/stereovisiondedios.com\\\/\",\"name\":\"Stereo Visi\u00f3n de Dios\",\"description\":\"Conectate...\",\"publisher\":{\"@id\":\"https:\\\/\\\/stereovisiondedios.com\\\/#organization\"},\"potentialAction\":[{\"@type\":\"SearchAction\",\"target\":{\"@type\":\"EntryPoint\",\"urlTemplate\":\"https:\\\/\\\/stereovisiondedios.com\\\/?s={search_term_string}\"},\"query-input\":{\"@type\":\"PropertyValueSpecification\",\"valueRequired\":true,\"valueName\":\"search_term_string\"}}],\"inLanguage\":\"es\"},{\"@type\":\"Organization\",\"@id\":\"https:\\\/\\\/stereovisiondedios.com\\\/#organization\",\"name\":\"Radio Stereo Visi\u00f3n de Dios\",\"url\":\"https:\\\/\\\/stereovisiondedios.com\\\/\",\"logo\":{\"@type\":\"ImageObject\",\"inLanguage\":\"es\",\"@id\":\"https:\\\/\\\/stereovisiondedios.com\\\/#\\\/schema\\\/logo\\\/image\\\/\",\"url\":\"https:\\\/\\\/stereovisiondedios.com\\\/wp-content\\\/uploads\\\/2024\\\/10\\\/www.fmhorizontesalta.com_.ar-5-1.png\",\"contentUrl\":\"https:\\\/\\\/stereovisiondedios.com\\\/wp-content\\\/uploads\\\/2024\\\/10\\\/www.fmhorizontesalta.com_.ar-5-1.png\",\"width\":555,\"height\":114,\"caption\":\"Radio Stereo Visi\u00f3n de Dios\"},\"image\":{\"@id\":\"https:\\\/\\\/stereovisiondedios.com\\\/#\\\/schema\\\/logo\\\/image\\\/\"},\"sameAs\":[\"https:\\\/\\\/www.facebook.com\\\/visiondedios106.9fm\",\"https:\\\/\\\/www.tiktok.com\\\/@vision_de_dios_106_9_fm\",\"https:\\\/\\\/www.youtube.com\\\/@radiovisiondediosstereo106.9\"]},{\"@type\":\"Person\",\"@id\":\"https:\\\/\\\/stereovisiondedios.com\\\/#\\\/schema\\\/person\\\/32b4d07d90fc8962809b81993562e343\",\"name\":\"NexoRadio\",\"image\":{\"@type\":\"ImageObject\",\"inLanguage\":\"es\",\"@id\":\"https:\\\/\\\/secure.gravatar.com\\\/avatar\\\/5c8c3ec5af674c12295d543b84fe993caada4dedbc52804dace89aa6e7f89070?s=96&d=mm&r=g\",\"url\":\"https:\\\/\\\/secure.gravatar.com\\\/avatar\\\/5c8c3ec5af674c12295d543b84fe993caada4dedbc52804dace89aa6e7f89070?s=96&d=mm&r=g\",\"contentUrl\":\"https:\\\/\\\/secure.gravatar.com\\\/avatar\\\/5c8c3ec5af674c12295d543b84fe993caada4dedbc52804dace89aa6e7f89070?s=96&d=mm&r=g\",\"caption\":\"NexoRadio\"},\"url\":\"https:\\\/\\\/stereovisiondedios.com\\\/?author=2\"}]}<\/script>\n<!-- \/ Yoast SEO Premium plugin. -->","yoast_head_json":{"title":"Vance denuncia una Europa decadente que censura los valores cristianos en la Conferencia de Seguridad de M\u00fanich - Stereo Visi\u00f3n de Dios","robots":{"index":"index","follow":"follow","max-snippet":"max-snippet:-1","max-image-preview":"max-image-preview:large","max-video-preview":"max-video-preview:-1"},"canonical":"https:\/\/stereovisiondedios.com\/?p=7809","og_locale":"es_ES","og_type":"article","og_title":"Vance denuncia una Europa decadente que censura los valores cristianos en la Conferencia de Seguridad de M\u00fanich","og_description":"JD Vance, vicepresidente de EE.UU., acus\u00f3 al liderazgo pol\u00edtico europeo en M\u00fanich que falte a los ideales democr\u00e1ticos al restringir contenido que se ha etiquetado como \u00abdesinformaci\u00f3n\u00bb en redes sociales o por silenciar puntos de vista conservadores o cristianos. \u201cNecesitan mandatos democr\u00e1ticos (\u2026) y creo que hay mucho de valor que se puede conseguir con [&hellip;]","og_url":"https:\/\/stereovisiondedios.com\/?p=7809","og_site_name":"Stereo Visi\u00f3n de Dios","article_publisher":"https:\/\/www.facebook.com\/visiondedios106.9fm","article_published_time":"2026-09-06T10:13:43+00:00","author":"NexoRadio","twitter_card":"summary_large_image","twitter_misc":{"Escrito por":"NexoRadio","Tiempo de lectura":"4 minutos"},"schema":{"@context":"https:\/\/schema.org","@graph":[{"@type":"Article","@id":"https:\/\/stereovisiondedios.com\/?p=7809#article","isPartOf":{"@id":"https:\/\/stereovisiondedios.com\/?p=7809"},"author":{"name":"NexoRadio","@id":"https:\/\/stereovisiondedios.com\/#\/schema\/person\/32b4d07d90fc8962809b81993562e343"},"headline":"Vance denuncia una Europa decadente que censura los valores cristianos en la Conferencia de Seguridad de M\u00fanich","datePublished":"2026-09-06T10:13:43+00:00","mainEntityOfPage":{"@id":"https:\/\/stereovisiondedios.com\/?p=7809"},"wordCount":736,"publisher":{"@id":"https:\/\/stereovisiondedios.com\/#organization"},"articleSection":["NexoPost"],"inLanguage":"es"},{"@type":"WebPage","@id":"https:\/\/stereovisiondedios.com\/?p=7809","url":"https:\/\/stereovisiondedios.com\/?p=7809","name":"Vance denuncia una Europa decadente que censura los valores cristianos en la Conferencia de Seguridad de M\u00fanich - Stereo Visi\u00f3n de Dios","isPartOf":{"@id":"https:\/\/stereovisiondedios.com\/#website"},"datePublished":"2026-09-06T10:13:43+00:00","breadcrumb":{"@id":"https:\/\/stereovisiondedios.com\/?p=7809#breadcrumb"},"inLanguage":"es","potentialAction":[{"@type":"ReadAction","target":["https:\/\/stereovisiondedios.com\/?p=7809"]}]},{"@type":"BreadcrumbList","@id":"https:\/\/stereovisiondedios.com\/?p=7809#breadcrumb","itemListElement":[{"@type":"ListItem","position":1,"name":"Home","item":"https:\/\/stereovisiondedios.com\/"},{"@type":"ListItem","position":2,"name":"Vance denuncia una Europa decadente que censura los valores cristianos en la Conferencia de Seguridad de M\u00fanich"}]},{"@type":"WebSite","@id":"https:\/\/stereovisiondedios.com\/#website","url":"https:\/\/stereovisiondedios.com\/","name":"Stereo Visi\u00f3n de Dios","description":"Conectate...","publisher":{"@id":"https:\/\/stereovisiondedios.com\/#organization"},"potentialAction":[{"@type":"SearchAction","target":{"@type":"EntryPoint","urlTemplate":"https:\/\/stereovisiondedios.com\/?s={search_term_string}"},"query-input":{"@type":"PropertyValueSpecification","valueRequired":true,"valueName":"search_term_string"}}],"inLanguage":"es"},{"@type":"Organization","@id":"https:\/\/stereovisiondedios.com\/#organization","name":"Radio Stereo Visi\u00f3n de Dios","url":"https:\/\/stereovisiondedios.com\/","logo":{"@type":"ImageObject","inLanguage":"es","@id":"https:\/\/stereovisiondedios.com\/#\/schema\/logo\/image\/","url":"https:\/\/stereovisiondedios.com\/wp-content\/uploads\/2024\/10\/www.fmhorizontesalta.com_.ar-5-1.png","contentUrl":"https:\/\/stereovisiondedios.com\/wp-content\/uploads\/2024\/10\/www.fmhorizontesalta.com_.ar-5-1.png","width":555,"height":114,"caption":"Radio Stereo Visi\u00f3n de Dios"},"image":{"@id":"https:\/\/stereovisiondedios.com\/#\/schema\/logo\/image\/"},"sameAs":["https:\/\/www.facebook.com\/visiondedios106.9fm","https:\/\/www.tiktok.com\/@vision_de_dios_106_9_fm","https:\/\/www.youtube.com\/@radiovisiondediosstereo106.9"]},{"@type":"Person","@id":"https:\/\/stereovisiondedios.com\/#\/schema\/person\/32b4d07d90fc8962809b81993562e343","name":"NexoRadio","image":{"@type":"ImageObject","inLanguage":"es","@id":"https:\/\/secure.gravatar.com\/avatar\/5c8c3ec5af674c12295d543b84fe993caada4dedbc52804dace89aa6e7f89070?s=96&d=mm&r=g","url":"https:\/\/secure.gravatar.com\/avatar\/5c8c3ec5af674c12295d543b84fe993caada4dedbc52804dace89aa6e7f89070?s=96&d=mm&r=g","contentUrl":"https:\/\/secure.gravatar.com\/avatar\/5c8c3ec5af674c12295d543b84fe993caada4dedbc52804dace89aa6e7f89070?s=96&d=mm&r=g","caption":"NexoRadio"},"url":"https:\/\/stereovisiondedios.com\/?author=2"}]}},"_links":{"self":[{"href":"https:\/\/stereovisiondedios.com\/index.php?rest_route=\/wp\/v2\/posts\/7809","targetHints":{"allow":["GET"]}}],"collection":[{"href":"https:\/\/stereovisiondedios.com\/index.php?rest_route=\/wp\/v2\/posts"}],"about":[{"href":"https:\/\/stereovisiondedios.com\/index.php?rest_route=\/wp\/v2\/types\/post"}],"author":[{"embeddable":true,"href":"https:\/\/stereovisiondedios.com\/index.php?rest_route=\/wp\/v2\/users\/2"}],"replies":[{"embeddable":true,"href":"https:\/\/stereovisiondedios.com\/index.php?rest_route=%2Fwp%2Fv2%2Fcomments&post=7809"}],"version-history":[{"count":0,"href":"https:\/\/stereovisiondedios.com\/index.php?rest_route=\/wp\/v2\/posts\/7809\/revisions"}],"wp:attachment":[{"href":"https:\/\/stereovisiondedios.com\/index.php?rest_route=%2Fwp%2Fv2%2Fmedia&parent=7809"}],"wp:term":[{"taxonomy":"category","embeddable":true,"href":"https:\/\/stereovisiondedios.com\/index.php?rest_route=%2Fwp%2Fv2%2Fcategories&post=7809"},{"taxonomy":"post_tag","embeddable":true,"href":"https:\/\/stereovisiondedios.com\/index.php?rest_route=%2Fwp%2Fv2%2Ftags&post=7809"}],"curies":[{"name":"wp","href":"https:\/\/api.w.org\/{rel}","templated":true}]}}